{"id":43575,"date":"2023-12-30T06:53:02","date_gmt":"2023-12-30T05:53:02","guid":{"rendered":"http:\/\/www.infokuryr.cz\/n\/?p=43575"},"modified":"2023-12-30T06:53:02","modified_gmt":"2023-12-30T05:53:02","slug":"bojove-plany-kyjeva-skoncily-uplnym-fiaskem","status":"publish","type":"post","link":"https:\/\/www.infokuryr.cz\/n\/2023\/12\/30\/bojove-plany-kyjeva-skoncily-uplnym-fiaskem\/","title":{"rendered":"Bojov\u00e9 pl\u00e1ny Kyjeva \u201eskon\u010dily \u00fapln\u00fdm fiaskem\u201c"},"content":{"rendered":"<div id=\"fb-root\"><\/div>\n<p><span style=\"font-size: 18pt;\"><strong>Je nemo\u017en\u00e9 porazit Rusko, \u0159ekl vyslanec p\u0159i OSN v Rad\u011b bezpe\u010dnosti<\/strong><\/span><\/p>\n<p><span>Ambici\u00f3zn\u00ed pl\u00e1n Ukrajiny porazit Rusko skon\u010dil\u00a0<\/span><em><span>\u201enaprost\u00fdm fiaskem\u201c,<\/span><\/em><span>\u00a0\u0159ekl v p\u00e1tek v Rad\u011b bezpe\u010dnosti vyslanec p\u0159i OSN Vasilij Nebenzia.<\/span><\/p>\n<p><span>O nal\u00e9havou sch\u016fzku v s\u00eddle OSN v New Yorku po\u017e\u00e1dal Kyjev pot\u00e9, co Rusko provedlo v sousedn\u00ed zemi rozs\u00e1hl\u00e9 n\u00e1lety a \u00fatoky dron\u016f.\u00a0Nebenzia ve sv\u00e9m projevu ne\u0161et\u0159il slovy a \u0159ekl Kyjevu a jeho p\u0159\u00edznivc\u016fm, \u017ee \u017e\u00e1dn\u00e9 mno\u017estv\u00ed z\u00e1padn\u00ed pomoci nem\u016f\u017ee Ukrajin\u011b pomoci.\u00a0<\/span><\/p>\n<p><em><span>&#8222;Ukrajina nem\u00e1 a nebude m\u00edt zdroje k dosa\u017een\u00ed pr\u016flomu nebo zachov\u00e1n\u00ed sou\u010dasn\u00e9 situace na linii kontaktu [mezi arm\u00e1dami],&#8220;<\/span><\/em><span>\u00a0\u0159ekl Nebenzia.\u00a0<\/span><\/p>\n<p><em><span>&#8222;Vojensk\u00e9 pl\u00e1ny re\u017eimu v Kyjev\u011b skon\u010dily naprost\u00fdm fiaskem &#8211; proto byste m\u011bli v bl\u00edzk\u00e9 budoucnosti p\u0159edv\u00eddat \u0161patn\u00e9 zpr\u00e1vy pro sebe a sv\u00e9 ukrajinsk\u00e9 z\u00e1stupce.&#8220;\u00a0<\/span><\/em><\/p>\n<p><span>Rusk\u00fd vyslanec prohl\u00e1sil, \u017ee dodate\u010dn\u00e1 z\u00e1padn\u00ed pomoc by\u00a0<\/span><em><span>\u201epouze prodlou\u017eila ag\u00f3nii\u201c<\/span><\/em><span>\u00a0ukrajinsk\u00e9 vl\u00e1dy.\u00a0<\/span><em><span>&#8222;Vojensk\u00e9 v\u00edt\u011bzstv\u00ed nad Ruskem je naprosto nedosa\u017eiteln\u00fd c\u00edl,&#8220;<\/span><\/em><span>\u00a0\u00a0\u0159ekl.\u00a0<\/span><\/p>\n<p><a href=\"https:\/\/stranapro.cz\/\"><img decoding=\"async\" loading=\"lazy\" class=\"alignnone  wp-image-40285 aligncenter\" src=\"http:\/\/www.infokuryr.cz\/n\/wp-content\/uploads\/2023\/11\/11pro-300x79.png\" alt=\"\" width=\"608\" height=\"160\" srcset=\"https:\/\/www.infokuryr.cz\/n\/wp-content\/uploads\/2023\/11\/11pro-300x79.png 300w, https:\/\/www.infokuryr.cz\/n\/wp-content\/uploads\/2023\/11\/11pro.png 363w\" sizes=\"(max-width: 608px) 100vw, 608px\" \/><\/a><\/p>\n<p><span>Ukrajina promarnila p\u0159\u00edle\u017eitost uzav\u0159\u00edt m\u00edrovou dohodu s Ruskem b\u011bhem jedn\u00e1n\u00ed v b\u0159eznu a dubnu 2022, \u0159ekl Nebenzia.<\/span><\/p>\n<p><em><span>\u201e\u010cas re\u017eimu v Kyjev\u011b se kr\u00e1t\u00ed.\u00a0Jeho budoucnost je ve skute\u010dnosti v\u00e1\u017en\u011b ohro\u017eena,\u201c<\/span><\/em><span>\u00a0varoval rusk\u00fd diplomat.\u00a0&#8220;\u00a0<\/span><em><span>P\u0159itom m\u00edrumilovn\u00ed Ukrajinci, ukrajinsk\u00fd jazyk a ukrajinsk\u00e1 kultura nejsou ohro\u017eeni, bez ohledu na to, jak moc se Z\u00e1pad sna\u017e\u00ed dok\u00e1zat opak.&#8220;\u00a0\u00a0<\/span><\/em><\/p>\n<p><span>Nebenzia se k tomu vyj\u00e1d\u0159il m\u011bs\u00edce pot\u00e9, co se letn\u00ed protiofenz\u00edv\u011b Ukrajiny, kter\u00e1 se hojn\u011b vychvalovala, nezmohla na \u017e\u00e1dnou v\u00fdznamnou pozici.\u00a0Voj\u00e1ci utrp\u011bli t\u011b\u017ek\u00e9 ztr\u00e1ty a ztratili velkou \u010d\u00e1st sv\u00fdch cenn\u00fdch z\u00e1padem dodan\u00fdch tank\u016f a dal\u0161\u00edho vybaven\u00ed.\u00a0<\/span><\/p>\n<p><span>Valerij Zalu\u017enyj, nejvy\u0161\u0161\u00ed ukrajinsk\u00fd gener\u00e1l, v listopadov\u00e9m rozhovoru pro The Economist popsal situaci na boji\u0161ti jako patovou.\u00a0Prezident Vladimir Zelenskyj v\u0161ak jeho hodnocen\u00ed ve\u0159ejn\u011b zpochybnil.<\/span><\/p>\n<p><span>Ukrajin\u0161t\u00ed p\u0159edstavitel\u00e9 si \u010dasto st\u011b\u017euj\u00ed na schopnost a odhodl\u00e1n\u00ed sv\u00fdch z\u00e1padn\u00edch podporovatel\u016f nad\u00e1le z\u00e1sobovat Kyjev zbran\u011bmi.\u00a0Ministr zahrani\u010d\u00ed Dmitrij Kuleba si posteskl nad\u00a0<\/span><em><span>\u201ehroziv\u00fdm stavem obrann\u00e9ho pr\u016fmyslu\u201c<\/span><\/em><span>\u00a0v EU pot\u00e9, co se bloku nepoda\u0159ilo dos\u00e1hnout ro\u010dn\u00edho c\u00edle dod\u00e1vek munice na Ukrajinu.\u00a0<\/span><\/p>\n<p><img decoding=\"async\" loading=\"lazy\" class=\"alignnone size-full wp-image-1185\" src=\"http:\/\/www.infokuryr.cz\/n\/wp-content\/uploads\/2021\/04\/kuryr-podpis.png\" alt=\"\" width=\"84\" height=\"24\" \/><\/p>\n<p>&nbsp;<\/p>\n<p>&nbsp;<\/p>\n","protected":false},"excerpt":{"rendered":"<p>Je nemo\u017en\u00e9 porazit Rusko, \u0159ekl vyslanec p\u0159i OSN v Rad\u011b bezpe\u010dnosti Ambici\u00f3zn\u00ed pl\u00e1n Ukrajiny porazit&#8230;<\/p>\n","protected":false},"author":2,"featured_media":40095,"comment_status":"closed","ping_status":"closed","sticky":false,"template":"","format":"standard","meta":[],"categories":[7],"tags":[186,1408,22,26],"_links":{"self":[{"href":"https:\/\/www.infokuryr.cz\/n\/wp-json\/wp\/v2\/posts\/43575"}],"collection":[{"href":"https:\/\/www.infokuryr.cz\/n\/wp-json\/wp\/v2\/posts"}],"about":[{"href":"https:\/\/www.infokuryr.cz\/n\/wp-json\/wp\/v2\/types\/post"}],"author":[{"embeddable":true,"href":"https:\/\/www.infokuryr.cz\/n\/wp-json\/wp\/v2\/users\/2"}],"replies":[{"embeddable":true,"href":"https:\/\/www.infokuryr.cz\/n\/wp-json\/wp\/v2\/comments?post=43575"}],"version-history":[{"count":0,"href":"https:\/\/www.infokuryr.cz\/n\/wp-json\/wp\/v2\/posts\/43575\/revisions"}],"wp:featuredmedia":[{"embeddable":true,"href":"https:\/\/www.infokuryr.cz\/n\/wp-json\/wp\/v2\/media\/40095"}],"wp:attachment":[{"href":"https:\/\/www.infokuryr.cz\/n\/wp-json\/wp\/v2\/media?parent=43575"}],"wp:term":[{"taxonomy":"category","embeddable":true,"href":"https:\/\/www.infokuryr.cz\/n\/wp-json\/wp\/v2\/categories?post=43575"},{"taxonomy":"post_tag","embeddable":true,"href":"https:\/\/www.infokuryr.cz\/n\/wp-json\/wp\/v2\/tags?post=43575"}],"curies":[{"name":"wp","href":"https:\/\/api.w.org\/{rel}","templated":true}]}}