{"id":43573,"date":"2023-12-30T06:46:48","date_gmt":"2023-12-30T05:46:48","guid":{"rendered":"http:\/\/www.infokuryr.cz\/n\/?p=43573"},"modified":"2023-12-30T06:46:48","modified_gmt":"2023-12-30T05:46:48","slug":"v-haagu-podana-zaloba-na-izrael-za-genocidu","status":"publish","type":"post","link":"https:\/\/www.infokuryr.cz\/n\/2023\/12\/30\/v-haagu-podana-zaloba-na-izrael-za-genocidu\/","title":{"rendered":"V Haagu pod\u00e1na \u017ealoba na Izrael za \u201egenocidu\u201c"},"content":{"rendered":"<div id=\"fb-root\"><\/div>\n<p><span style=\"font-size: 18pt;\"><strong>Jihoafrick\u00e1 republika po\u017e\u00e1dala Mezin\u00e1rodn\u00ed soudn\u00ed dv\u016fr o z\u00e1sah do konfliktu v Gaze<\/strong><\/span><\/p>\n<p><span>Jihoafrick\u00e1 republika podala odvol\u00e1n\u00ed k Mezin\u00e1rodn\u00edmu soudn\u00edmu dvoru (ICJ) v Haagu, v n\u011bm\u017e tvrd\u00ed, \u017ee izraelsk\u00e9 akce v Gaze p\u0159edstavuj\u00ed\u00a0<\/span><em><span>\u201egenocidu\u201c<\/span><\/em><span>\u00a0a po\u017e\u00e1dala o\u00a0<\/span><em><span>\u201eprozat\u00edmn\u00ed opat\u0159en\u00ed\u201c<\/span><\/em><span>\u00a0k jej\u00edmu zastaven\u00ed, ozn\u00e1mil v p\u00e1tek nejvy\u0161\u0161\u00ed soud OSN.<\/span><\/p>\n<p><span>\u017d\u00e1dost tvrd\u00ed, \u017ee\u00a0<\/span><em><span>\u201e\u010diny a opomenut\u00ed Izraele&#8230; maj\u00ed genocidn\u00ed charakter, proto\u017ee jsou sp\u00e1ch\u00e1ny s po\u017eadovan\u00fdm konkr\u00e9tn\u00edm z\u00e1m\u011brem&#8230; zni\u010dit Palestince v Gaze jako sou\u010d\u00e1st \u0161ir\u0161\u00ed palestinsk\u00e9 n\u00e1rodnostn\u00ed, rasov\u00e9 a etnick\u00e9 skupiny,<\/span><\/em><span>\u00a0\u201c ICJ uvedl v\u00a0<\/span><a href=\"https:\/\/www.icj-cij.org\/sites\/default\/files\/case-related\/192\/192-20231229-pre-01-00-en.pdf\" target=\"_blank\" rel=\"noopener noreferrer\"><span>prohl\u00e1\u0161en\u00ed<\/span><\/a><span>\u00a0.<\/span><\/p>\n<p><span>Chov\u00e1n\u00ed Izraele v\u016f\u010di Palestinc\u016fm v Gaze\u00a0<\/span><em><span>\u201eporu\u0161uje jeho z\u00e1vazky vypl\u00fdvaj\u00edc\u00ed z \u00damluvy o genocid\u011b\u201c,<\/span><\/em><span>\u00a0uvedla vl\u00e1da v Pretorii.\u00a0Obvinili tak\u00e9 Izrael, \u017ee\u00a0<\/span><em><span>\u201enezabr\u00e1nil genocid\u011b\u201c<\/span><\/em><span>\u00a0a\u00a0<\/span><em><span>\u201enedok\u00e1zal st\u00edhat p\u0159\u00edm\u00e9 a ve\u0159ejn\u00e9 podn\u011bcov\u00e1n\u00ed ke genocid\u011b\u201c<\/span><\/em><span>\u00a0od 7. \u0159\u00edjna.<\/span><\/p>\n<p><em><strong><span>Izrael se zapojil, anga\u017euje a riskuje dal\u0161\u00ed zapojen\u00ed do genocidn\u00edch \u010din\u016f proti palestinsk\u00e9mu lidu v Gaze.<\/span><\/strong><\/em><\/p>\n<p><a href=\"https:\/\/stranapro.cz\/\"><img decoding=\"async\" loading=\"lazy\" class=\"alignnone  wp-image-40285 aligncenter\" src=\"http:\/\/www.infokuryr.cz\/n\/wp-content\/uploads\/2023\/11\/11pro-300x79.png\" alt=\"\" width=\"634\" height=\"167\" srcset=\"https:\/\/www.infokuryr.cz\/n\/wp-content\/uploads\/2023\/11\/11pro-300x79.png 300w, https:\/\/www.infokuryr.cz\/n\/wp-content\/uploads\/2023\/11\/11pro.png 363w\" sizes=\"(max-width: 634px) 100vw, 634px\" \/><\/a><\/p>\n<p><span>Ji\u017en\u00ed Afrika tak\u00e9 po\u017e\u00e1dala ICJ, aby\u00a0<\/span><em><span>\u201euvedl prozat\u00edmn\u00ed opat\u0159en\u00ed\u201c<\/span><\/em><span>\u00a0s c\u00edlem\u00a0<\/span><em><span>\u201echr\u00e1nit p\u0159ed dal\u0161\u00edm, v\u00e1\u017en\u00fdm a nenapraviteln\u00fdm po\u0161kozen\u00edm\u201c<\/span><\/em><span>\u00a0Palestinc\u016f podle \u00damluvy o genocid\u011b.\u00a0ICJ tak\u00e9 zve\u0159ejnil 84str\u00e1nkov\u00fd dokument, kter\u00fd\u00a0podrobn\u011b\u00a0<\/span><a href=\"https:\/\/www.icj-cij.org\/sites\/default\/files\/case-related\/192\/192-20231228-app-01-00-en.pdf#page=72\" target=\"_blank\" rel=\"noopener noreferrer\"><span>uv\u00e1d\u00ed tato opat\u0159en\u00ed , z nich\u017e prvn\u00edm je, aby Izrael\u00a0<\/span><\/a><em><span>\u201eokam\u017eit\u011b pozastavil sv\u00e9 vojensk\u00e9 operace v a proti Gaze\u201c.<\/span><\/em><\/p>\n<p><span>Pretoria tak\u00e9 po\u017eaduje, aby Z\u00e1padn\u00ed Jeruzal\u00e9m zastavil v\u0161echny \u00fatoky na Palestince a odvolal v\u0161echny p\u0159\u00edkazy, jejich\u017e c\u00edlem je\u00a0<\/span><em><span>\u201evyho\u0161t\u011bn\u00ed a nucen\u00e9 vys\u00eddlen\u00ed z jejich domov\u016f\u201c<\/span><\/em><span>\u00a0nebo zbaven\u00ed p\u0159\u00edstupu k potravin\u00e1m, vod\u011b, palivu, p\u0159\u00edst\u0159e\u0161ku, l\u00e9ka\u0159sk\u00e9mu materi\u00e1lu a dal\u0161\u00edm humanit\u00e1rn\u00ed pot\u0159eby.\u00a0<\/span><\/p>\n<p><span>Ka\u017ed\u00fd, kdo se zapoj\u00ed do\u00a0<\/span><em><span>\u201ep\u0159\u00edm\u00e9ho a ve\u0159ejn\u00e9ho podn\u011bcov\u00e1n\u00ed\u201c<\/span><\/em><span>\u00a0ke genocid\u011b nebo spiknut\u00ed k jej\u00edmu sp\u00e1ch\u00e1n\u00ed, mus\u00ed b\u00fdt postaven p\u0159ed soud, trv\u00e1 odvol\u00e1n\u00ed.\u00a0Ji\u017en\u00ed Afrika po\u017eadovala, aby Izrael do jednoho t\u00fddne p\u0159edlo\u017eil zpr\u00e1vu o spln\u011bn\u00ed v\u0161ech t\u011bchto po\u017eadavk\u016f.<\/span><\/p>\n<p><span>Podle pravidel ICJ m\u00e1 \u017e\u00e1dost Jihoafrick\u00e9 republiky p\u0159ednost p\u0159ed v\u0161emi ostatn\u00edmi p\u0159\u00edpady z d\u016fvodu \u017e\u00e1dosti o prozat\u00edmn\u00ed opat\u0159en\u00ed.<\/span><\/p>\n<p><span>Jihoafrick\u00e1 republika\u00a0<\/span><a href=\"https:\/\/swentr.site\/africa\/589331-south-africa-icc-war-crime-case-against-israel\/\"><span>se ji\u017e d\u0159\u00edve sna\u017eila<\/span><\/a><span>\u00a0obvinit Izrael z v\u00e1le\u010dn\u00fdch zlo\u010din\u016f u Mezin\u00e1rodn\u00edho trestn\u00edho soudu (ICC).\u00a0Z\u00e1padn\u00ed Jeruzal\u00e9m nen\u00ed signat\u00e1\u0159skou stranou ICC, ale soud \u2013 rovn\u011b\u017e s\u00eddl\u00edc\u00ed v Haagu \u2013 ji\u017e d\u0159\u00edve prohl\u00e1sil, \u017ee m\u00e1 jurisdikci nad Gazou a Z\u00e1padn\u00edm b\u0159ehem Jord\u00e1nu.<\/span><\/p>\n<p><span>Na druhou stranu, jak Ji\u017en\u00ed Afrika, tak Izrael jsou signat\u00e1\u0159i \u00damluvy o prevenci a trest\u00e1n\u00ed zlo\u010dinu genocidy, kter\u00e1 byla poprv\u00e9 p\u0159ijata v roce 1948 v reakci na nacistick\u00e9 masov\u00e9 vra\u017ed\u011bn\u00ed \u017did\u016f b\u011bhem druh\u00e9 sv\u011btov\u00e9 v\u00e1lky.<\/span><\/p>\n<p><img decoding=\"async\" loading=\"lazy\" class=\"alignnone size-full wp-image-1185\" src=\"http:\/\/www.infokuryr.cz\/n\/wp-content\/uploads\/2021\/04\/kuryr-podpis.png\" alt=\"\" width=\"84\" height=\"24\" \/><\/p>\n<p>&nbsp;<\/p>\n<p>&nbsp;<\/p>\n","protected":false},"excerpt":{"rendered":"<p>Jihoafrick\u00e1 republika po\u017e\u00e1dala Mezin\u00e1rodn\u00ed soudn\u00ed dv\u016fr o z\u00e1sah do konfliktu v Gaze Jihoafrick\u00e1 republika podala&#8230;<\/p>\n","protected":false},"author":2,"featured_media":41748,"comment_status":"closed","ping_status":"closed","sticky":false,"template":"","format":"standard","meta":[],"categories":[7],"tags":[348,178,576,107,422],"_links":{"self":[{"href":"https:\/\/www.infokuryr.cz\/n\/wp-json\/wp\/v2\/posts\/43573"}],"collection":[{"href":"https:\/\/www.infokuryr.cz\/n\/wp-json\/wp\/v2\/posts"}],"about":[{"href":"https:\/\/www.infokuryr.cz\/n\/wp-json\/wp\/v2\/types\/post"}],"author":[{"embeddable":true,"href":"https:\/\/www.infokuryr.cz\/n\/wp-json\/wp\/v2\/users\/2"}],"replies":[{"embeddable":true,"href":"https:\/\/www.infokuryr.cz\/n\/wp-json\/wp\/v2\/comments?post=43573"}],"version-history":[{"count":0,"href":"https:\/\/www.infokuryr.cz\/n\/wp-json\/wp\/v2\/posts\/43573\/revisions"}],"wp:featuredmedia":[{"embeddable":true,"href":"https:\/\/www.infokuryr.cz\/n\/wp-json\/wp\/v2\/media\/41748"}],"wp:attachment":[{"href":"https:\/\/www.infokuryr.cz\/n\/wp-json\/wp\/v2\/media?parent=43573"}],"wp:term":[{"taxonomy":"category","embeddable":true,"href":"https:\/\/www.infokuryr.cz\/n\/wp-json\/wp\/v2\/categories?post=43573"},{"taxonomy":"post_tag","embeddable":true,"href":"https:\/\/www.infokuryr.cz\/n\/wp-json\/wp\/v2\/tags?post=43573"}],"curies":[{"name":"wp","href":"https:\/\/api.w.org\/{rel}","templated":true}]}}