{"id":43572,"date":"2023-12-30T06:43:28","date_gmt":"2023-12-30T05:43:28","guid":{"rendered":"http:\/\/www.infokuryr.cz\/n\/?p=43572"},"modified":"2023-12-30T06:43:28","modified_gmt":"2023-12-30T05:43:28","slug":"zahadna-raketa-vstoupila-do-polskeho-vzdusneho-prostoru","status":"publish","type":"post","link":"https:\/\/www.infokuryr.cz\/n\/2023\/12\/30\/zahadna-raketa-vstoupila-do-polskeho-vzdusneho-prostoru\/","title":{"rendered":"Z\u00e1hadn\u00e1 \u201eraketa\u201c vstoupila do polsk\u00e9ho vzdu\u0161n\u00e9ho prostoru"},"content":{"rendered":"<div id=\"fb-root\"><\/div>\n<p><span style=\"font-size: 18pt;\"><strong>Var\u0161ava obvinila Rusko, ale NATO si vyhrazuje soud<\/strong><\/span><\/p>\n<p><span>Polsk\u00e1 arm\u00e1da tvrdila, \u017ee rusk\u00e1 raketa vstoupila do vzdu\u0161n\u00e9ho prostoru zem\u011b ze sm\u011bru od Ukrajiny, ne\u017e se oto\u010dila zp\u011bt nad ukrajinsk\u00e9 \u00fazem\u00ed.\u00a0Var\u0161ava nep\u0159edlo\u017eila d\u016fkaz, \u017ee projektil byl rusk\u00e9ho p\u016fvodu, a pozd\u011bji se zjistilo, \u017ee podobn\u00fd incident z minul\u00e9ho roku m\u00e1 na sv\u011bdom\u00ed ukrajinsk\u00fd syst\u00e9m protivzdu\u0161n\u00e9 obrany.<\/span><\/p>\n<p><span>Objekt se v p\u00e1tek v \u010dasn\u00fdch rann\u00edch hodin\u00e1ch dostal do polsk\u00e9ho vzdu\u0161n\u00e9ho prostoru asi 40 kilometr\u016f, ne\u017e se oto\u010dil zp\u011bt na z\u00e1pad k ukrajinsk\u00e9 obloze, uvedl v p\u00e1tek na br\u00edfinku gener\u00e1l Wieslaw Kukula, n\u00e1\u010deln\u00edk \u0161t\u00e1bu polsk\u00fdch ozbrojen\u00fdch sil.<\/span><\/p>\n<p><em><span>&#8222;V\u0161e nasv\u011bd\u010duje tomu, \u017ee rusk\u00e1 st\u0159ela vstoupila do polsk\u00e9ho vzdu\u0161n\u00e9ho prostoru,&#8220;<\/span><\/em><span>\u00a0\u0159ekl Kukula a dodal, \u017ee st\u00edha\u010dky byly za\u0161ifrov\u00e1ny, aby projektil zachytily, ale nepoda\u0159ilo se jim dos\u00e1hnout, ne\u017e\u00a0<\/span><em><span>&#8222;opustil n\u00e1\u0161 vzdu\u0161n\u00fd prostor&#8220;.<\/span><\/em><\/p>\n<p><a href=\"https:\/\/stranapro.cz\/\"><img decoding=\"async\" loading=\"lazy\" class=\"alignnone  wp-image-40285 aligncenter\" src=\"http:\/\/www.infokuryr.cz\/n\/wp-content\/uploads\/2023\/11\/11pro-300x79.png\" alt=\"\" width=\"710\" height=\"187\" srcset=\"https:\/\/www.infokuryr.cz\/n\/wp-content\/uploads\/2023\/11\/11pro-300x79.png 300w, https:\/\/www.infokuryr.cz\/n\/wp-content\/uploads\/2023\/11\/11pro.png 363w\" sizes=\"(max-width: 710px) 100vw, 710px\" \/><\/a><\/p>\n<p><span>K zjevn\u00e9mu naru\u0161en\u00ed vzdu\u0161n\u00e9ho prostoru do\u0161lo b\u011bhem intenzivn\u00ed vlny rusk\u00fdch raketov\u00fdch a dronov\u00fdch \u00fatok\u016f na c\u00edle po cel\u00e9 Ukrajin\u011b.\u00a0Rusk\u00e9 ministerstvo obrany ozna\u010dilo palbu za\u00a0<\/span><em><span>\u201emasivn\u00ed\u201c<\/span><\/em><span>\u00a0a uvedlo, \u017ee se zam\u011b\u0159ila na leti\u0161t\u011b, skl\u00e1dky munice, kas\u00e1rna a dal\u0161\u00ed m\u00edsta vojensk\u00e9 infrastruktury.<\/span><\/p>\n<p><span>Kukula neuvedl \u017e\u00e1dn\u00e9 dal\u0161\u00ed informace, kter\u00e9 by podpo\u0159ily jeho tvrzen\u00ed, \u017ee Rusko odp\u00e1lilo raketu.\u00a0V koment\u00e1\u0159i k incidentu v p\u00e1tek odpoledne gener\u00e1ln\u00ed tajemn\u00edk NATO Jens Stoltenberg nesvalil vinu na Moskvu, m\u00edsto toho prohl\u00e1sil, \u017ee blok veden\u00fd USA\u00a0<\/span><em><span>\u201ez\u016fstane obez\u0159etn\u00fd\u201c<\/span><\/em><span>\u00a0, proto\u017ee\u00a0<\/span><em><span>\u201efakta jsou potvrzena\u201c.<\/span><\/em><\/p>\n<p><span>St\u0159ela p\u0159ekro\u010dila polsk\u00e9 hranice u vesnice Przewodow, \u0159ekl Kukula.\u00a0Loni zbloudil\u00e1 ukrajinsk\u00e1 raketa protivzdu\u0161n\u00e9 obrany \u2013 vypu\u0161t\u011bn\u00e1 b\u011bhem podobn\u00e9 rusk\u00e9 palby \u2013 zabila dva farm\u00e1\u0159e, kdy\u017e dopadla na Przewodow.\u00a0Ukrajinsk\u00fd prezident Vladimir Zelenskij nejprve obvinil z v\u00fdbuchu ruskou raketu a po\u017eadoval reakci NATO, ne\u017e v\u016fdci aliance pod veden\u00edm USA ve\u0159ejn\u011b p\u0159iznali, \u017ee jde o raketu Ukrajiny.<\/span><\/p>\n<p><span>Zpr\u00e1va polsk\u00fdch vy\u0161et\u0159ovatel\u016f zve\u0159ejn\u011bn\u00e1 v z\u00e1\u0159\u00ed\u00a0<\/span><em><span>\u201ep\u0159esv\u011bd\u010div\u011b\u201c<\/span><\/em><span>\u00a0prok\u00e1zala, \u017ee Przewodow zas\u00e1hla ukrajinsk\u00e1 st\u0159ela.<\/span><\/p>\n<p><span>P\u0159esto\u017ee Kukula uvedl, \u017ee st\u0159ela opustila polsk\u00fd vzdu\u0161n\u00fd prostor, v p\u00e1tek ve\u010der prob\u00edhalo policejn\u00ed p\u00e1tr\u00e1n\u00ed pobl\u00ed\u017e m\u00edsta, kde byla st\u0159ela detekov\u00e1na.<\/span><\/p>\n<p><img decoding=\"async\" loading=\"lazy\" class=\"alignnone size-full wp-image-1185\" src=\"http:\/\/www.infokuryr.cz\/n\/wp-content\/uploads\/2021\/04\/kuryr-podpis.png\" alt=\"\" width=\"84\" height=\"24\" \/><\/p>\n<p>&nbsp;<\/p>\n<p>&nbsp;<\/p>\n","protected":false},"excerpt":{"rendered":"<p>Var\u0161ava obvinila Rusko, ale NATO si vyhrazuje soud Polsk\u00e1 arm\u00e1da tvrdila, \u017ee rusk\u00e1 raketa vstoupila&#8230;<\/p>\n","protected":false},"author":2,"featured_media":41808,"comment_status":"closed","ping_status":"closed","sticky":false,"template":"","format":"standard","meta":[],"categories":[7],"tags":[39,31,1075,22],"_links":{"self":[{"href":"https:\/\/www.infokuryr.cz\/n\/wp-json\/wp\/v2\/posts\/43572"}],"collection":[{"href":"https:\/\/www.infokuryr.cz\/n\/wp-json\/wp\/v2\/posts"}],"about":[{"href":"https:\/\/www.infokuryr.cz\/n\/wp-json\/wp\/v2\/types\/post"}],"author":[{"embeddable":true,"href":"https:\/\/www.infokuryr.cz\/n\/wp-json\/wp\/v2\/users\/2"}],"replies":[{"embeddable":true,"href":"https:\/\/www.infokuryr.cz\/n\/wp-json\/wp\/v2\/comments?post=43572"}],"version-history":[{"count":0,"href":"https:\/\/www.infokuryr.cz\/n\/wp-json\/wp\/v2\/posts\/43572\/revisions"}],"wp:featuredmedia":[{"embeddable":true,"href":"https:\/\/www.infokuryr.cz\/n\/wp-json\/wp\/v2\/media\/41808"}],"wp:attachment":[{"href":"https:\/\/www.infokuryr.cz\/n\/wp-json\/wp\/v2\/media?parent=43572"}],"wp:term":[{"taxonomy":"category","embeddable":true,"href":"https:\/\/www.infokuryr.cz\/n\/wp-json\/wp\/v2\/categories?post=43572"},{"taxonomy":"post_tag","embeddable":true,"href":"https:\/\/www.infokuryr.cz\/n\/wp-json\/wp\/v2\/tags?post=43572"}],"curies":[{"name":"wp","href":"https:\/\/api.w.org\/{rel}","templated":true}]}}