{"id":43570,"date":"2023-12-30T06:19:03","date_gmt":"2023-12-30T05:19:03","guid":{"rendered":"http:\/\/www.infokuryr.cz\/n\/?p=43570"},"modified":"2023-12-30T06:19:03","modified_gmt":"2023-12-30T05:19:03","slug":"pro-snizeni-populace-zeleny-kult-nici-ornou-pudu-toto-ve-skutecnosti-znamena-nulovy-uhlik","status":"publish","type":"post","link":"https:\/\/www.infokuryr.cz\/n\/2023\/12\/30\/pro-snizeni-populace-zeleny-kult-nici-ornou-pudu-toto-ve-skutecnosti-znamena-nulovy-uhlik\/","title":{"rendered":"Pro sn\u00ed\u017een\u00ed populace zelen\u00fd kult ni\u010d\u00ed ornou p\u016fdu \u2013 toto ve skute\u010dnosti znamen\u00e1 \u201enulov\u00fd uhl\u00edk\u201c"},"content":{"rendered":"<div id=\"fb-root\"><\/div>\n<p><span>Klimatick\u00fd kult se zam\u011b\u0159il na ornou p\u016fdu a z\u00e1sobov\u00e1n\u00ed potravinami obecn\u011b, o kter\u00e9m tvrd\u00ed, \u017ee p\u0159eh\u0159\u00edv\u00e1 planetu, proto\u017ee na sv\u011bt\u011b je prost\u011b p\u0159\u00edli\u0161 mnoho lid\u00ed.<\/span><\/p>\n<p><span>V\u00edme, \u017ee tito sekt\u00e1\u0159i nen\u00e1vid\u00ed \u201efosiln\u00ed\u201c paliva, jako jsou ropa a zemn\u00ed plyn, a proto cht\u011bj\u00ed tato paliva odstranit z glob\u00e1ln\u00ed ekonomiky.\u00a0Nam\u00edsto nich pro napln\u011bn\u00ed sv\u011btov\u00fdch energetick\u00fdch pot\u0159eb cht\u011bj\u00ed \u201ezelen\u00ed\u201c takzvan\u00e9 \u201eobnoviteln\u00e9\u201c energetick\u00e9 technologie, jako jsou v\u011btrn\u00e1 a sol\u00e1rn\u00ed energie.<\/span><\/p>\n<p><span>Na v\u00fdrobu srovnateln\u00e9ho mno\u017estv\u00ed energie v\u0161ak mus\u00ed b\u00fdt t\u00e9m\u011b\u0159 v\u0161ude nainstalov\u00e1n obrovsk\u00fd po\u010det v\u011btrn\u00fdch turb\u00edn a sol\u00e1rn\u00edch panel\u016f.\u00a0V\u011btrn\u00e1 a sol\u00e1rn\u00ed energie vy\u017eaduj\u00ed hodn\u011b p\u016fdy.<\/span><\/p>\n<p><span>Jin\u00fdmi slovy, v\u00edce p\u016fdy pro vrtule a sol\u00e1rn\u00ed panely znamen\u00e1 mnohem m\u00e9n\u011b p\u016fdy dostupn\u00e9 pro zem\u011bd\u011blstv\u00ed.<\/span><\/p>\n<p><span>Thomas Malthus (1766-1834) ve sv\u00e9 pr\u00e1ci varoval, \u017ee jednoho dne sv\u011btov\u00e1 populace p\u0159ekro\u010d\u00ed schopnost lidstva vyp\u011bstovat dostatek potravin k tomu, aby u\u017eivili v\u0161echny.\u00a0Malthus v\u0161ak nev\u011bd\u011bl, \u017ee revoluce v oblasti zelen\u00e9 energie by to zp\u016fsobila mnohem d\u0159\u00edve, ne\u017e by se to stalo p\u0159i p\u0159irozen\u00e9m v\u00fdvoji.<\/span><\/p>\n<p><em><span>\u201eV\u011btrn\u00e9 gener\u00e1tory a sol\u00e1rn\u00ed panely maj\u00ed zabrat celou jednu t\u0159etinu zem\u011bd\u011blsk\u00e9 p\u016fdy po cel\u00e9m sv\u011bt\u011b,\u201c<\/span><\/em><span>\u00a0p\u00ed\u0161e Martin Armstrong pro magaz\u00edn Armstrong Economic.<\/span><\/p>\n<p><em><span>\u201eTento fakt inspiroval vznik my\u0161lenky, \u017ee MUS\u00cdME sn\u00ed\u017eit populaci.\u00a0No a v\u00e1lka je k tomu \u201eskv\u011bl\u00fd\u201c n\u00e1stroj, co\u017e je i jeden z d\u016fvod\u016f, pro\u010d elita prosazuje sv\u011btovou v\u00e1lku,\u201c<\/span><\/em><span>\u00a0\u0159\u00edk\u00e1 Armstrong.<\/span><\/p>\n<p><em><span>\u201eTrvaj\u00ed na tom, \u017ee pr\u016fmyslov\u00e9 zem\u011bd\u011blstv\u00ed, kter\u00e9 vyu\u017e\u00edv\u00e1 v\u011bt\u0161ina rozvinut\u00e9ho sv\u011bta, vytv\u00e1\u0159\u00ed klimatick\u00e9 zm\u011bny.\u00a0Potravinov\u00fd syst\u00e9m USA p\u0159isp\u00edv\u00e1 t\u00e9m\u011b\u0159 20 procenty k n\u00e1rodn\u00edm emis\u00edm oxidu uhli\u010dit\u00e9ho.<\/span><\/em><\/p>\n<p><em><span>Mezivl\u00e1dn\u00ed panel pro zm\u011bnu klimatu (IPCC) \u0159\u00edk\u00e1, \u017ee zem\u011bd\u011blsk\u00e9 vyu\u017e\u00edv\u00e1n\u00ed p\u016fdy p\u0159isp\u00edv\u00e1 12 procenty k celosv\u011btov\u00fdm emis\u00edm sklen\u00edkov\u00fdch plyn\u016f.\u00a0Potom k tomu p\u0159idaj\u00ed energii pot\u0159ebnou pro pr\u016fmyslov\u00e9 zem\u011bd\u011blstv\u00ed a tvrd\u00ed, \u017ee se to zhor\u0161uje.\u201c<\/span><\/em><\/p>\n<p><span>(Souvisej\u00edc\u00ed: Dal\u0161\u00edm komponentem glob\u00e1ln\u00edho depopula\u010dn\u00edho stroje jsou\u00a0<\/span><a href=\"https:\/\/www.naturalnews.com\/2023-12-19-covid-vaccine-genocide-depopulation-exterminate-humans.html\" target=\"_blank\" rel=\"noopener\"><span>covidov\u00e9 vakc\u00edny<\/span><\/a><span>\u00a0, kter\u00e9 byly vytvo\u0159eny jako sou\u010d\u00e1st dlouho pl\u00e1novan\u00e9 glob\u00e1ln\u00ed genocidy ur\u010den\u00e9 k masivn\u00edmu vylidn\u011bn\u00ed planety.)<\/span><\/p>\n<div class=\"code-block code-block-9\">\n<div id=\"badat-1887643126\">\n<p><a href=\"https:\/\/stranapro.cz\/\"><img decoding=\"async\" loading=\"lazy\" class=\"alignnone  wp-image-40285 aligncenter\" src=\"http:\/\/www.infokuryr.cz\/n\/wp-content\/uploads\/2023\/11\/11pro-300x79.png\" alt=\"\" width=\"638\" height=\"168\" srcset=\"https:\/\/www.infokuryr.cz\/n\/wp-content\/uploads\/2023\/11\/11pro-300x79.png 300w, https:\/\/www.infokuryr.cz\/n\/wp-content\/uploads\/2023\/11\/11pro.png 363w\" sizes=\"(max-width: 638px) 100vw, 638px\" \/><\/a><\/p>\n<\/div>\n<\/div>\n<h2><span>Miliard\u00e1\u0159 John Kerry l\u00e9t\u00e1 na soukrom\u00e9m trysk\u00e1\u010di a p\u0159edn\u00e1\u0161\u00ed farm\u00e1\u0159\u016fm o sv\u00fdch klimatick\u00fdch dogmatech<\/span><\/h2>\n<p><span>Dal\u0161\u00edm probl\u00e9mem, kter\u00fd cht\u011bj\u00ed zelen\u00ed sekt\u00e1\u0159i \u201eopravit\u201c, je eliminovat ve\u0161kerou produkci vstup\u016f pr\u016fmyslov\u00e9ho zem\u011bd\u011blstv\u00ed, jako jsou pesticidy a hnojiva, jako\u017e i palivo a olej pro traktory, vybaven\u00ed a kamionovou i lodn\u00ed dopravu.<\/span><\/p>\n<p><span>Potom je zde v\u0161echno to osv\u011btlen\u00ed, kter\u00e9 vy\u017eaduje energii, jako\u017e i chlad\u00edc\u00ed a topn\u00e9 produkty pro jin\u00e1 zem\u011bd\u011blsk\u00e1 za\u0159\u00edzen\u00ed.\u00a0Toto v\u0161e uvol\u0148uje ten ob\u00e1van\u00fd oxid uhli\u010dit\u00fd (CO2), na kter\u00fd si zelen\u00ed neust\u00e1le st\u011b\u017euj\u00ed, jako\u017e i metan, oxid dusn\u00fd a v\u0161echny mo\u017en\u00e9 druhy \u201esklen\u00edkov\u00fdch plyn\u016f\u201c.<\/span><\/p>\n<p><span>Podle klimatick\u00e9ho \u0161\u00edlence Johna Kerryho zem\u011bd\u011blsk\u00e9 syst\u00e9my, jak je v sou\u010dasnosti zn\u00e1me, vytv\u00e1\u0159ej\u00ed a\u017e 30 procent sv\u011btov\u00fdch sklen\u00edkov\u00fdch plyn\u016f.\u00a0On a zbytek\u00a0<\/span><a href=\"https:\/\/www.badatel.net\/ryza-je-najnovsim-cielom-klimatickeho-kultu-a-globalnej-vojny-na-vyhladovanie-ludstva\/\"><span>klimatick\u00e9ho kultu<\/span><\/a><span>\u00a0je proto cht\u011bj\u00ed zlikvidovat, aby zachr\u00e1nili sv\u011bt p\u0159ed glob\u00e1ln\u00edm oteplov\u00e1n\u00edm.<\/span><\/p>\n<p><em><span>\u201eJin\u00fdmi slovy, cht\u011bj\u00ed omezit zem\u011bd\u011blstv\u00ed, lodn\u00ed dopravu, chlazen\u00ed, vzduchotechniku, vypnout vyt\u00e1p\u011bn\u00ed v zim\u011b a sn\u00ed\u017eit sv\u011btovou populaci o 30 a\u017e 40 procent.\u00a0Potom budou mo\u017en\u00e1 spokojeni,\u201c<\/span><\/em><span>\u00a0\u0159\u00edk\u00e1 Armstrong.<\/span><\/p>\n<p><span>Navzdory skute\u010dnosti, \u017ee neexistuj\u00ed \u017e\u00e1dn\u00e9 d\u016fkazy na podporu kter\u00e9hokoli z t\u011bchto bizarn\u00edch klimatick\u00fdch tvrzen\u00ed \u2013 p\u0159i\u010dem\u017e existuje mnoho d\u016fkaz\u016f o opaku, kter\u00e9 prokazuj\u00ed, \u017ee klimatick\u00e9 cykly se vyskytuj\u00ed od po\u010d\u00e1tku v\u011bk\u016f \u2013 klimatick\u00fd kult je odhodl\u00e1n vnucovat sv\u011btu svou v\u016fli.<\/span><\/p>\n<p><em><span>\u201eKlima se v\u017edy m\u011bnilo,\u201c<\/span><\/em><span>\u00a0poznamen\u00e1v\u00e1 Armstrong.<\/span><\/p>\n<p><em><span>\u201eSou\u010dasn\u00e9 teploty nep\u0159ekra\u010duj\u00ed historick\u00e9 normy.\u00a0\u00dadaje z New Yorku ukazuj\u00ed, \u017ee jsme nep\u0159ekro\u010dili maxima z roku 1932. Mainstreamov\u00e1 m\u00e9dia jen opakuj\u00ed to, co jim bylo \u0159e\u010deno.\u00a0\u017d\u00e1dn\u00e9 mainstreamov\u00e9 m\u00e9dium se nikdy neodv\u00e1\u017e\u00ed n\u011bco nez\u00e1visle zkoumat.\u201c<\/span><\/em><\/p>\n<h2><span>Z\u00e1v\u011br<\/span><\/h2>\n<p><span>Na ned\u00e1vn\u00e9m setk\u00e1n\u00ed o klimatu COP28 v Dubaji John Kerry hovo\u0159il o tom, \u017ee zem\u011b, kter\u00e9 jsou nejv\u011bt\u0161\u00edmi v\u00fdvozci ropy, mus\u00ed stejn\u011b jako on v\u011b\u0159it, \u017ee \u00e9ra fosiln\u00edch paliv mus\u00ed \u201enal\u00e9hav\u011b\u201c skon\u010dit.<\/span><\/p>\n<p><span>Zjist\u011bte v\u00edce o tom, co pro v\u00e1s a va\u0161i rodinu znamen\u00e1 iniciativa \u201enulov\u00e9ho uhl\u00edku\u201c na str\u00e1nce\u00a0<\/span><a href=\"http:\/\/greentyranny.news\/\" target=\"_blank\" rel=\"noopener\"><span>GreenTyranny.news<\/span><\/a><span> .<\/span><\/p>\n<p><span>Autor: Ethan Huff, Zdroj:\u00a0<\/span><a href=\"https:\/\/www.naturalnews.com\/2023-12-28-green-cult-destroying-farmland-for-carbon-zero.html\" target=\"_blank\" rel=\"noopener\"><span>naturalnews.com<\/span><\/a><\/p>\n<p>&nbsp;<\/p>\n<p>&nbsp;<\/p>\n","protected":false},"excerpt":{"rendered":"<p>Klimatick\u00fd kult se zam\u011b\u0159il na ornou p\u016fdu a z\u00e1sobov\u00e1n\u00ed potravinami obecn\u011b, o kter\u00e9m tvrd\u00ed, \u017ee&#8230;<\/p>\n","protected":false},"author":2,"featured_media":11949,"comment_status":"closed","ping_status":"closed","sticky":false,"template":"","format":"standard","meta":[],"categories":[7],"tags":[2692,67,873,750,1977],"_links":{"self":[{"href":"https:\/\/www.infokuryr.cz\/n\/wp-json\/wp\/v2\/posts\/43570"}],"collection":[{"href":"https:\/\/www.infokuryr.cz\/n\/wp-json\/wp\/v2\/posts"}],"about":[{"href":"https:\/\/www.infokuryr.cz\/n\/wp-json\/wp\/v2\/types\/post"}],"author":[{"embeddable":true,"href":"https:\/\/www.infokuryr.cz\/n\/wp-json\/wp\/v2\/users\/2"}],"replies":[{"embeddable":true,"href":"https:\/\/www.infokuryr.cz\/n\/wp-json\/wp\/v2\/comments?post=43570"}],"version-history":[{"count":0,"href":"https:\/\/www.infokuryr.cz\/n\/wp-json\/wp\/v2\/posts\/43570\/revisions"}],"wp:featuredmedia":[{"embeddable":true,"href":"https:\/\/www.infokuryr.cz\/n\/wp-json\/wp\/v2\/media\/11949"}],"wp:attachment":[{"href":"https:\/\/www.infokuryr.cz\/n\/wp-json\/wp\/v2\/media?parent=43570"}],"wp:term":[{"taxonomy":"category","embeddable":true,"href":"https:\/\/www.infokuryr.cz\/n\/wp-json\/wp\/v2\/categories?post=43570"},{"taxonomy":"post_tag","embeddable":true,"href":"https:\/\/www.infokuryr.cz\/n\/wp-json\/wp\/v2\/tags?post=43570"}],"curies":[{"name":"wp","href":"https:\/\/api.w.org\/{rel}","templated":true}]}}