{"id":43502,"date":"2023-12-29T06:09:49","date_gmt":"2023-12-29T05:09:49","guid":{"rendered":"http:\/\/www.infokuryr.cz\/n\/?p=43502"},"modified":"2023-12-29T06:09:49","modified_gmt":"2023-12-29T05:09:49","slug":"ruska-pravoslavna-cirkev-potrat-je-vrazda","status":"publish","type":"post","link":"https:\/\/www.infokuryr.cz\/n\/2023\/12\/29\/ruska-pravoslavna-cirkev-potrat-je-vrazda\/","title":{"rendered":"Rusk\u00e1 pravoslavn\u00e1 c\u00edrkev &#8211; Potrat je vra\u017eda"},"content":{"rendered":"<div id=\"fb-root\"><\/div>\n<p><span style=\"font-size: 18pt;\"><strong>Propaganda podporuj\u00edc\u00ed ukon\u010den\u00ed t\u011bhotenstv\u00ed je nep\u0159ijateln\u00e1, prohl\u00e1sila rusk\u00e1 pravoslavn\u00e1 c\u00edrkev<\/strong><\/span><\/p>\n<p><span>Z\u00e1m\u011brn\u00e9 ukon\u010den\u00ed t\u011bhotenstv\u00ed se rovn\u00e1 vra\u017ed\u011b, uvedla rusk\u00e1 pravoslavn\u00e1 c\u00edrkev ve st\u0159ede\u010dn\u00edm prohl\u00e1\u0161en\u00ed s argumentem, \u017ee neexistuje\u00a0<\/span><em><span>\u201epr\u00e1vo na potrat\u201c.<\/span><\/em><\/p>\n<p><span>Dokument byl zve\u0159ejn\u011bn v dob\u011b, kdy c\u00edrkevn\u00ed p\u0159edstavitel\u00e9, konzervativn\u00ed aktivist\u00e9 a n\u011bkte\u0159\u00ed politici po\u017eadovali omezen\u00ed potrat\u016f v Rusku nebo dokonce \u00fapln\u00fd z\u00e1kaz.<\/span><\/p>\n<p><em><span>&#8222;C\u00edrkev jednozna\u010dn\u011b p\u0159irovn\u00e1v\u00e1 sv\u00e9voln\u00fd chirurgick\u00fd nebo l\u00e9ka\u0159sk\u00fd potrat k vra\u017ed\u011b, bez ohledu na zp\u016fsob nebo d\u00e9lku t\u011bhotenstv\u00ed,&#8220;<\/span><\/em><span>\u00a0stoj\u00ed v dokumentu p\u0159ijat\u00e9m \u0159\u00edd\u00edc\u00edm org\u00e1nem c\u00edrkve, Svat\u00fdm synodem.\u00a0<\/span><em><span>\u201eZ toho d\u016fvodu je nep\u0159ijateln\u00e9 hl\u00e1sat \u201apr\u00e1vo na potrat\u2018, co\u017e znamen\u00e1 \u201apr\u00e1vo na vra\u017edu\u2018.<\/span><\/em><\/p>\n<p><span>C\u00edrkev d\u00e1le odm\u00edtla argument pro-choice, \u017ee p\u0159eru\u0161en\u00ed t\u011bhotenstv\u00ed by m\u011blo b\u00fdt povoleno, dokud embryo nedos\u00e1hne ur\u010dit\u00e9 f\u00e1ze v\u00fdvoje.<\/span><\/p>\n<p><a href=\"https:\/\/stranapro.cz\/\"><img decoding=\"async\" loading=\"lazy\" class=\"wp-image-40285 aligncenter\" src=\"http:\/\/www.infokuryr.cz\/n\/wp-content\/uploads\/2023\/11\/11pro-300x79.png\" alt=\"\" width=\"547\" height=\"144\" srcset=\"https:\/\/www.infokuryr.cz\/n\/wp-content\/uploads\/2023\/11\/11pro-300x79.png 300w, https:\/\/www.infokuryr.cz\/n\/wp-content\/uploads\/2023\/11\/11pro.png 363w\" sizes=\"(max-width: 547px) 100vw, 547px\" \/><\/a><\/p>\n<p><em><span>&#8222;Propaganda potrat\u016f v jak\u00e9koli form\u011b, v\u010detn\u011b m\u00e9di\u00ed, je nep\u0159ijateln\u00e1,&#8220;<\/span><\/em><span>\u00a0uvedl synod.<\/span><\/p>\n<p><span>Hlava rusk\u00e9 pravoslavn\u00e9 c\u00edrkve, moskevsk\u00fd patriarcha Kirill, minul\u00fd m\u011bs\u00edc popsal potraty jako\u00a0<\/span><em><span>\u201en\u00e1rodn\u00ed katastrofu\u201c<\/span><\/em><span>\u00a0, kter\u00e1 ni\u010d\u00ed\u00a0<\/span><em><span>\u201ebudoucnost na\u0161\u00ed spole\u010dnosti\u201c.<\/span><\/em><\/p>\n<p><span>Prezident Vladimir Putin v\u0161ak odm\u00edtl podpo\u0159it v\u00fdzvy k \u00fapln\u00e9mu z\u00e1kazu potrat\u016f.\u00a0B\u011bhem sv\u00e9 tiskov\u00e9 konference na konci roku 14. prosince \u0159ekl, \u017ee \u00fa\u0159edn\u00edci by m\u011bli b\u00fdt \u201evelmi opatrn\u00ed\u201c p\u0159i regulaci postupu.<\/span><\/p>\n<p><span>Mezit\u00edm prezident opakovan\u011b mluvil o tom, \u017ee je t\u0159eba, aby vl\u00e1da povzbudila rusk\u00e9 rodiny, aby m\u011bly d\u011bti a v\u00edce z nich.\u00a0Minul\u00fd m\u011bs\u00edc Putin podepsal dekret, kter\u00fdm vyhl\u00e1sil rok 2024 Rokem rodiny, a jmenoval \u00fa\u0159edn\u00edka, kter\u00fd bude v\u00e9st programy zam\u011b\u0159en\u00e9 na podporu \u201etradi\u010dn\u00edch rodinn\u00fdch hodnot\u201c.<\/span><\/p>\n<p><img decoding=\"async\" loading=\"lazy\" class=\"alignnone size-full wp-image-1185\" src=\"http:\/\/www.infokuryr.cz\/n\/wp-content\/uploads\/2021\/04\/kuryr-podpis.png\" alt=\"\" width=\"84\" height=\"24\" \/><\/p>\n<p>&nbsp;<\/p>\n<p>&nbsp;<\/p>\n","protected":false},"excerpt":{"rendered":"<p>Propaganda podporuj\u00edc\u00ed ukon\u010den\u00ed t\u011bhotenstv\u00ed je nep\u0159ijateln\u00e1, prohl\u00e1sila rusk\u00e1 pravoslavn\u00e1 c\u00edrkev Z\u00e1m\u011brn\u00e9 ukon\u010den\u00ed t\u011bhotenstv\u00ed se rovn\u00e1&#8230;<\/p>\n","protected":false},"author":2,"featured_media":20876,"comment_status":"closed","ping_status":"closed","sticky":false,"template":"","format":"standard","meta":[],"categories":[7],"tags":[4367,2769,811,22,184],"_links":{"self":[{"href":"https:\/\/www.infokuryr.cz\/n\/wp-json\/wp\/v2\/posts\/43502"}],"collection":[{"href":"https:\/\/www.infokuryr.cz\/n\/wp-json\/wp\/v2\/posts"}],"about":[{"href":"https:\/\/www.infokuryr.cz\/n\/wp-json\/wp\/v2\/types\/post"}],"author":[{"embeddable":true,"href":"https:\/\/www.infokuryr.cz\/n\/wp-json\/wp\/v2\/users\/2"}],"replies":[{"embeddable":true,"href":"https:\/\/www.infokuryr.cz\/n\/wp-json\/wp\/v2\/comments?post=43502"}],"version-history":[{"count":0,"href":"https:\/\/www.infokuryr.cz\/n\/wp-json\/wp\/v2\/posts\/43502\/revisions"}],"wp:featuredmedia":[{"embeddable":true,"href":"https:\/\/www.infokuryr.cz\/n\/wp-json\/wp\/v2\/media\/20876"}],"wp:attachment":[{"href":"https:\/\/www.infokuryr.cz\/n\/wp-json\/wp\/v2\/media?parent=43502"}],"wp:term":[{"taxonomy":"category","embeddable":true,"href":"https:\/\/www.infokuryr.cz\/n\/wp-json\/wp\/v2\/categories?post=43502"},{"taxonomy":"post_tag","embeddable":true,"href":"https:\/\/www.infokuryr.cz\/n\/wp-json\/wp\/v2\/tags?post=43502"}],"curies":[{"name":"wp","href":"https:\/\/api.w.org\/{rel}","templated":true}]}}