{"id":43489,"date":"2023-12-29T04:27:22","date_gmt":"2023-12-29T03:27:22","guid":{"rendered":"http:\/\/www.infokuryr.cz\/n\/?p=43489"},"modified":"2023-12-29T04:27:22","modified_gmt":"2023-12-29T03:27:22","slug":"v-rusku-jako-v-cesku-nahym-celebritam-tam-hrozi-trest-a-co-jurecka-a-jeho-mejdak-za-nase-penize","status":"publish","type":"post","link":"https:\/\/www.infokuryr.cz\/n\/2023\/12\/29\/v-rusku-jako-v-cesku-nahym-celebritam-tam-hrozi-trest-a-co-jurecka-a-jeho-mejdak-za-nase-penize\/","title":{"rendered":"V Rusku jako v \u010cesku: nah\u00fdm celebrit\u00e1m tam hroz\u00ed trest, a co Jure\u010dka a jeho mejd\u00e1k za na\u0161e pen\u00edze?"},"content":{"rendered":"<div id=\"fb-root\"><\/div>\n<div class=\"introtext\">\n<p><strong>Rusk\u00e9 celebrity uprost\u0159ed rusk\u00e9 invaze proti Ukrajin\u011b uspo\u0159\u00e1daly t\u00e9m\u011b\u0159 nah\u00fd soukrom\u00fd ve\u010d\u00edrek v Moskv\u011b. Skand\u00e1l. A u n\u00e1s? Ve\u010d\u00edrek m\u00edsto piety: na Jure\u010dkov\u011b ministerstvu se slavilo v den st\u0159elby na univerzit\u011b. A za pen\u00edze da\u0148ov\u00fdch poplatn\u00edk\u016f. Trest \u017e\u00e1dn\u00fd?<\/strong><\/p>\n<\/div>\n<div class=\"fulltext\">\n<p>Traktorista odrb\u00e1v\u00e1 tuto zem jak m\u016f\u017ee a je\u0161t\u011b vyhro\u017euje stejn\u011b jako Raku\u0161an?<\/p>\n<p>Podle anonymn\u00edho zdroje bl\u00edzk\u00e9ho Blesku se<a class=\"celebrity celebwiki\" href=\"https:\/\/celebwiki.blesk.cz\/osobnost\/3294\/marian-jurecka\/\" target=\"_blank\" rel=\"noopener\">Jure\u010dka<\/a>\u00a0dob\u0159e bavil na zam\u011bstnaneck\u00e9m ve\u010d\u00edrku v budov\u011b \u00fa\u0159adu nedaleko Palack\u00e9ho n\u00e1m\u011bst\u00ed.\u00a0Ten byl podle mluv\u010d\u00ed ministerstva Kate\u0159iny Proch\u00e1zkov\u00e9 domluven u\u017e n\u011bkolik m\u011bs\u00edc\u016f dop\u0159edu, pro\u010d jej ale rezort vzhledem k\u00a0okolnostem nezru\u0161il?<\/p>\n<div class=\"gallery__zpravy\">\n<div id=\"gallery-top\" class=\"gallery-main-container\">\n<div>\n<div>\n<h2><span style=\"color: #800080;\"><strong>Drbani, co n\u00e1s odrb\u00e1vaj\u00ed!<\/strong><\/span><\/h2>\n<p>Se za\u010d\u00e1tkem jedn\u00e1n\u00ed vl\u00e1dy bylo setk\u00e1n\u00ed ukon\u010deno a lid\u00e9 se za\u010dali rozch\u00e1zet dom\u016f,\u201c dodala Proch\u00e1zkov\u00e1.<\/p>\n<p>To ale p\u0159\u00edli\u0161 nekoresponduje s t\u00edm, co tvrd\u00ed dal\u0161\u00ed sv\u011bdek, kter\u00fd \u0161el kolem ministerstva kr\u00e1tce p\u0159ed p\u016flnoc\u00ed. \u201eBavili se tam, jako by se nic nestalo,\u201c uvedl zdroj. Blesk cht\u011bl sly\u0161et tak\u00e9 verzi samotn\u00e9ho Jure\u010dky, ten v\u0161ak v\u010dera na vol\u00e1n\u00ed ani SMS nereagoval.<\/p>\n<p><span style=\"font-size: 24pt; color: #ff0000;\"><strong>Ob\u010derstven\u00ed za 400 tis\u00edc: a pozor, to nebyli ti, co d\u0159ou, ale fl\u00e1ka\u010di z ministerstva.<\/strong><\/span><\/p>\n<h1><strong>Prost\u011b chudina a dezol\u00e1ti!<br \/>\n<\/strong><\/h1>\n<p><strong>Dle zji\u0161t\u011bn\u00ed MF Dnes<\/strong>\u00a0nebylo adventn\u00ed setk\u00e1n\u00ed na ministerstvu pr\u00e1ce lacin\u00e9.<strong>\u00a0Jen za catering se m\u011blo utratit 400 tis\u00edc korun.<\/strong>\u00a0A to v dob\u011b, kdy rezorty hledaj\u00ed \u00faspory, \u0161krtaj\u00ed tabulkov\u00e1 m\u00edsta a ke konci roku propust\u00ed \u010d\u00e1st \u00fa\u0159edn\u00edk\u016f. \u201eV\u00e1no\u010dn\u00ed setk\u00e1n\u00ed d\u011bl\u00e1me proto, abychom zam\u011bstnanc\u016fm pod\u011bkovali za jejich n\u00e1ro\u010dnou celoro\u010dn\u00ed pr\u00e1ci,\u201c dodala mluv\u010d\u00ed MPSV Proch\u00e1zkov\u00e1.<\/p>\n<p><img decoding=\"async\" loading=\"lazy\" class=\"aligncenter\" src=\"https:\/\/www.skrytapravda.cz\/images\/blogy\/805\/2023\/12prosinec\/Sn%C3%ADmek_obrazovky_9875_9d7c6.webp\" alt=\"Sn\u00edmek obrazovky 9875 9d7c6\" width=\"802\" height=\"910\" \/><\/p>\n<\/div>\n<p>&nbsp;<\/p>\n<p><strong>Traktorista Jure\u010dka a jeho fam\u00edlie od\u00edr\u00e1 tento st\u00e1t, co to jen jde. A st\u00e1t jsme my, da\u0148ov\u00ed poplatn\u00edci. U\u017e ch\u00e1pete, pro\u010d se mus\u00ed sn\u00ed\u017eit d\u016fchody a platy oby\u010dejn\u00fdm lidem, zat\u00edmco pa\u0161aliky politik\u016f, policajt\u016f a voj\u00e1k\u016f v\u010detn\u011b soudc\u016f z\u016fst\u00e1vaj\u00ed i s v\u00fdsluhami?<\/strong><\/p>\n<p><a href=\"https:\/\/www.skrytapravda.cz\/z-domova\/1633-v-rusku-jako-v-cesku-nahym-celebritam-hrozi-trest-a-co-jurecka-a-jeho-mejdak-za-nase-penize\">Petr Pokorn\u00fd<\/a><\/p>\n<\/div>\n<p><a href=\"https:\/\/stranapro.cz\/\"><img decoding=\"async\" loading=\"lazy\" class=\"wp-image-40286 aligncenter\" src=\"http:\/\/www.infokuryr.cz\/n\/wp-content\/uploads\/2023\/11\/12pro-300x87.png\" alt=\"\" width=\"907\" height=\"263\" srcset=\"https:\/\/www.infokuryr.cz\/n\/wp-content\/uploads\/2023\/11\/12pro-300x87.png 300w, https:\/\/www.infokuryr.cz\/n\/wp-content\/uploads\/2023\/11\/12pro.png 366w\" sizes=\"(max-width: 907px) 100vw, 907px\" \/><\/a><\/p>\n<\/div>\n<\/div>\n<\/div>\n","protected":false},"excerpt":{"rendered":"<p>Rusk\u00e9 celebrity uprost\u0159ed rusk\u00e9 invaze proti Ukrajin\u011b uspo\u0159\u00e1daly t\u00e9m\u011b\u0159 nah\u00fd soukrom\u00fd ve\u010d\u00edrek v Moskv\u011b. Skand\u00e1l&#8230;.<\/p>\n","protected":false},"author":2,"featured_media":43490,"comment_status":"closed","ping_status":"closed","sticky":false,"template":"","format":"standard","meta":[],"categories":[6],"tags":[2301,29,90,3948],"_links":{"self":[{"href":"https:\/\/www.infokuryr.cz\/n\/wp-json\/wp\/v2\/posts\/43489"}],"collection":[{"href":"https:\/\/www.infokuryr.cz\/n\/wp-json\/wp\/v2\/posts"}],"about":[{"href":"https:\/\/www.infokuryr.cz\/n\/wp-json\/wp\/v2\/types\/post"}],"author":[{"embeddable":true,"href":"https:\/\/www.infokuryr.cz\/n\/wp-json\/wp\/v2\/users\/2"}],"replies":[{"embeddable":true,"href":"https:\/\/www.infokuryr.cz\/n\/wp-json\/wp\/v2\/comments?post=43489"}],"version-history":[{"count":0,"href":"https:\/\/www.infokuryr.cz\/n\/wp-json\/wp\/v2\/posts\/43489\/revisions"}],"wp:featuredmedia":[{"embeddable":true,"href":"https:\/\/www.infokuryr.cz\/n\/wp-json\/wp\/v2\/media\/43490"}],"wp:attachment":[{"href":"https:\/\/www.infokuryr.cz\/n\/wp-json\/wp\/v2\/media?parent=43489"}],"wp:term":[{"taxonomy":"category","embeddable":true,"href":"https:\/\/www.infokuryr.cz\/n\/wp-json\/wp\/v2\/categories?post=43489"},{"taxonomy":"post_tag","embeddable":true,"href":"https:\/\/www.infokuryr.cz\/n\/wp-json\/wp\/v2\/tags?post=43489"}],"curies":[{"name":"wp","href":"https:\/\/api.w.org\/{rel}","templated":true}]}}