{"id":43436,"date":"2023-12-29T00:35:52","date_gmt":"2023-12-28T23:35:52","guid":{"rendered":"http:\/\/www.infokuryr.cz\/n\/?p=43436"},"modified":"2023-12-28T14:37:16","modified_gmt":"2023-12-28T13:37:16","slug":"valka-v-gaze-izraelske-guantanamo","status":"publish","type":"post","link":"https:\/\/www.infokuryr.cz\/n\/2023\/12\/29\/valka-v-gaze-izraelske-guantanamo\/","title":{"rendered":"V\u00e1lka v Gaze \u2013 izraelsk\u00e9 \u201eGuant\u00e1namo\u201c"},"content":{"rendered":"<div id=\"fb-root\"><\/div>\n<p><span style=\"font-size: 18pt;\"><strong>V\u00e1lka v Gaze: Nevl\u00e1dn\u00ed organizace hl\u00e1s\u00ed v\u00e1\u017en\u00e9 poru\u0161ov\u00e1n\u00ed lidsk\u00fdch pr\u00e1v v\u011bz\u0148\u016f<\/strong><\/span><\/p>\n<div class=\"row\" style=\"text-align: left;\">\n<div class=\"col d-flex flex-column\">\n<div class=\"content order-md-2\">\n<div class=\"row\">\n<div class=\"col-md-8 mx-auto\">\n<p>Video izraelsk\u00e9ho fotoreport\u00e9ra pokra\u010dovalo ve st\u0159edu v ob\u011bhu: Izraelsk\u00e9 s\u00edly v pond\u011bl\u00ed shrom\u00e1\u017edily na h\u0159i\u0161ti stadionu Jarm\u00fak ve m\u011bst\u011b Gaza des\u00edtky Palestinc\u016f, v\u010detn\u011b \u017een, d\u011bt\u00ed a star\u0161\u00edch lid\u00ed.\u00a0Na fotografii jsou mu\u017ei a chlapci svle\u010den\u00ed do spodn\u00edho pr\u00e1dla, se sv\u00e1zan\u00fdma rukama za z\u00e1dy nebo zvednut\u00fdmi, kte\u0159\u00ed se museli postavit do \u0159ady nebo si kleknout.<\/p>\n<p style=\"text-align: center;\"><img decoding=\"async\" loading=\"lazy\" class=\"wp-image-43437 aligncenter\" src=\"http:\/\/www.infokuryr.cz\/n\/wp-content\/uploads\/2023\/12\/1-1-300x192.jpg\" alt=\"\" width=\"609\" height=\"390\" srcset=\"https:\/\/www.infokuryr.cz\/n\/wp-content\/uploads\/2023\/12\/1-1-300x192.jpg 300w, https:\/\/www.infokuryr.cz\/n\/wp-content\/uploads\/2023\/12\/1-1.jpg 524w\" sizes=\"(max-width: 609px) 100vw, 609px\" \/><\/p>\n<div class=\"image mt-4 mb-5\" style=\"text-align: center;\">\n<figure><figcaption>\n<div class=\"caption mt-1\" style=\"text-align: center;\"><em>Z\u0159ejm\u011b i miminko zabalen\u00e9 v dece<\/em><\/div>\n<\/figcaption><\/figure>\n<\/div>\n<p>Podle zpr\u00e1v s Palestinci d\u0159\u00edve izraelsk\u00e9 s\u00edly \u0161patn\u011b zach\u00e1zely.\u00a0Tanky obj\u00ed\u017ed\u011bly sc\u00e9nu a br\u00e1zdily fotbalov\u00e9 h\u0159i\u0161t\u011b, zat\u00edmco ost\u0159elova\u010di dr\u017eeli v\u011bzn\u011b na mu\u0161ce. Video kon\u010d\u00ed z\u00e1b\u011brem na izraelsk\u00e9ho voj\u00e1ka, kter\u00fd z\u0159ejm\u011b nese d\u00edt\u011b zabalen\u00e9 v dece.\u00a0<em>Kdy\u017e byla Sky News<\/em>\u00a0po\u017e\u00e1d\u00e1na,\u00a0aby video okomentovala, izraelsk\u00e1 arm\u00e1da odpov\u011bd\u011bla, \u017ee operuje \u201ejako sou\u010d\u00e1st \u00fasil\u00ed o zni\u010den\u00ed vojensk\u00fdch kapacit Ham\u00e1su\u201c.<\/p>\n<p style=\"text-align: center;\"><img decoding=\"async\" loading=\"lazy\" class=\"wp-image-43438 aligncenter\" src=\"http:\/\/www.infokuryr.cz\/n\/wp-content\/uploads\/2023\/12\/0-300x202.jpg\" alt=\"\" width=\"626\" height=\"422\" srcset=\"https:\/\/www.infokuryr.cz\/n\/wp-content\/uploads\/2023\/12\/0-300x202.jpg 300w, https:\/\/www.infokuryr.cz\/n\/wp-content\/uploads\/2023\/12\/0.jpg 558w\" sizes=\"(max-width: 626px) 100vw, 626px\" \/><\/p>\n<div class=\"image mt-4 mb-5\" style=\"text-align: center;\">\n<figure><figcaption>\n<div class=\"caption mt-1\" style=\"text-align: center;\"><em>Se zvednut\u00fdmi nebo kle\u010d\u00edc\u00edmi a sv\u00e1zan\u00fdmi pa\u017eemi: \u200b\u200bsc\u00e9na z videa distribuovan\u00e9ho na X (sn\u00edmek obrazovky)<\/em><\/div>\n<\/figcaption><\/figure>\n<\/div>\n<p>Ji\u017e d\u0159\u00edve se objevily zpr\u00e1vy o poru\u0161ov\u00e1n\u00ed lidsk\u00fdch pr\u00e1v v\u016f\u010di zadr\u017een\u00fdm, kte\u0159\u00ed byli p\u0159evezeni z p\u00e1sma Gazy na vojensk\u00e9 z\u00e1kladny v Izraeli.\u00a0Podle lidskopr\u00e1vn\u00ed organizace Euro-Med Monitor zem\u0159elo n\u011bkolik v\u011bz\u0148\u016f v izraelsk\u00e9m vojensk\u00e9m t\u00e1bo\u0159e Camp Sede Teman v d\u016fsledku mu\u010den\u00ed a \u0161patn\u00e9ho zach\u00e1zen\u00ed.\u00a0Doch\u00e1zelo tak\u00e9 k poprav\u00e1m zast\u0159elen\u00edm.\u00a0V\u011bzni byli proto zav\u0159eni v kurn\u00edc\u00edch pod \u0161ir\u00fdm nebem a \u201ena dlouhou dobu jim bylo zadr\u017eov\u00e1no j\u00eddlo a pit\u00ed\u201c.\u00a0T\u00e1bor se prom\u011bnil v \u201enov\u00e9 Guant\u00e1namo\u201c, soud\u00ed Euro-Med Monitor.<\/p>\n<p>V\u00e1lka v Gaze je \u201ev\u00edce ne\u017e vyhlazovac\u00ed v\u00e1lkou,\u201c prohl\u00e1sil v \u00fater\u00fd ve\u010der nelegitimn\u00ed palestinsk\u00fd \u201eprezident\u201c Mahm\u00fad Abb\u00e1s v rozhovoru pro egyptskou televizn\u00ed stanici\u00a0<em>ON<\/em>\u00a0.\u00a0&#8222;Na\u0161i lid\u00e9 nikdy neza\u017eili v\u00e1lku jako je tato,&#8220; pokra\u010doval Abb\u00e1s, kter\u00fd varoval p\u0159ed roz\u0161\u00ed\u0159en\u00edm v\u00e1lky na Z\u00e1padn\u00ed b\u0159eh.\u00a0Nav\u00edc USA odm\u00edtly \u201eukon\u010dit v\u00e1lku\u201c.\u00a0V\u0161e, co se d\u011bje v Gaze, se d\u011bje s podporou USA.<\/p>\n<p>Od Jakoba Reimanna<\/p>\n<\/div>\n<\/div>\n<\/div>\n<\/div>\n<\/div>\n<div class=\"row\">\n<div class=\"col-md-8 mx-auto mt-4 bg-light\">\n<p><img decoding=\"async\" loading=\"lazy\" class=\"alignnone size-full wp-image-1185 alignleft\" src=\"http:\/\/www.infokuryr.cz\/n\/wp-content\/uploads\/2021\/04\/kuryr-podpis.png\" alt=\"\" width=\"84\" height=\"24\" \/><\/p>\n<\/div>\n<\/div>\n<p><a href=\"https:\/\/stranapro.cz\/\"><img decoding=\"async\" loading=\"lazy\" class=\"alignnone wp-image-40286 aligncenter\" src=\"http:\/\/www.infokuryr.cz\/n\/wp-content\/uploads\/2023\/11\/12pro-300x87.png\" alt=\"\" width=\"965\" height=\"280\" srcset=\"https:\/\/www.infokuryr.cz\/n\/wp-content\/uploads\/2023\/11\/12pro-300x87.png 300w, https:\/\/www.infokuryr.cz\/n\/wp-content\/uploads\/2023\/11\/12pro.png 366w\" sizes=\"(max-width: 965px) 100vw, 965px\" \/><\/a><\/p>\n<p>&nbsp;<\/p>\n","protected":false},"excerpt":{"rendered":"<p>V\u00e1lka v Gaze: Nevl\u00e1dn\u00ed organizace hl\u00e1s\u00ed v\u00e1\u017en\u00e9 poru\u0161ov\u00e1n\u00ed lidsk\u00fdch pr\u00e1v v\u011bz\u0148\u016f Video izraelsk\u00e9ho fotoreport\u00e9ra pokra\u010dovalo&#8230;<\/p>\n","protected":false},"author":2,"featured_media":43439,"comment_status":"closed","ping_status":"closed","sticky":false,"template":"","format":"standard","meta":[],"categories":[7],"tags":[348,178,107,40],"_links":{"self":[{"href":"https:\/\/www.infokuryr.cz\/n\/wp-json\/wp\/v2\/posts\/43436"}],"collection":[{"href":"https:\/\/www.infokuryr.cz\/n\/wp-json\/wp\/v2\/posts"}],"about":[{"href":"https:\/\/www.infokuryr.cz\/n\/wp-json\/wp\/v2\/types\/post"}],"author":[{"embeddable":true,"href":"https:\/\/www.infokuryr.cz\/n\/wp-json\/wp\/v2\/users\/2"}],"replies":[{"embeddable":true,"href":"https:\/\/www.infokuryr.cz\/n\/wp-json\/wp\/v2\/comments?post=43436"}],"version-history":[{"count":1,"href":"https:\/\/www.infokuryr.cz\/n\/wp-json\/wp\/v2\/posts\/43436\/revisions"}],"predecessor-version":[{"id":43440,"href":"https:\/\/www.infokuryr.cz\/n\/wp-json\/wp\/v2\/posts\/43436\/revisions\/43440"}],"wp:featuredmedia":[{"embeddable":true,"href":"https:\/\/www.infokuryr.cz\/n\/wp-json\/wp\/v2\/media\/43439"}],"wp:attachment":[{"href":"https:\/\/www.infokuryr.cz\/n\/wp-json\/wp\/v2\/media?parent=43436"}],"wp:term":[{"taxonomy":"category","embeddable":true,"href":"https:\/\/www.infokuryr.cz\/n\/wp-json\/wp\/v2\/categories?post=43436"},{"taxonomy":"post_tag","embeddable":true,"href":"https:\/\/www.infokuryr.cz\/n\/wp-json\/wp\/v2\/tags?post=43436"}],"curies":[{"name":"wp","href":"https:\/\/api.w.org\/{rel}","templated":true}]}}