{"id":43413,"date":"2023-12-28T00:30:05","date_gmt":"2023-12-27T23:30:05","guid":{"rendered":"http:\/\/www.infokuryr.cz\/n\/?p=43413"},"modified":"2023-12-27T19:29:13","modified_gmt":"2023-12-27T18:29:13","slug":"pro-ockovaci-lekarka-varuje-o-uporne-snaze-utajit-devastacni-vedlejsi-ucinky-covidovych-vakcin","status":"publish","type":"post","link":"https:\/\/www.infokuryr.cz\/n\/2023\/12\/28\/pro-ockovaci-lekarka-varuje-o-uporne-snaze-utajit-devastacni-vedlejsi-ucinky-covidovych-vakcin\/","title":{"rendered":"Pro-o\u010dkovac\u00ed l\u00e9ka\u0159ka varuje o \u00faporn\u00e9 snaze utajit devasta\u010dn\u00ed vedlej\u0161\u00ed \u00fa\u010dinky covidov\u00fdch vakc\u00edn"},"content":{"rendered":"<div id=\"fb-root\"><\/div>\n<p><strong>Pro-o\u010dkovac\u00ed l\u00e9ka\u0159ka, kter\u00e1 aplikovala tis\u00edce vakc\u00edn, se rozhodla promluvit a varovat ve\u0159ejnost p\u0159ed \u201e\u00fapornou snahou\u201c zatajit ni\u010div\u00e9 vedlej\u0161\u00ed \u00fa\u010dinky vakc\u00edn proti covidu, v\u010detn\u011b rakovin a srde\u010dn\u00edch z\u00e1stav zp\u016fsoben\u00fdch o\u010dkov\u00e1n\u00edm.<\/strong><\/p>\n<p><span>L\u00e9ka\u0159ka Cornelia Tschanettov\u00e1, kter\u00e1 ve sv\u00e9 praxi aplikovala p\u0159ibli\u017en\u011b 4000 d\u00e1vek covidov\u00fdch vakc\u00edn, za\u017eila mor\u00e1ln\u00ed dilema pot\u00e9, co si v\u0161imla, \u017ee asi deset procent jej\u00edch pacient\u016f hl\u00e1silo z\u00e1va\u017en\u00e9 ne\u017e\u00e1douc\u00ed reakce po o\u010dkov\u00e1n\u00ed.<\/span><\/p>\n<p><span>Dr.\u00a0Tschanettovou k prolomen\u00ed ml\u010den\u00ed p\u0159im\u011bl znepokojiv\u00fd p\u0159\u00edpad zdrav\u00e9ho teenagera, kter\u00e9ho o\u010dkovala a n\u00e1sledn\u011b se u n\u011bj vyskytla ne\u010dekan\u00e1 srde\u010dn\u00ed z\u00e1stava.\u00a0V tomto okam\u017eiku dosp\u011bla do stavu, kdy se ji\u017e d\u00e1le nec\u00edtila schopna pokra\u010dovat v o\u010dkov\u00e1n\u00ed.<\/span><\/p>\n<p><span>Nam\u00edsto pokra\u010dov\u00e1n\u00ed v o\u010dkov\u00e1n\u00ed se rozhodla otev\u0159en\u011b pod\u011blit o sv\u00e9 obavy, \u010d\u00edm\u017e zpochybnila p\u0159evl\u00e1daj\u00edc\u00ed narativ, \u017ee covidov\u00e9\u00a0<\/span><a href=\"https:\/\/www.badatel.net\/juzna-korea-zacala-vyplacat-milionove-odskodne-obetiam-mrna-vakcin-a-bez-zbytocnych-otazok\/\"><span>mRNA vakc\u00edny<\/span><\/a><span>\u00a0jsou jednozna\u010dn\u011b \u201ebezpe\u010dn\u00e9 a \u00fa\u010dinn\u00e9\u201c, jak tvrd\u00ed vl\u00e1dy a jejich medi\u00e1ln\u00ed spojenci.<\/span><\/p>\n<p><span>Podle doktorky Tschanettov\u00e9 existuj\u00ed tis\u00edce dal\u0161\u00edch l\u00e9ka\u0159\u016f, kte\u0159\u00ed sd\u00edlej\u00ed jej\u00ed post\u0159ehy t\u00fdkaj\u00edc\u00ed se vakc\u00edn, ale ob\u00e1vaj\u00ed se ztr\u00e1ty zam\u011bstn\u00e1n\u00ed a kari\u00e9ry a tak\u00e9 trestu ze strany farmaceutick\u00fdch firem, pokud by se odv\u00e1\u017eili o sv\u00fdch obav\u00e1ch promluvit.<\/span><\/p>\n<p><span>P\u0159\u00edb\u011bh Dr.\u00a0Tschanettov\u00e9 je dnes sou\u010d\u00e1st\u00ed ned\u00e1vno vydan\u00e9ho dokument\u00e1rn\u00edho filmu s n\u00e1zvem \u201eUN-SICHTBAR: Der Film Teil 1\u201c (v p\u0159ekladu \u201eNEVIDITELN\u00dd: Film 1. \u010d\u00e1st\u201c).\u00a0Ve filmu l\u00e9ka\u0159ka odhaluje, \u017ee ohromuj\u00edc\u00edch 10% ze 4 000 pacient\u016f, kter\u00e9 l\u00e9\u010dila, hl\u00e1silo \u201ezdravotn\u00ed probl\u00e9my z o\u010dkov\u00e1n\u00ed\u201c.<\/span><\/p>\n<p><em><span>\u201eNa za\u010d\u00e1tku jsme pozorovali m\u00e1lo vedlej\u0161\u00edch \u00fa\u010dink\u016f.\u201c<\/span><\/em><\/p>\n<p><span>Doktorka Tschanettov\u00e1 d\u00e1le odhaluje, \u017ee jej\u00ed pacienti se k n\u00ed vraceli s ne\u017e\u00e1douc\u00edmi vedlej\u0161\u00edmi \u00fa\u010dinky je\u0161t\u011b dlouho pot\u00e9, co dostali o\u010dkov\u00e1n\u00ed.<\/span><\/p>\n<p><em><span>\u201ePostupn\u011b b\u011bhem roku se to v\u0161ak za\u010dalo zvy\u0161ovat.\u00a0Prvn\u00ed p\u0159\u00edpady si a\u017e tak nev\u0161imnete nebo je odm\u00edtnete jako ojedin\u011bl\u00fd p\u0159\u00edpad,\u201c<\/span><\/em><span>\u00a0pokra\u010dovala l\u00e9ka\u0159ka.<\/span><\/p>\n<p><em><span>\u201eKoncem roku se to ale zv\u00fd\u0161ilo v\u00fdrazn\u011b.\u00a0St\u00e1le v\u00edce a v\u00edce lid\u00ed p\u0159ich\u00e1zelo se st\u00ed\u017enostmi po o\u010dkov\u00e1n\u00ed.\u00a0A pak za\u010dnete zpochyb\u0148ovat sv\u00e9 vlastn\u00ed vn\u00edm\u00e1n\u00ed.\u201c<\/span><\/em><\/p>\n<p><span>Doktorka Tschanettov\u00e1 prozradila, \u017ee ona i dal\u0161\u00ed l\u00e9ka\u0159i m\u011bli strach vyj\u00e1d\u0159it sv\u00e9 obavy o bezpe\u010dnosti covidov\u00fdch vakc\u00edn.\u00a0Absolutn\u00ed nedostatek v\u011bdeck\u00e9 diskuse o nadm\u011brn\u00fdch \u00famrt\u00edch a vedlej\u0161\u00edch \u00fa\u010dinc\u00edch vakc\u00edn je pro Dr.\u00a0Tschanettovou nej\u0161okuj\u00edc\u00edm aspektem cel\u00e9ho tohoto p\u0159\u00edb\u011bhu.<\/span><\/p>\n<p><em><span>\u201eLid\u00e9 uv\u00e1d\u011bj\u00ed stejn\u00e9 obt\u00ed\u017ee, jako jsou srde\u010dn\u00ed arytmie, \u0161\u00edlen\u00e1 \u00fanava, p\u0159etrv\u00e1vaj\u00edc\u00ed bolest sval\u016f a z\u00e1n\u011bty nerv\u016f.\u00a0Toto se neust\u00e1le opakuje a vy se pak samoz\u0159ejm\u011b sna\u017e\u00edte hledat i v\u011bdeck\u00fd diskurz.\u201c<\/span><\/em><\/p>\n<p><em><span>\u201eA tohle m\u011b nejv\u00edc \u0161okovalo, \u017ee \u017e\u00e1dnou v\u011bdeckou diskusi nenajdete.\u201c<\/span><\/em><\/p>\n<div class=\"code-block code-block-9\">\n<div id=\"badat-301695368\">\n<p><a href=\"https:\/\/stranapro.cz\/\"><img decoding=\"async\" loading=\"lazy\" class=\"alignnone  wp-image-40285 aligncenter\" src=\"http:\/\/www.infokuryr.cz\/n\/wp-content\/uploads\/2023\/11\/11pro-300x79.png\" alt=\"\" width=\"608\" height=\"160\" srcset=\"https:\/\/www.infokuryr.cz\/n\/wp-content\/uploads\/2023\/11\/11pro-300x79.png 300w, https:\/\/www.infokuryr.cz\/n\/wp-content\/uploads\/2023\/11\/11pro.png 363w\" sizes=\"(max-width: 608px) 100vw, 608px\" \/><\/a><\/p>\n<\/div>\n<\/div>\n<p><span>Doktorka Tschanettov\u00e1 prozradila, \u017ee kdy\u017e se pokusila upozornit na probl\u00e9m jin\u00fdch l\u00e9ka\u0159\u016f a p\u0159edstavitel\u016f farmaceutick\u00fdch spole\u010dnost\u00ed, byla varov\u00e1na, aby dr\u017eela jazyk za zuby.<\/span><\/p>\n<p><em><span>\u201ePoslouch\u00e1te absolutn\u011b dogmatick\u00e9 a sk\u00e1lopevn\u00e9 prohl\u00e1\u0161en\u00ed typu: \u201aToto nen\u00ed z o\u010dkov\u00e1n\u00ed.&#8216;\u00a0A \u010d\u00edm v\u00edce pacient\u016f p\u0159i\u0161lo, t\u00edm v\u011bt\u0161\u00ed to byl vnit\u0159n\u00ed konflikt pro m\u011b \u2013 i pro mnoh\u00e9 l\u00e9ka\u0159e, kte\u0159\u00ed skute\u010dn\u011b cht\u011bj\u00ed pro sv\u00e9 pacienty to nejlep\u0161\u00ed.\u201c<\/span><\/em><\/p>\n<p><span>Tschanettov\u00e1 d\u00e1le vysv\u011btlila, \u017ee se nakonec rozhodla promluvit o tom, co se ve skute\u010dnosti d\u011bje v z\u00e1kulis\u00ed, kdy zdrav\u00fd chlapec po absolvov\u00e1n\u00ed o\u010dkov\u00e1n\u00ed v\u00e1\u017en\u011b onemocn\u011bl.<\/span><\/p>\n<p><em><span>&#8222;Mimo\u0159\u00e1dn\u00fdm prvn\u00edm p\u0159\u00edpadem byl 16let\u00fd chlapec, kter\u00fd k n\u00e1m p\u0159i\u0161el 48 hodin po druh\u00e9 d\u00e1vce s nevolnost\u00ed a tlakem na hrudi,&#8220;<\/span><\/em><span>\u00a0\u0159ekla.<\/span><\/p>\n<p><em><span>\u201eUd\u011blala jsem mu EKG, kter\u00e9 se p\u016fsobiv\u011b zm\u011bnilo \u2013 co\u017e nen\u00ed norm\u00e1ln\u00ed p\u0159ed 16. rokem \u017eivota \u010dlov\u011bka.\u00a0Potom jsme ho poslali do nemocnice.\u00a0Byla mu tam diagnostikov\u00e1na masivn\u00ed myokarditida srdce.\u00a0D\u00edky Bohu, \u017ee se op\u011bt uzdravil.<\/span><\/em><\/p>\n<p><em><span>Pro m\u011b to byl moment, kdy jsem se zastavila.\u00a0V t\u00e9 dob\u011b u\u017e p\u0159ich\u00e1zeli i dal\u0161\u00ed lid\u00e9, matky s d\u011btmi, mlad\u00ed lid\u00e9,\u201c\u00a0<\/span><\/em><span>\u00a0pokra\u010dovala.<\/span><\/p>\n<p><em><span>\u201eVelmi \u010dasto doslova \u0159\u00edkali v\u011btu: \u201aNev\u00edm, co je spr\u00e1vn\u00e9, vlo\u017eil jsem sv\u016fj \u017eivot do va\u0161ich rukou.&#8216;\u00a0A tato s\u00edla d\u016fv\u011bry ve mn\u011b osobn\u011b vyvolala zodpov\u011bdnost, abych byla up\u0159\u00edmn\u00e1.\u00a0Nez\u00e1le\u017e\u00ed na tom, jestli jste takov\u00fd p\u0159\u00edpad vid\u011bli jednou nebo desetkr\u00e1t.\u00a0Riziko existuje a souvislost je z\u0159ejm\u00e1.<\/span><\/em><\/p>\n<p><em><span>Dokud se nep\u0159ek\u00e1\u017ee opak, mus\u00edme lidi vzd\u011bl\u00e1vat o tom, co vid\u00edme a jak\u00e9 zku\u0161enosti m\u00e1me.\u00a0Toto pr\u00e1vo m\u00e1 ka\u017ed\u00fd \u010dlov\u011bk, pokud se rozhodne podstoupit medic\u00ednsk\u00fd z\u00e1krok.\u201c<\/span><\/em><\/p>\n<p><span>Tschanettov\u00e1 vypr\u00e1v\u00ed, jak za\u017e\u00edvala obrovsk\u00fd tlak ze strany vl\u00e1dy a farmaceutick\u00fdch firem, aby experiment\u00e1ln\u00edmi mRNA vakc\u00ednami \u201ezao\u010dkovala tolik lid\u00ed, kolik se jen d\u00e1\u201c.<\/span><\/p>\n<p><em><span>\\&#8220;Byl to pro m\u011b vnit\u0159n\u00ed konflikt, proto\u017ee spole\u010densk\u00fd tlak nao\u010dkovat co nejv\u00edce lid\u00ed a nao\u010dkovat v\u0161echny v\u011bkov\u00e9 skupiny byl velmi velk\u00fd,\\&#8220;<\/span><\/em><span>\u00a0\u00a0\u0159ekla.<\/span><\/p>\n<p><em><span>\u201eA na druh\u00e9 stran\u011b se v\u00e1m hromad\u00ed osobn\u00ed zku\u0161enost l\u00e9ka\u0159ky, \u017ee to nen\u00ed mo\u017en\u00e9 bez vedlej\u0161\u00edch \u00fa\u010dink\u016f.\u00a0To byl moment, kdy jsem si myslela, \u017ee u\u017e d\u00e1l nem\u016f\u017eu pokra\u010dovat v o\u010dkov\u00e1n\u00ed.\u00a0Mus\u00edm se dr\u017eet pravdy.\u00a0Mus\u00edm naplnit tuto d\u016fv\u011bru sv\u00fdch pacient\u016f.\u00a0<\/span><\/em><em><span>M\u00e1m zhruba 300 a\u017e 400 lid\u00ed, kte\u0159\u00ed ke mn\u011b p\u0159i\u0161li s pocitem, \u017ee od o\u010dkov\u00e1n\u00ed maj\u00ed probl\u00e9my.\u201c<\/span><\/em><\/p>\n<p><span>Cel\u00fd\u00a0<\/span><a href=\"https:\/\/www.youtube.com\/watch?v=tdnaQllvz50\" target=\"_blank\" rel=\"noopener\"><span>film<\/span><\/a><span>\u00a0\u00a0NEVIDITELN\u00dd: Film 1. \u010d\u00e1st (v n\u011bm\u010din\u011b s anglick\u00fdmi titulky) si m\u016f\u017eete prohl\u00e9dnout zde:<\/span><\/p>\n<p><iframe loading=\"lazy\" title=\"UN-SEEN Documentary Film #Part1\" src=\"https:\/\/www.youtube.com\/embed\/tdnaQllvz50\" width=\"580\" height=\"326\" frameborder=\"0\" allowfullscreen=\"allowfullscreen\" data-mce-fragment=\"1\"><\/iframe><\/p>\n<p><span>Autor: Patricia Harrityov\u00e1, Zdroj:\u00a0<\/span><a href=\"https:\/\/expose-news.com\/2023\/12\/16\/pro-vax-doctor-blows-whistle-warns-public-about-major-cover-up-of-devastating-side-effects\/\" target=\"_blank\" rel=\"noopener\"><span>expose-news.com<\/span><\/a><\/p>\n","protected":false},"excerpt":{"rendered":"<p>Pro-o\u010dkovac\u00ed l\u00e9ka\u0159ka, kter\u00e1 aplikovala tis\u00edce vakc\u00edn, se rozhodla promluvit a varovat ve\u0159ejnost p\u0159ed \u201e\u00fapornou snahou\u201c&#8230;<\/p>\n","protected":false},"author":2,"featured_media":43414,"comment_status":"closed","ping_status":"closed","sticky":false,"template":"","format":"standard","meta":[],"categories":[7],"tags":[1718,213,651,889],"_links":{"self":[{"href":"https:\/\/www.infokuryr.cz\/n\/wp-json\/wp\/v2\/posts\/43413"}],"collection":[{"href":"https:\/\/www.infokuryr.cz\/n\/wp-json\/wp\/v2\/posts"}],"about":[{"href":"https:\/\/www.infokuryr.cz\/n\/wp-json\/wp\/v2\/types\/post"}],"author":[{"embeddable":true,"href":"https:\/\/www.infokuryr.cz\/n\/wp-json\/wp\/v2\/users\/2"}],"replies":[{"embeddable":true,"href":"https:\/\/www.infokuryr.cz\/n\/wp-json\/wp\/v2\/comments?post=43413"}],"version-history":[{"count":1,"href":"https:\/\/www.infokuryr.cz\/n\/wp-json\/wp\/v2\/posts\/43413\/revisions"}],"predecessor-version":[{"id":43415,"href":"https:\/\/www.infokuryr.cz\/n\/wp-json\/wp\/v2\/posts\/43413\/revisions\/43415"}],"wp:featuredmedia":[{"embeddable":true,"href":"https:\/\/www.infokuryr.cz\/n\/wp-json\/wp\/v2\/media\/43414"}],"wp:attachment":[{"href":"https:\/\/www.infokuryr.cz\/n\/wp-json\/wp\/v2\/media?parent=43413"}],"wp:term":[{"taxonomy":"category","embeddable":true,"href":"https:\/\/www.infokuryr.cz\/n\/wp-json\/wp\/v2\/categories?post=43413"},{"taxonomy":"post_tag","embeddable":true,"href":"https:\/\/www.infokuryr.cz\/n\/wp-json\/wp\/v2\/tags?post=43413"}],"curies":[{"name":"wp","href":"https:\/\/api.w.org\/{rel}","templated":true}]}}