{"id":43402,"date":"2023-12-28T00:47:30","date_gmt":"2023-12-27T23:47:30","guid":{"rendered":"http:\/\/www.infokuryr.cz\/n\/?p=43402"},"modified":"2023-12-27T18:53:29","modified_gmt":"2023-12-27T17:53:29","slug":"fbi-vysetruje-vyhruzky-smrti-soudcum-v-trumpove-rozhodnuti","status":"publish","type":"post","link":"https:\/\/www.infokuryr.cz\/n\/2023\/12\/28\/fbi-vysetruje-vyhruzky-smrti-soudcum-v-trumpove-rozhodnuti\/","title":{"rendered":"FBI vy\u0161et\u0159uje v\u00fdhr\u016f\u017eky smrt\u00ed soudc\u016fm v Trumpov\u011b rozhodnut\u00ed"},"content":{"rendered":"<div id=\"fb-root\"><\/div>\n<p><span style=\"font-size: 18pt;\"><strong>Osobn\u00ed \u00fadaje soudc\u016f z Colorada, kte\u0159\u00ed ozna\u010dili Trumpa za nezp\u016fsobil\u00e9ho pro \u00fa\u0159ad, byly zve\u0159ejn\u011bny na internetu ve dnech po vynesen\u00ed verdiktu\u00a0<\/strong><\/span><\/p>\n<p><span>Feder\u00e1ln\u00ed \u00fa\u0159ad pro vy\u0161et\u0159ov\u00e1n\u00ed (FBI) spolupracuje s p\u0159edstaviteli donucovac\u00edch org\u00e1n\u016f v Coloradu na vy\u0161et\u0159ov\u00e1n\u00ed \u00fadajn\u00fdch v\u00fdhr\u016f\u017eek nam\u00ed\u0159en\u00fdch proti soudc\u016fm nejvy\u0161\u0161\u00edho soudu, kte\u0159\u00ed hlasovali pro odstran\u011bn\u00ed Donalda Trumpa z prezidentsk\u00fdch voleb ve st\u00e1t\u011b.<\/span><\/p>\n<p><span>Denversk\u00e1 policie v \u00fater\u00fd uvedla, \u017ee zvy\u0161uje hl\u00eddky kolem dom\u016f st\u00e1tn\u00edch soudc\u016f v d\u016fsledku rozhodnut\u00ed nejvy\u0161\u0161\u00edho soudu v Coloradu v pom\u011bru 4:3, \u017ee b\u00fdval\u00fd americk\u00fd prezident by m\u011bl b\u00fdt v roce 2024 vylou\u010den z kandidatury do Ov\u00e1ln\u00e9 pracovny.<\/span><\/p>\n<p><span>Rozhodnut\u00ed, kter\u00e9 p\u0159i\u0161lo 19. prosince, citovalo klauzuli v americk\u00e9 \u00fastav\u011b, kter\u00e1 br\u00e1n\u00ed komukoli, kdo se zapojil do povst\u00e1n\u00ed, aby se uch\u00e1zel o \u00fa\u0159ad.\u00a0Tvrd\u00ed se, \u017ee Trump poru\u0161il tuto klauzuli sv\u00fdmi \u010diny p\u0159ed \u2013 a b\u011bhem \u2013 nepokoj\u016f 6. ledna 2021 v Kapitolu USA.<\/span><\/p>\n<p><em><span>&#8222;Policejn\u00ed odd\u011blen\u00ed v Denveru v sou\u010dasn\u00e9 dob\u011b vy\u0161et\u0159uje incidenty nam\u00ed\u0159en\u00e9 proti soudc\u016fm nejvy\u0161\u0161\u00edho soudu v Coloradu a bude pokra\u010dovat ve spolupr\u00e1ci s na\u0161imi m\u00edstn\u00edmi, st\u00e1tn\u00edmi a feder\u00e1ln\u00edmi partnery v oblasti vym\u00e1h\u00e1n\u00ed pr\u00e1va, abychom pro\u0161et\u0159ili jak\u00e9koli zpr\u00e1vy o hrozb\u00e1ch nebo obt\u011b\u017eov\u00e1n\u00ed,&#8220;<\/span><\/em><span>\u00a0uvedlo v \u00fater\u00fd policejn\u00ed prohl\u00e1\u0161en\u00ed.<\/span><\/p>\n<div class=\"read-more large read-more__right\" data-has-alias=\"\"><a href=\"https:\/\/stranapro.cz\/\"><img decoding=\"async\" loading=\"lazy\" class=\"alignnone  wp-image-40285 aligncenter\" src=\"http:\/\/www.infokuryr.cz\/n\/wp-content\/uploads\/2023\/11\/11pro-300x79.png\" alt=\"\" width=\"600\" height=\"158\" srcset=\"https:\/\/www.infokuryr.cz\/n\/wp-content\/uploads\/2023\/11\/11pro-300x79.png 300w, https:\/\/www.infokuryr.cz\/n\/wp-content\/uploads\/2023\/11\/11pro.png 363w\" sizes=\"(max-width: 600px) 100vw, 600px\" \/><\/a><\/div>\n<p><span>FBI zvl\u00e1\u0161\u0165 dodala, \u017ee si je\u00a0<\/span><em><span>\u201ev\u011bdom\u00e1\u00a0 situace\u201c<\/span><\/em><span>\u00a0a\u00a0<\/span><em><span>\u201espolupracuje s m\u00edstn\u00edmi donucovac\u00edmi org\u00e1ny\u201c.\u00a0<\/span><\/em><span>Policie ani FBI se ke konkr\u00e9tn\u00ed povaze aktu\u00e1ln\u011b prob\u00edhaj\u00edc\u00edch vy\u0161et\u0159ov\u00e1n\u00ed nevyj\u00e1d\u0159ily.<\/span><\/p>\n<p><span>Po rozhodnut\u00ed soudu byly osobn\u00ed \u00fadaje soudc\u016f \u2013 v\u010detn\u011b adres a telefonn\u00edch \u010d\u00edsel \u2013 zve\u0159ejn\u011bny online, uvedla BBC, mimo jin\u00e9 na X (d\u0159\u00edve Twitter), Telegramu a Trumpem vlastn\u011bn\u00e9 Truth Social.<\/span><\/p>\n<p><span>Jedna takov\u00e1 zpr\u00e1va podle BBC vyz\u00fdvala k n\u00e1sil\u00ed proti soudc\u016fm.\u00a0<\/span><em><span>\u201ePokud \u017eijete v Coloradu, d\u011blejte to, co by SKUTE\u010cN\u011a cht\u011bli otcov\u00e9 zakladatel\u00e9.\u00a0Popadni pu\u0161ky a lano.&#8220;\u00a0<\/span><\/em><span>Denversk\u00e9 policejn\u00ed odd\u011blen\u00ed tak\u00e9 uvedlo, \u017ee bylo minul\u00fd t\u00fdden ve \u010dtvrtek zavol\u00e1no do domu jednoho ze st\u00e1tn\u00edch soudc\u016f\u00a0<\/span><em><span>\u201ena z\u00e1klad\u011b toho, co se zd\u00e1 b\u00fdt fale\u0161nou zpr\u00e1vou\u201c.<\/span><\/em><\/p>\n<p><span>Dal\u0161\u00ed zpr\u00e1va, zjevn\u011b zve\u0159ejn\u011bn\u00e1 v souvislosti s rozhodnut\u00edm v Coloradu, vyz\u00fdvala v\u0161echny\u00a0<\/span><em><span>\u201ekrysy v pl\u00e1\u0161t\u00edch\u201c<\/span><\/em><span>\u00a0, aby\u00a0<\/span><em><span>\u201evisely\u201c.<\/span><\/em><\/p>\n<p><span>Trump se proti rozsudku Colorada m\u016f\u017ee odvolat do 4. ledna.\u00a0O\u010dek\u00e1v\u00e1 se, \u017ee rozsudek st\u00e1tu bude m\u00edt pot\u00ed\u017ee proj\u00edt konzervativn\u011b naklon\u011bn\u00fdm Nejvy\u0161\u0161\u00edm soudem USA, p\u0159edpov\u00eddali pr\u00e1vn\u00ed analytici.<\/span><\/p>\n<p><span>N\u011bkolik Trumpov\u00fdch soupe\u0159\u016f o republik\u00e1nskou nominaci na prezidenta uvedlo, \u017ee v\u011b\u0159\u00ed, \u017ee rozsudek nejvy\u0161\u0161\u00edho soudu v Coloradu byl politicky motivovan\u00fd.\u00a0N\u011bkte\u0159\u00ed demokrat\u00e9 uvedli, \u017ee rozhodnut\u00ed se m\u016f\u017ee vymst\u00edt, proto\u017ee Trumpovi poskytne munici k dal\u0161\u00edmu tvrzen\u00ed, \u017ee je nespravedliv\u011b ter\u010dem americk\u00e9ho soudn\u00edho syst\u00e9mu a Bidenovy administrativy.<\/span><\/p>\n<p><img decoding=\"async\" loading=\"lazy\" class=\"alignnone size-full wp-image-1185\" src=\"http:\/\/www.infokuryr.cz\/n\/wp-content\/uploads\/2021\/04\/kuryr-podpis.png\" alt=\"\" width=\"84\" height=\"24\" \/><\/p>\n<p>&nbsp;<\/p>\n<p>&nbsp;<\/p>\n","protected":false},"excerpt":{"rendered":"<p>Osobn\u00ed \u00fadaje soudc\u016f z Colorada, kte\u0159\u00ed ozna\u010dili Trumpa za nezp\u016fsobil\u00e9ho pro \u00fa\u0159ad, byly zve\u0159ejn\u011bny na&#8230;<\/p>\n","protected":false},"author":2,"featured_media":12174,"comment_status":"closed","ping_status":"closed","sticky":false,"template":"","format":"standard","meta":[],"categories":[7],"tags":[160,520,2908,452,37,2064],"_links":{"self":[{"href":"https:\/\/www.infokuryr.cz\/n\/wp-json\/wp\/v2\/posts\/43402"}],"collection":[{"href":"https:\/\/www.infokuryr.cz\/n\/wp-json\/wp\/v2\/posts"}],"about":[{"href":"https:\/\/www.infokuryr.cz\/n\/wp-json\/wp\/v2\/types\/post"}],"author":[{"embeddable":true,"href":"https:\/\/www.infokuryr.cz\/n\/wp-json\/wp\/v2\/users\/2"}],"replies":[{"embeddable":true,"href":"https:\/\/www.infokuryr.cz\/n\/wp-json\/wp\/v2\/comments?post=43402"}],"version-history":[{"count":0,"href":"https:\/\/www.infokuryr.cz\/n\/wp-json\/wp\/v2\/posts\/43402\/revisions"}],"wp:featuredmedia":[{"embeddable":true,"href":"https:\/\/www.infokuryr.cz\/n\/wp-json\/wp\/v2\/media\/12174"}],"wp:attachment":[{"href":"https:\/\/www.infokuryr.cz\/n\/wp-json\/wp\/v2\/media?parent=43402"}],"wp:term":[{"taxonomy":"category","embeddable":true,"href":"https:\/\/www.infokuryr.cz\/n\/wp-json\/wp\/v2\/categories?post=43402"},{"taxonomy":"post_tag","embeddable":true,"href":"https:\/\/www.infokuryr.cz\/n\/wp-json\/wp\/v2\/tags?post=43402"}],"curies":[{"name":"wp","href":"https:\/\/api.w.org\/{rel}","templated":true}]}}