{"id":43372,"date":"2023-12-28T00:32:20","date_gmt":"2023-12-27T23:32:20","guid":{"rendered":"http:\/\/www.infokuryr.cz\/n\/?p=43372"},"modified":"2023-12-27T16:59:18","modified_gmt":"2023-12-27T15:59:18","slug":"osn-prosazuje-prosazovani-potravinove-bezpecnosti-aby-bylo-dosazeno-cilu-agendy-2030","status":"publish","type":"post","link":"https:\/\/www.infokuryr.cz\/n\/2023\/12\/28\/osn-prosazuje-prosazovani-potravinove-bezpecnosti-aby-bylo-dosazeno-cilu-agendy-2030\/","title":{"rendered":"OSN prosazuje prosazov\u00e1n\u00ed potravinov\u00e9 bezpe\u010dnosti, aby bylo dosa\u017eeno c\u00edl\u016f Agendy 2030"},"content":{"rendered":"<div id=\"fb-root\"><\/div>\n<div class=\"elementor-element elementor-element-1fb4c2c elementor-widget elementor-widget-theme-post-content\" data-id=\"1fb4c2c\" data-element_type=\"widget\" data-widget_type=\"theme-post-content.default\">\n<div class=\"elementor-widget-container\">\n<p><strong>Organizace spojen\u00fdch n\u00e1rod\u016f (OSN) zvy\u0161uje sv\u00e9 \u00fasil\u00ed o potla\u010den\u00ed glob\u00e1ln\u00edch dod\u00e1vek potravin v \u00fadajn\u00e9m pokusu bojovat proti \u201ezm\u011bn\u011b klimatu\u201c.<\/strong><\/p>\n<p><span>OSN tento p\u0159\u00edstup prosazuje jako sou\u010d\u00e1st sv\u00e9 Agendy 2030.<\/span><\/p>\n<p><span>Agenda 2030 je ak\u010dn\u00ed pl\u00e1n vypracovan\u00fd OSN ve spolupr\u00e1ci s rovn\u011b\u017e nevolenou globalistickou organizac\u00ed Sv\u011btov\u00e9 ekonomick\u00e9 f\u00f3rum (WEF).<\/span><\/p>\n<p><span>Pl\u00e1n stanov\u00ed c\u00edle nutn\u00e9 k dosa\u017een\u00ed 17 c\u00edl\u016f udr\u017eiteln\u00e9ho rozvoje (SDGs).<\/span><\/p>\n<p><span>V\u0161echny \u010dlensk\u00e9 st\u00e1ty OSN, v\u010detn\u011b USA, p\u0159ijaly v roce 2015 C\u00edle a Agendu udr\u017eiteln\u00e9ho rozvoje 2030.<\/span><\/p>\n<p><span>Novin\u00e1\u0159 Alex Newman pro The Cornwall Alliance napsal, \u017ee tehdej\u0161\u00ed gener\u00e1ln\u00ed tajemn\u00edk OSN Pan Ki-mun ozna\u010dil Agendu 2030 za \u201eglob\u00e1ln\u00ed deklaraci vz\u00e1jemn\u00e9 z\u00e1vislosti\u201c.<\/span><\/p>\n<p><span>\u201ePodle m\u00e9ho n\u00e1zoru to byl p\u0159\u00edm\u00fd \u00fatok na na\u0161i deklaraci nez\u00e1vislosti.<\/span><\/p>\n<p><span>&#8222;M\u00edsto toho, abychom byli nez\u00e1visl\u00fdmi n\u00e1rody, budeme nyn\u00ed v\u0161ichni vz\u00e1jemn\u011b z\u00e1visl\u00ed.&#8220;<\/span><\/p>\n<p><span>Agenda 2030, pokra\u010doval, pokr\u00fdv\u00e1 \u201eka\u017ed\u00fd prvek lidsk\u00e9ho \u017eivota, ka\u017ed\u00fd prvek ekonomiky\u201c, v\u010detn\u011b glob\u00e1ln\u00edho p\u0159erozd\u011blov\u00e1n\u00ed bohatstv\u00ed nejen v r\u00e1mci n\u00e1rod\u016f, ale tak\u00e9 mezi n\u00e1rody.<\/span><\/p>\n<p><span>Agenda \u201eexplicitn\u011b \u0159\u00edk\u00e1, \u017ee mus\u00edme zm\u011bnit zp\u016fsob, jak\u00fdm spot\u0159ebov\u00e1v\u00e1me a vyr\u00e1b\u00edme zbo\u017e\u00ed,\u201c dodal.<\/span><\/p>\n<p><a href=\"https:\/\/stranapro.cz\/\"><img decoding=\"async\" loading=\"lazy\" class=\"alignnone  wp-image-40285 aligncenter\" src=\"http:\/\/www.infokuryr.cz\/n\/wp-content\/uploads\/2023\/11\/11pro-300x79.png\" alt=\"\" width=\"577\" height=\"152\" srcset=\"https:\/\/www.infokuryr.cz\/n\/wp-content\/uploads\/2023\/11\/11pro-300x79.png 300w, https:\/\/www.infokuryr.cz\/n\/wp-content\/uploads\/2023\/11\/11pro.png 363w\" sizes=\"(max-width: 577px) 100vw, 577px\" \/><\/a><\/p>\n<p><strong>Newman citoval ze zpr\u00e1vy:<\/strong><\/p>\n<p><span>\u201eS pozemky nelze zach\u00e1zet jako s b\u011b\u017en\u00fdm aktivem ovl\u00e1dan\u00fdm jednotlivci a podl\u00e9haj\u00edc\u00edm omezen\u00edm a neefektivit\u011b trhu.<\/span><\/p>\n<p><span>&#8222;Soukrom\u00e9 vlastnictv\u00ed p\u016fdy je tak\u00e9 hlavn\u00edm prost\u0159edkem pro akumulaci a koncentraci bohatstv\u00ed, \u010d\u00edm\u017e p\u0159isp\u00edv\u00e1 k soci\u00e1ln\u00ed nespravedlnosti.&#8220;<\/span><\/p>\n<p><span>Newman \u0159ekl, \u017ee v\u011b\u0159\u00ed, \u017ee OSN chce nakonec zru\u0161it soukrom\u00e9 vlastnictv\u00ed p\u016fdy.<\/span><\/p>\n<p><span>&#8222;Vid\u00edme to po cel\u00e9m sv\u011bt\u011b.&#8220;<\/span><\/p>\n<p><span>&#8222;To se ned\u011bje jen v Nizozemsku.&#8220;<\/span><\/p>\n<p><span>Podle jeho n\u00e1zoru prob\u00edh\u00e1 v\u00e1lka proti farm\u00e1\u0159\u016fm a ran\u010der\u016fm, zejm\u00e9na t\u011bm, kte\u0159\u00ed jsou nez\u00e1visl\u00ed nebo nejsou sou\u010d\u00e1st\u00ed syst\u00e9mu.<\/span><br \/>\n<span>\u201eCht\u011bj\u00ed vyhnat mal\u00e9 farm\u00e1\u0159e a dokonce i st\u0159edn\u011b velk\u00e9 farm\u00e1\u0159e ze sv\u00e9 p\u016fdy a dostat v\u0161e pod kontrolu t\u011bchto \u2013 nemysl\u00edm si, \u017ee pro to existuje jin\u00e9 slovo \u2013 fa\u0161istick\u00fdch partnerstv\u00ed ve\u0159ejn\u00e9ho a soukrom\u00e9ho sektoru,\u201c p\u00ed\u0161e.<\/span><\/p>\n<p><em><span>\u201eKdy\u017e ovl\u00e1d\u00e1te j\u00eddlo, ovl\u00e1d\u00e1te tak\u00e9 lidi.\u00a0To je nakonec kone\u010dn\u00fd c\u00edl.\u201c Po cel\u00e9m sv\u011bt\u011b vedou nevolen\u00e9 globalistick\u00e9 org\u00e1ny jako OSN a WEF v\u00e1lku proti farm\u00e1\u0159\u016fm pod hlavi\u010dkou Agendy OSN 2030, aby z\u00edskaly kontrolu nad glob\u00e1ln\u00edmi dod\u00e1vkami potravin, jak je pops\u00e1no v nov\u00e9m dokumentu. podrobn\u011b pod n\u00e1zvem \u201eMus\u00edte vid\u011bt\u201c.\u00a0\u017d\u00e1dn\u00ed farm\u00e1\u0159i, \u017e\u00e1dn\u00e9 j\u00eddlo: budete j\u00edst brouky?<\/span><\/em><\/p>\n<div class=\"twitter-tweet twitter-tweet-rendered\"><iframe id=\"twitter-widget-0\" class=\"\" title=\"X Post\" src=\"https:\/\/platform.twitter.com\/embed\/Tweet.html?creatorScreenName=uncutnewsCH&amp;dnt=false&amp;embedId=twitter-widget-0&amp;features=eyJ0ZndfdGltZWxpbmVfbGlzdCI6eyJidWNrZXQiOltdLCJ2ZXJzaW9uIjpudWxsfSwidGZ3X2ZvbGxvd2VyX2NvdW50X3N1bnNldCI6eyJidWNrZXQiOnRydWUsInZlcnNpb24iOm51bGx9LCJ0ZndfdHdlZXRfZWRpdF9iYWNrZW5kIjp7ImJ1Y2tldCI6Im9uIiwidmVyc2lvbiI6bnVsbH0sInRmd19yZWZzcmNfc2Vzc2lvbiI6eyJidWNrZXQiOiJvbiIsInZlcnNpb24iOm51bGx9LCJ0ZndfZm9zbnJfc29mdF9pbnRlcnZlbnRpb25zX2VuYWJsZWQiOnsiYnVja2V0Ijoib24iLCJ2ZXJzaW9uIjpudWxsfSwidGZ3X21peGVkX21lZGlhXzE1ODk3Ijp7ImJ1Y2tldCI6InRyZWF0bWVudCIsInZlcnNpb24iOm51bGx9LCJ0ZndfZXhwZXJpbWVudHNfY29va2llX2V4cGlyYXRpb24iOnsiYnVja2V0IjoxMjA5NjAwLCJ2ZXJzaW9uIjpudWxsfSwidGZ3X3Nob3dfYmlyZHdhdGNoX3Bpdm90c19lbmFibGVkIjp7ImJ1Y2tldCI6Im9uIiwidmVyc2lvbiI6bnVsbH0sInRmd19kdXBsaWNhdGVfc2NyaWJlc190b19zZXR0aW5ncyI6eyJidWNrZXQiOiJvbiIsInZlcnNpb24iOm51bGx9LCJ0ZndfdXNlX3Byb2ZpbGVfaW1hZ2Vfc2hhcGVfZW5hYmxlZCI6eyJidWNrZXQiOiJvbiIsInZlcnNpb24iOm51bGx9LCJ0ZndfdmlkZW9faGxzX2R5bmFtaWNfbWFuaWZlc3RzXzE1MDgyIjp7ImJ1Y2tldCI6InRydWVfYml0cmF0ZSIsInZlcnNpb24iOm51bGx9LCJ0ZndfbGVnYWN5X3RpbWVsaW5lX3N1bnNldCI6eyJidWNrZXQiOnRydWUsInZlcnNpb24iOm51bGx9LCJ0ZndfdHdlZXRfZWRpdF9mcm9udGVuZCI6eyJidWNrZXQiOiJvbiIsInZlcnNpb24iOm51bGx9fQ%3D%3D&amp;frame=false&amp;hideCard=false&amp;hideThread=false&amp;id=1723808845196374412&amp;lang=cs&amp;origin=https%3A%2F%2Funcutnews.ch%2Fdie-un-draengt-auf-die-durchsetzung-der-nahrungsmittelversorgung-um-die-ziele-der-agenda-2030-zu-erreichen%2F&amp;sessionId=4f1a2241016dafc6703e433284807b35f61bed31&amp;theme=light&amp;widgetsVersion=2615f7e52b7e0%3A1702314776716&amp;width=550px\" frameborder=\"0\" scrolling=\"no\" allowfullscreen=\"allowfullscreen\" data-tweet-id=\"1723808845196374412\" data-mce-fragment=\"1\"><\/iframe><\/div>\n<p><span>Agenda 2030 m\u00e1 za c\u00edl zbankrotovat zem\u011bd\u011blsk\u00fd pr\u016fmysl t\u00edm, \u017ee se zam\u011b\u0159\u00ed na zem\u011bd\u011blce po cel\u00e9m sv\u011bt\u011b s nedostupn\u00fdmi p\u0159edpisy pro mal\u00e9 podniky.<\/span><\/p>\n<p><span>Agenda 2030 neni\u010d\u00ed jen pr\u016fmysl fosiln\u00edch paliv, ale tak\u00e9 zem\u011bd\u011blstv\u00ed t\u00edm, \u017ee je d\u00e1v\u00e1 do rukou megakorporac\u00ed.<\/span><\/p>\n<p><span>V\u011bd\u00ed, \u017ee kontrola dod\u00e1vek potravin znamen\u00e1 kontrolu nad lidmi.<\/span><\/p>\n<p><span>Zat\u00edmco OSN ni\u010d\u00ed zem\u011bd\u011blstv\u00ed, ve sv\u00e9m C\u00edli udr\u017eiteln\u00e9ho rozvoje 2 \u0159\u00edk\u00e1, \u017ee nechce hlad.<\/span><\/p>\n<p><span>To, co cht\u011bj\u00ed, je totalitn\u00ed kontrola.<\/span><\/p>\n<p><span>Vytv\u00e1\u0159ej\u00ed imagin\u00e1rn\u00ed probl\u00e9my a pot\u00e9 imagin\u00e1rn\u00ed \u0159e\u0161en\u00ed probl\u00e9m\u016f, kter\u00e9 vytvo\u0159ili.<\/span><\/p>\n<\/div>\n<\/div>\n<div class=\"elementor-element elementor-element-8c57238 quelle dc-has-condition dc-condition-empty elementor-widget elementor-widget-heading\" data-id=\"8c57238\" data-element_type=\"widget\" data-widget_type=\"heading.default\">\n<div class=\"elementor-widget-container\">\n<h3 class=\"elementor-heading-title elementor-size-default\"><span style=\"font-size: 10pt;\"><a href=\"https:\/\/slaynews.com\/news\/un-pushing-food-supply-crackdown-meet-agenda-2030-targets\/\" target=\"_blank\" rel=\"nofollow noopener\">ZDROJ<\/a><\/span><\/h3>\n<\/div>\n<p>&nbsp;<\/p>\n<\/div>\n","protected":false},"excerpt":{"rendered":"<p>Organizace spojen\u00fdch n\u00e1rod\u016f (OSN) zvy\u0161uje sv\u00e9 \u00fasil\u00ed o potla\u010den\u00ed glob\u00e1ln\u00edch dod\u00e1vek potravin v \u00fadajn\u00e9m pokusu&#8230;<\/p>\n","protected":false},"author":2,"featured_media":43265,"comment_status":"closed","ping_status":"closed","sticky":false,"template":"","format":"standard","meta":[],"categories":[7],"tags":[279,873,186,750],"_links":{"self":[{"href":"https:\/\/www.infokuryr.cz\/n\/wp-json\/wp\/v2\/posts\/43372"}],"collection":[{"href":"https:\/\/www.infokuryr.cz\/n\/wp-json\/wp\/v2\/posts"}],"about":[{"href":"https:\/\/www.infokuryr.cz\/n\/wp-json\/wp\/v2\/types\/post"}],"author":[{"embeddable":true,"href":"https:\/\/www.infokuryr.cz\/n\/wp-json\/wp\/v2\/users\/2"}],"replies":[{"embeddable":true,"href":"https:\/\/www.infokuryr.cz\/n\/wp-json\/wp\/v2\/comments?post=43372"}],"version-history":[{"count":0,"href":"https:\/\/www.infokuryr.cz\/n\/wp-json\/wp\/v2\/posts\/43372\/revisions"}],"wp:featuredmedia":[{"embeddable":true,"href":"https:\/\/www.infokuryr.cz\/n\/wp-json\/wp\/v2\/media\/43265"}],"wp:attachment":[{"href":"https:\/\/www.infokuryr.cz\/n\/wp-json\/wp\/v2\/media?parent=43372"}],"wp:term":[{"taxonomy":"category","embeddable":true,"href":"https:\/\/www.infokuryr.cz\/n\/wp-json\/wp\/v2\/categories?post=43372"},{"taxonomy":"post_tag","embeddable":true,"href":"https:\/\/www.infokuryr.cz\/n\/wp-json\/wp\/v2\/tags?post=43372"}],"curies":[{"name":"wp","href":"https:\/\/api.w.org\/{rel}","templated":true}]}}