{"id":43371,"date":"2023-12-28T00:31:03","date_gmt":"2023-12-27T23:31:03","guid":{"rendered":"http:\/\/www.infokuryr.cz\/n\/?p=43371"},"modified":"2023-12-27T16:55:49","modified_gmt":"2023-12-27T15:55:49","slug":"michael-snyder-valka-mezi-spojenymi-staty-a-cinou-je-proto-nevyhnutelna","status":"publish","type":"post","link":"https:\/\/www.infokuryr.cz\/n\/2023\/12\/28\/michael-snyder-valka-mezi-spojenymi-staty-a-cinou-je-proto-nevyhnutelna\/","title":{"rendered":"Michael Snyder: V\u00e1lka mezi Spojen\u00fdmi st\u00e1ty a \u010c\u00ednou je proto nevyhnuteln\u00e1"},"content":{"rendered":"<div id=\"fb-root\"><\/div>\n<p><span>Jedna z nejv\u011bt\u0161\u00edch bomb roku pr\u00e1v\u011b spadla, ale nyn\u00ed t\u00e9m\u011b\u0159 zmizela z cyklu zpr\u00e1v.\u00a0NBC News uv\u00e1d\u00ed, \u017ee \u010d\u00ednsk\u00fd prezident Si \u0164in-pching b\u011bhem ned\u00e1vn\u00e9ho summitu v San Franciscu \u0159ekl Joe Bidenovi do o\u010d\u00ed, \u017ee bylo u\u010din\u011bno rozhodnut\u00ed \u201e\u00a0<\/span><a href=\"https:\/\/www.nbcnews.com\/news\/china\/xi-warned-biden-summit-beijing-will-reunify-taiwan-china-rcna130087\" target=\"_blank\" rel=\"noreferrer noopener\" data-type=\"link\" data-id=\"https:\/\/www.nbcnews.com\/news\/china\/xi-warned-biden-summit-beijing-will-reunify-taiwan-china-rcna130087\"><span>sjednotit Tchaj-wan s \u010c\u00ednou<\/span><\/a><span>\u00a0\u201c, tak \u010di onak.\u00a0Norm\u00e1ln\u011b \u010c\u00ed\u0148an\u00e9 nenechaj\u00ed lidi d\u00edvat se na sv\u00e9 karty, tak\u017ee to byl velmi neobvykl\u00fd krok.\u00a0M\u00e1m podez\u0159en\u00ed, \u017ee \u010c\u00ed\u0148an\u00e9 cht\u011bli po\u010dkat, jak Biden zareaguje na takov\u00e9 p\u0159\u00edm\u00e9 prohl\u00e1\u0161en\u00ed.\u00a0Si \u0164in-pching vyj\u00e1d\u0159il p\u0159\u00e1n\u00ed p\u0159evz\u00edt Tchaj-wan co nejm\u00edrov\u011bji, ale v\u0161ichni v\u00edme, \u017ee se to nestane.\u00a0Tak\u017ee v\u00e1lka p\u0159ijde a jedin\u00e9, co zb\u00fdv\u00e1 rozhodnout,\u00a0<\/span><a href=\"https:\/\/www.nbcnews.com\/news\/china\/xi-warned-biden-summit-beijing-will-reunify-taiwan-china-rcna130087\" target=\"_blank\" rel=\"noreferrer noopener\" data-type=\"link\" data-id=\"https:\/\/www.nbcnews.com\/news\/china\/xi-warned-biden-summit-beijing-will-reunify-taiwan-china-rcna130087\"><span>je, kdy&#8230;<\/span><\/a><\/p>\n<p><em><span>\u010c\u00ednsk\u00fd prezident Si \u0164in-pching b\u011bhem ned\u00e1vn\u00e9ho summitu v San Franciscu bez obalu \u0159ekl prezidentu Joe Bidenovi, \u017ee Peking znovu sjednot\u00ed Tchaj-wan s pevninskou \u010c\u00ednou, ale na\u010dasov\u00e1n\u00ed je\u0161t\u011b nebylo podle t\u0159\u00ed sou\u010dasn\u00fdch a b\u00fdval\u00fdch americk\u00fdch p\u0159edstavitel\u016f ur\u010deno.<\/span><\/em><\/p>\n<p><em><span>Si \u0164in-pching \u0159ekl Bidenovi na skupinov\u00e9 sch\u016fzce, kter\u00e9 se z\u00fa\u010dastnilo tucet americk\u00fdch a \u010d\u00ednsk\u00fdch p\u0159edstavitel\u016f, \u017ee \u010c\u00edna chce dob\u00fdt Tchaj-wan sp\u00ed\u0161e m\u00edrovou cestou ne\u017e silou, uvedli p\u0159edstavitel\u00e9.<\/span><\/em><\/p>\n<p><em><span>\u010c\u00ednsk\u00fd v\u016fdce tak\u00e9 odk\u00e1zal na ve\u0159ejn\u00e9 p\u0159edpov\u011bdi americk\u00fdch vojensk\u00fdch p\u0159edstavitel\u016f, \u017ee Si \u0164in-pching pl\u00e1nuje dob\u00fdt Tchaj-wan v roce 2025 nebo 2027, a \u0159ekl Bidenovi, \u017ee se m\u00fdlili, proto\u017ee nestanovil \u010dasov\u00fd r\u00e1mec, podle dvou sou\u010dasn\u00fdch a b\u00fdval\u00fdch \u00fa\u0159edn\u00edk\u016f, kte\u0159\u00ed si byli v\u011bdomi. setk\u00e1n\u00ed.<\/span><\/em><\/p>\n<p>&nbsp;<\/p>\n<p><iframe loading=\"lazy\" title=\"NBC Exclusive: Chinese President Xi warned Biden that he intends to reunify Taiwan with China\" width=\"640\" height=\"360\" src=\"https:\/\/www.youtube.com\/embed\/c6bnIrpVcso?feature=oembed\" frameborder=\"0\" allow=\"accelerometer; autoplay; clipboard-write; encrypted-media; gyroscope; picture-in-picture; web-share\" allowfullscreen><\/iframe><\/p>\n<p>&nbsp;<\/p>\n<div class=\"elementor-element elementor-element-1fb4c2c elementor-widget elementor-widget-theme-post-content\" data-id=\"1fb4c2c\" data-element_type=\"widget\" data-widget_type=\"theme-post-content.default\">\n<div class=\"elementor-widget-container\">\n<p><span>\u010cekal jsem, \u017ee B\u00edl\u00fd d\u016fm tuto v\u00fdm\u011bnu zam\u00edtne,\u00a0<\/span><a href=\"https:\/\/nypost.com\/2023\/12\/20\/news\/xi-told-biden-he-plans-to-take-taiwan-peacefully-if-possible\/\" target=\"_blank\" rel=\"noreferrer noopener\" data-type=\"link\" data-id=\"https:\/\/nypost.com\/2023\/12\/20\/news\/xi-told-biden-he-plans-to-take-taiwan-peacefully-if-possible\/\"><span>ale to se nestalo&#8230;<\/span><\/a><\/p>\n<p><em><span>B\u00edl\u00fd d\u016fm nepop\u0159el v\u00fdm\u011bnu, k n\u00ed\u017e do\u0161lo b\u011bhem summitu 15. listopadu nedaleko San Francisca za \u00fa\u010dasti des\u00edtky americk\u00fdch a \u010d\u00ednsk\u00fdch p\u0159edstavitel\u016f.<\/span><\/em><\/p>\n<p><em><span>&#8222;Nebudu zach\u00e1zet do podrobnost\u00ed diskuse mezi t\u011bmito dv\u011bma v\u016fdci,&#8220; \u0159ekl mluv\u010d\u00ed N\u00e1rodn\u00ed bezpe\u010dnostn\u00ed rady John Kirby novin\u00e1\u0159\u016fm na Air Force One na cest\u011b do Milwaukee.<\/span><\/em><\/p>\n<p><span>P\u00e1ni!<\/span><\/p>\n<p><span>Tak pro\u010d o tom v\u0161ichni v Americe nemluv\u00ed?<\/span><\/p>\n<p><span>Pro\u010d t\u00e9m\u011b\u0159 \u00fapln\u011b zmizel ze zpravodajsk\u00e9ho cyklu?<\/span><\/p>\n<p><span>Jde o jednu z nejv\u011bt\u0161\u00edch novinek roku.<\/span><\/p>\n<p><span>Bl\u00ed\u017e\u00ed se v\u00e1lka s \u010c\u00ednou a \u010c\u00ed\u0148an\u00e9 se na ni hore\u010dn\u011b p\u0159ipravuj\u00ed.<\/span><\/p>\n<p><span>Nap\u0159\u00edklad \u010c\u00ed\u0148an\u00e9\u00a0<\/span><a href=\"https:\/\/www.zerohedge.com\/geopolitical\/beijing-imposes-export-controls-rare-earth-processing-tech-mineral-war-us-heats\" target=\"_blank\" rel=\"noreferrer noopener\" data-type=\"link\" data-id=\"https:\/\/www.zerohedge.com\/geopolitical\/beijing-imposes-export-controls-rare-earth-processing-tech-mineral-war-us-heats\"><span>pr\u00e1v\u011b\u00a0<\/span><\/a><span><a href=\"https:\/\/www.zerohedge.com\/geopolitical\/beijing-imposes-export-controls-rare-earth-processing-tech-mineral-war-us-heats\" target=\"_blank\" rel=\"noreferrer noopener\" data-type=\"link\" data-id=\"https:\/\/www.zerohedge.com\/geopolitical\/beijing-imposes-export-controls-rare-earth-processing-tech-mineral-war-us-heats\">zavedli<\/a>\u00a0kontroly v\u00fdvozu technologi\u00ed zpracov\u00e1n\u00ed vz\u00e1cn\u00fdch zemin \u2026<\/span><\/p>\n<p><em><span>Po setk\u00e1n\u00ed asijsko-pacifick\u00e9 hospod\u00e1\u0159sk\u00e9 spolupr\u00e1ce mezi prezidentem Joe Bidenem a prezidentem Si \u0164in-pchingem minul\u00fd m\u011bs\u00edc v San Franciscu se zd\u00e1, \u017ee nad\u011bje na deeskalaci \u010d\u00ednsko-americk\u00fdch vztah\u016f miz\u00ed pot\u00e9, co \u010c\u00edna ozn\u00e1mila, \u017ee zavedla v\u00fdvozn\u00ed kontroly na technologie t\u011b\u017eby vz\u00e1cn\u00fdch zemin.<\/span><\/em><\/p>\n<p><em><span>\u010c\u00edna je nejv\u011bt\u0161\u00edm sv\u011btov\u00fdm zpracovatelem vz\u00e1cn\u00fdch zemin a uvalila z\u00e1kaz v\u00fdvozu na technologie t\u011b\u017eby a separace vz\u00e1cn\u00fdch zemin, uv\u00e1d\u00ed Bloomberg s odkazem na dokument ministerstva obchodu.<\/span><\/em><\/p>\n<p><em><span>Washington a jeho spojenci se tak sna\u017e\u00ed sn\u00ed\u017eit z\u00e1vislost na \u010c\u00edn\u011b, kter\u00e1 m\u00e1 sev\u0159enou kontrolu na glob\u00e1ln\u00edm trhu vz\u00e1cn\u00fdch zemin.\u00a0Existuje 17 kov\u016f vz\u00e1cn\u00fdch zemin a Peking ovl\u00e1d\u00e1 asi 85 % sv\u011btov\u00e9 rafin\u00e9rsk\u00e9 kapacity.\u00a0Tyto kovy se nach\u00e1zej\u00ed ve v\u0161em, od elektrick\u00fdch vozidel p\u0159es v\u011btrn\u00e9 turb\u00edny a\u017e po vojensk\u00e9 vybaven\u00ed.<\/span><\/em><\/p>\n<p><span>Dal\u0161\u00ed dramatick\u00e9 ekonomick\u00e9 kroky \u010c\u00ed\u0148an\u016f lze o\u010dek\u00e1vat v n\u00e1sleduj\u00edc\u00edch m\u011bs\u00edc\u00edch.<\/span><\/p>\n<p><span>\u010c\u00edna tak\u00e9 pracuje na cel\u00e9 \u0159ad\u011b nov\u00fdch zbra\u0148ov\u00fdch syst\u00e9m\u016f.<\/span><\/p>\n<p><span>To \u00fadajn\u011b zahrnuje zbran\u011b, kter\u00e9 vyu\u017e\u00edvaj\u00ed \u201e\u00a0<\/span><a href=\"https:\/\/www.dailymail.co.uk\/news\/article-12889057\/china-advanced-brain-warfare-tech-devices-enemies-sleep-thought-controlled-weapons.html\" target=\"_blank\" rel=\"noreferrer noopener\" data-type=\"link\" data-id=\"https:\/\/www.dailymail.co.uk\/news\/article-12889057\/china-advanced-brain-warfare-tech-devices-enemies-sleep-thought-controlled-weapons.html\"><span>pokro\u010dilou technologii mozkov\u00e9 v\u00e1lky<\/span><\/a><span>\u00a0\u201c\u2026<\/span><\/p>\n<p><em><span>\u010c\u00edna podle odhalen\u00e9 zpr\u00e1vy pracuje na pokro\u010dil\u00e9 technologii boje s mozkem, kter\u00e1 bude zahrnovat za\u0159\u00edzen\u00ed, kter\u00e1 dok\u00e1\u017eou protivn\u00edky uspat a ovl\u00e1dat jejich mysl.<\/span><\/em><\/p>\n<p><em><span>V\u011bdci objevili dv\u011b ned\u00e1vn\u00e9 studie \u010c\u00ednsk\u00e9 lidov\u00e9 osvobozeneck\u00e9 arm\u00e1dy, kter\u00e9 ukazuj\u00ed, \u017ee arm\u00e1da modernizuje sv\u00e9 zbran\u011b \u201etvrd\u00e9 s\u00edly\u201c novou technologi\u00ed, aby vyhr\u00e1vala v\u00e1lky bez konven\u010dn\u00edch zbran\u00ed.<\/span><\/em><\/p>\n<p><em><span>Biologick\u00e9 zbran\u011b jsou navr\u017eeny tak, aby navodily sp\u00e1nek, naru\u0161ily kognici a bd\u011blost a ovlivnily rozhodov\u00e1n\u00ed, uv\u00e1d\u00ed Washington Times.<\/span><\/em><\/p>\n<p><a href=\"https:\/\/stranapro.cz\/\"><img decoding=\"async\" loading=\"lazy\" class=\"alignnone  wp-image-40285 aligncenter\" src=\"http:\/\/www.infokuryr.cz\/n\/wp-content\/uploads\/2023\/11\/11pro-300x79.png\" alt=\"\" width=\"627\" height=\"165\" srcset=\"https:\/\/www.infokuryr.cz\/n\/wp-content\/uploads\/2023\/11\/11pro-300x79.png 300w, https:\/\/www.infokuryr.cz\/n\/wp-content\/uploads\/2023\/11\/11pro.png 363w\" sizes=\"(max-width: 627px) 100vw, 627px\" \/><\/a><\/p>\n<p><span>\u010c\u00edn\u0161t\u00ed hacke\u0159i nav\u00edc hore\u010dn\u011b nabour\u00e1vaj\u00ed \u201e\u00a0<\/span><a href=\"https:\/\/discernreport.com\/ccp-is-embedding-itself-into-u-s-utility-infrastructure\/\" target=\"_blank\" rel=\"noreferrer noopener\" data-type=\"link\" data-id=\"https:\/\/discernreport.com\/ccp-is-embedding-itself-into-u-s-utility-infrastructure\/\"><span>kritickou infrastrukturu USA<\/span><\/a><span>\u00a0\u201c v o\u010dek\u00e1v\u00e1n\u00ed hroz\u00edc\u00edho konfliktu\u2026<\/span><\/p>\n<p><em><span>Administrativa prezidenta Joea Bidena varovala, \u017ee \u010d\u00edn\u0161t\u00ed hacke\u0159i se zasadili do kritick\u00e9 americk\u00e9 infrastruktury, aby v p\u0159\u00edpad\u011b v\u00e1lky zp\u016fsobili \u201espole\u010densk\u00fd chaos\u201c zevnit\u0159.<\/span><\/em><\/p>\n<p><em><span>Arm\u00e1da Komunistick\u00e9 strany \u010c\u00edny za posledn\u00ed rok \u00fadajn\u011b pronikla do v\u00edce ne\u017e 20 hlavn\u00edch ve\u0159ejn\u00fdch slu\u017eeb, v\u010detn\u011b vod\u00e1rensk\u00e9 spole\u010dnosti na Havaji, v\u00fdznamn\u00e9ho p\u0159\u00edstavu na z\u00e1padn\u00edm pob\u0159e\u017e\u00ed a nejm\u00e9n\u011b jednoho ropovodu a plynovodu.\u00a0\u00dadajn\u011b tak\u00e9 obe\u0161li sofistikovan\u00e9 syst\u00e9my kybernetick\u00e9 bezpe\u010dnosti t\u00edm, \u017ee zachytili hesla a p\u0159ihla\u0161ovac\u00ed \u00fadaje, kter\u00e9 nebyly st\u0159e\u017eeny mlad\u0161\u00edmi zam\u011bstnanci.<\/span><\/em><\/p>\n<p><em><span>Tento projekt, kter\u00fd podnikaj\u00ed v dob\u011b rostouc\u00edho nap\u011bt\u00ed s Tchaj-wanem, m\u00e1 k\u00f3dov\u00e9 ozna\u010den\u00ed Volt Typhoon.\u00a0Analytici poznamenali, \u017ee by to mohlo podkopat snahy USA chr\u00e1nit sv\u00e9 z\u00e1jmy v Jiho\u010d\u00ednsk\u00e9m mo\u0159i.\u00a0\u201eJe jasn\u00e9, \u017ee \u010c\u00ed\u0148an\u00e9 se sna\u017e\u00ed kompromitovat kritickou infrastrukturu, aby se dostali do pozice, kdy jsou schopni tuto kritickou infrastrukturu v p\u0159\u00edpad\u011b konfliktu naru\u0161it nebo zni\u010dit,\u201c \u0159ekl Brandon Wales z Agentury pro kybernetickou bezpe\u010dnost a bezpe\u010dnost infrastruktury. (CISA) Ministerstva pro vnit\u0159n\u00ed bezpe\u010dnost (DHS).<\/span><\/em><\/p>\n<p><span>Mezit\u00edm se zd\u00e1, \u017ee v\u00e1lka na St\u0159edn\u00edm v\u00fdchod\u011b by mohla brzy p\u0159ej\u00edt na dal\u0161\u00ed \u00farove\u0148.<\/span><\/p>\n<p><span>Podle Wall\u00a0<\/span><a href=\"https:\/\/www.wsj.com\/articles\/israel-has-already-opened-the-northern-front-lebanon-hezbollah-iran-d4a6b62e\" target=\"_blank\" rel=\"noreferrer noopener\" data-type=\"link\" data-id=\"https:\/\/www.wsj.com\/articles\/israel-has-already-opened-the-northern-front-lebanon-hezbollah-iran-d4a6b62e\"><span>Street Journal<\/span><\/a><span>\u00a0se \u201en\u00e1razn\u00edkov\u00e1 z\u00f3na na jih od hranice posunula a IDF \u010del\u00ed ka\u017edodenn\u00edm minometn\u00fdm \u00fatok\u016fm Hizball\u00e1hu\u201c.<\/span><\/p>\n<p><span>A Newsweek\u00a0<\/span><a href=\"https:\/\/www.newsweek.com\/israel-closer-full-scale-war-hezbollah-lebanon-1853402\" target=\"_blank\" rel=\"noreferrer noopener\" data-type=\"link\" data-id=\"https:\/\/www.newsweek.com\/israel-closer-full-scale-war-hezbollah-lebanon-1853402\"><span>uv\u00e1d\u00ed<\/span><\/a><span>\u00a0, \u017ee \u201eIzrael se p\u0159ibl\u00ed\u017eil tot\u00e1ln\u00ed v\u00e1lce s libanonsk\u00fdm hnut\u00edm Hizball\u00e1h\u201c&#8230;<\/span><\/p>\n<p><em><span>Izrael se p\u0159ibl\u00ed\u017eil k tot\u00e1ln\u00ed v\u00e1lce s libanonsk\u00fdm hnut\u00edm Hizball\u00e1h.\u00a0Nep\u0159\u00e1telstv\u00ed zes\u00edlilo, proto\u017ee izraelsk\u00e9 obrann\u00e9 s\u00edly (IDF) v p\u00e1smu Gazy jsou ji\u017e zapojeny do dosud nejintenzivn\u011bj\u0161\u00edho konfliktu, uvedl p\u0159edstavitel IDF.<\/span><\/em><\/p>\n<p><em><span>Mluv\u010d\u00ed IDF podplukovn\u00edk Jonathan Conricus v pond\u011bl\u00ed novin\u00e1\u0159\u016fm \u0159ekl, \u017ee Hizball\u00e1h provedl \u201ev\u00edce ne\u017e 1000 r\u016fzn\u00fdch \u00fatok\u016f\u201c od 8. \u0159\u00edjna, tedy dne, kdy palestinsk\u00e9 hnut\u00ed Hamas zah\u00e1jilo bezprecedentn\u00ed p\u0159ekvapiv\u00fd \u00fatok na Izrael druhem munice, raketami z p\u00e1sma Gazy. , rakety, drony, minomety a dal\u0161\u00ed st\u0159\u00edlen\u00e9 na Izrael.<\/span><\/em><\/p>\n<p><em><span>Conricus varoval, \u017ee \u201eHizball\u00e1h, o kter\u00e9m je zn\u00e1mo, \u017ee je z\u00e1stupcem \u00cdr\u00e1nu, nebezpe\u010dn\u011b zatahuje Libanon do zbyte\u010dn\u00e9 v\u00e1lky, kter\u00e1 by mohla m\u00edt potenci\u00e1ln\u011b zni\u010duj\u00edc\u00ed d\u016fsledky pro libanonsk\u00fd st\u00e1t a lid.<\/span><\/em><\/p>\n<p><span>I kdy\u017e jsem toho o v\u00e1lce na Bl\u00edzk\u00e9m v\u00fdchod\u011b v posledn\u00ed dob\u011b moc nenapsal, je jen ot\u00e1zkou \u010dasu, kdy to \u00fapln\u011b exploduje.<\/span><\/p>\n<p><span>Izraelsk\u00e1 vl\u00e1da se rozhodla vytla\u010dit Hizball\u00e1h\u00a0<\/span><a href=\"https:\/\/www.dailymail.co.uk\/news\/article-12876149\/Israel-new-ground-war-Hezbollah-Gaza-Lebanon.html\" target=\"_blank\" rel=\"noreferrer noopener\" data-type=\"link\" data-id=\"https:\/\/www.dailymail.co.uk\/news\/article-12876149\/Israel-new-ground-war-Hezbollah-Gaza-Lebanon.html\"><span>za \u0159eku Litani<\/span><\/a><span>\u00a0a Hizball\u00e1h to nikdy dobrovoln\u011b nedovol\u00ed&#8230;<\/span><\/p>\n<p><em><span>Izrael \u00fadajn\u011b pl\u00e1nuje invazi do Libanonu, aby zatla\u010dil Hizball\u00e1h zp\u011bt od jeho severn\u00ed hranice.\u00a0Od vypuknut\u00ed v\u00e1lky v Gaze za\u017eil Izrael \u0159adu raketov\u00fdch \u00fatok\u016f a ob\u00e1v\u00e1 se, \u017ee teroristick\u00e1 skupina je \u201ehor\u0161\u00ed ne\u017e Hamas\u201c.<\/span><\/em><\/p>\n<p><em><span>Izraelsk\u00e9 obrann\u00e9 s\u00edly (IDF) \u00fadajn\u011b pl\u00e1nuj\u00ed po t\u00fddnech p\u0159eshrani\u010dn\u00ed p\u0159est\u0159elky zah\u00e1jit pozemn\u00ed ofenz\u00edvu v ji\u017en\u00edm Libanonu, aby zatla\u010dily teroristickou skupinu severn\u011b od \u0159eky Litani.<\/span><\/em><\/p>\n<p><span>Jinde Rusov\u00e9 \u00fato\u010d\u00ed na \u201e\u00a0<\/span><a href=\"https:\/\/www.the-sun.com\/news\/9897990\/putin-attacking-ukraine-losing-soldiers-election\/\" target=\"_blank\" rel=\"noreferrer noopener\" data-type=\"link\" data-id=\"https:\/\/www.the-sun.com\/news\/9897990\/putin-attacking-ukraine-losing-soldiers-election\/\"><span>\u0161esti front\u00e1ch<\/span><\/a><span>\u00a0\u201c na Ukrajin\u011b a Kim \u010cong-un pr\u00e1v\u011b\u00a0<\/span><a href=\"https:\/\/www.dailymail.co.uk\/news\/article-12889303\/Kim-Jong-warns-prepared-nuke-provoked-North-Korea.html\" target=\"_blank\" rel=\"noreferrer noopener\" data-type=\"link\" data-id=\"https:\/\/www.dailymail.co.uk\/news\/article-12889303\/Kim-Jong-warns-prepared-nuke-provoked-North-Korea.html\"><span>pohrozil Spojen\u00fdm st\u00e1t\u016fm jadernou v\u00e1lkou&#8230;<\/span><\/a><\/p>\n<p><em><span>Severokorejsk\u00fd v\u016fdce Kim \u010cong-un varoval Pchjongjang, \u017ee by nev\u00e1hal zah\u00e1jit jadern\u00fd \u00fatok na Spojen\u00e9 st\u00e1ty, pokud by byly \u201evyprovokov\u00e1ny jadern\u00fdmi zbran\u011bmi\u201c, uvedla ve \u010dtvrtek st\u00e1tn\u00ed m\u00e9dia.<\/span><\/em><\/p>\n<p><em><span>Kimovo varov\u00e1n\u00ed n\u00e1sledovalo po sch\u016fzce mezi Ji\u017en\u00ed Koreou a Spojen\u00fdmi st\u00e1ty minul\u00fd t\u00fdden ve Washingtonu, kde jednali o jadern\u00e9m odstra\u0161en\u00ed v p\u0159\u00edpad\u011b konfliktu se Severem.<\/span><\/em><\/p>\n<p><span>Nepochybn\u011b \u017eijeme v\u00a0<\/span><a href=\"https:\/\/www.amazon.com\/dp\/B0CM4ZB9TW\" target=\"_blank\" rel=\"noreferrer noopener\" data-type=\"link\" data-id=\"https:\/\/www.amazon.com\/dp\/B0CM4ZB9TW\"><span>dob\u011b v\u00e1lek a pov\u011bst\u00ed o v\u00e1lk\u00e1ch<\/span><\/a><span>\u00a0a j\u00e1 pln\u011b o\u010dek\u00e1v\u00e1m, \u017ee rok 2024 bude rokem v\u00e1lky.<\/span><\/p>\n<p><span>Proto bych v\u00e1s cht\u011bl v\u0161echny povzbudit, abyste se p\u0159ipravili na chaos, kter\u00fd n\u00e1s \u010dek\u00e1, proto\u017ee glob\u00e1ln\u00ed ud\u00e1losti se brzy zcela vymknou kontrole.<\/span><\/p>\n<\/div>\n<\/div>\n<div class=\"elementor-element elementor-element-8c57238 quelle dc-has-condition dc-condition-empty elementor-widget elementor-widget-heading\" data-id=\"8c57238\" data-element_type=\"widget\" data-widget_type=\"heading.default\">\n<div class=\"elementor-widget-container\">\n<h3 class=\"elementor-heading-title elementor-size-default\"><span style=\"font-size: 10pt;\"><a href=\"https:\/\/theeconomiccollapseblog.com\/this-is-why-a-war-between-the-united-states-and-china-is-inevitable\/\" target=\"_blank\" rel=\"nofollow noopener\">ZDROJ<\/a><\/span><\/h3>\n<\/div>\n<p>&nbsp;<\/p>\n<\/div>\n","protected":false},"excerpt":{"rendered":"<p>Jedna z nejv\u011bt\u0161\u00edch bomb roku pr\u00e1v\u011b spadla, ale nyn\u00ed t\u00e9m\u011b\u0159 zmizela z cyklu zpr\u00e1v.\u00a0NBC News&#8230;<\/p>\n","protected":false},"author":2,"featured_media":7325,"comment_status":"closed","ping_status":"closed","sticky":false,"template":"","format":"standard","meta":[],"categories":[7],"tags":[30,333,37,40],"_links":{"self":[{"href":"https:\/\/www.infokuryr.cz\/n\/wp-json\/wp\/v2\/posts\/43371"}],"collection":[{"href":"https:\/\/www.infokuryr.cz\/n\/wp-json\/wp\/v2\/posts"}],"about":[{"href":"https:\/\/www.infokuryr.cz\/n\/wp-json\/wp\/v2\/types\/post"}],"author":[{"embeddable":true,"href":"https:\/\/www.infokuryr.cz\/n\/wp-json\/wp\/v2\/users\/2"}],"replies":[{"embeddable":true,"href":"https:\/\/www.infokuryr.cz\/n\/wp-json\/wp\/v2\/comments?post=43371"}],"version-history":[{"count":0,"href":"https:\/\/www.infokuryr.cz\/n\/wp-json\/wp\/v2\/posts\/43371\/revisions"}],"wp:featuredmedia":[{"embeddable":true,"href":"https:\/\/www.infokuryr.cz\/n\/wp-json\/wp\/v2\/media\/7325"}],"wp:attachment":[{"href":"https:\/\/www.infokuryr.cz\/n\/wp-json\/wp\/v2\/media?parent=43371"}],"wp:term":[{"taxonomy":"category","embeddable":true,"href":"https:\/\/www.infokuryr.cz\/n\/wp-json\/wp\/v2\/categories?post=43371"},{"taxonomy":"post_tag","embeddable":true,"href":"https:\/\/www.infokuryr.cz\/n\/wp-json\/wp\/v2\/tags?post=43371"}],"curies":[{"name":"wp","href":"https:\/\/api.w.org\/{rel}","templated":true}]}}