{"id":43361,"date":"2023-12-27T06:20:44","date_gmt":"2023-12-27T05:20:44","guid":{"rendered":"http:\/\/www.infokuryr.cz\/n\/?p=43361"},"modified":"2023-12-27T06:20:44","modified_gmt":"2023-12-27T05:20:44","slug":"michael-svatos-brusel-na-zachranu-ocelarny-v-bohate-cr-ani-euro-na-zachranu-ocelarny-v-chude-italii-20-miliard","status":"publish","type":"post","link":"https:\/\/www.infokuryr.cz\/n\/2023\/12\/27\/michael-svatos-brusel-na-zachranu-ocelarny-v-bohate-cr-ani-euro-na-zachranu-ocelarny-v-chude-italii-20-miliard\/","title":{"rendered":"Michael Svato\u0161: Brusel \u2013 Na z\u00e1chranu ocel\u00e1rny v \u201cbohat\u00e9\u201d \u010cR ani EURO! Na z\u00e1chranu ocel\u00e1rny v \u201cchud\u00e9\u201d It\u00e1lii 20 miliard!"},"content":{"rendered":"<div id=\"fb-root\"><\/div>\n<p><span style=\"font-size: 18pt;\"><strong>Brusel \u2013 Na z\u00e1chranu ocel\u00e1rny v \u201cbohat\u00e9\u201d \u010cR ani EURO! Na z\u00e1chranu ocel\u00e1rny v \u201cchud\u00e9\u201d It\u00e1lii 20 miliard! Pro\u010d to \u017e\u00e1dn\u00e9mu \u010desk\u00e9mu politikovi nevad\u00ed !?<\/strong><\/span><\/p>\n<p>V\u0161ichni \u010de\u0161t\u00ed politici se spokojen\u011b rozjeli na v\u00e1no\u010dn\u00ed a novoro\u010dn\u00ed sv\u00e1tky, a \u017ee v Ostrav\u011b krachuje ocel\u00e1rna Liberty, b\u00fdval\u00e1 Nov\u00e1 hu\u0165 Klementa Gottwalda evidentn\u011b nikomu nevad\u00ed.\u00a0<a href=\"https:\/\/cs.wikipedia.org\/wiki\/Pavel_Tuleja\">Kandid\u00e1t na poslance z TOP-09 dokonce<\/a>\u00a0v\u010dera poradil v mainstreamu, aby\u00a0<a href=\"https:\/\/www.novinky.cz\/clanek\/ekonomika-ekonom-pavel-tuleja-stat-by-mel-pomoci-predevsim-lidem-ne-soukrome-firme-40455283#dop_ab_variant=0&amp;dop_source_zone_name=novinky.sznhp.box&amp;source=hp&amp;seq_no=7&amp;utm_campaign=abtest228_personal_layout_3_varAA&amp;utm_medium=z-boxiku&amp;utm_source=www.seznam.cz\">premi\u00e9r Fiala v \u017e\u00e1dn\u00e9m p\u0159\u00edpad\u011b ocel\u00e1rnu nezachra\u0148oval<\/a>!<\/p>\n<p>To v It\u00e1lii, kde vl\u00e1dne Ameri\u010dany vycvi\u010den\u00e1 Georgia Meloniov\u00e1 je tomu p\u0159esn\u011b naopak! V \u0159\u00edjnu,\u00a0<a href=\"https:\/\/www.irozhlas.cz\/ekonomika\/liberta-ostrava-odbory_2310171315_cen\">kdy odbory v \u010cR varovaly<\/a>, \u017ee se v Ostrav\u011b zav\u00edr\u00e1 posledn\u00ed pec ocel\u00e1rny Liberty, a \u017ee 6 000 zam\u011bstnanc\u016f m\u016f\u017ee p\u0159ij\u00edt o pr\u00e1ci, Fiala a Stanjura ned\u011blali jako obvykle nic. Ani je nezaj\u00edmalo, \u017ee do It\u00e1lie p\u0159ijela na n\u00e1v\u0161t\u011bvu evropsk\u00e1 komisa\u0159ka pro z\u00e1chranu chud\u00fdch oblast\u00ed EU posti\u017een\u00fdch pr\u016fmyslovou transformac\u00ed a drahotou\u00a0<a href=\"https:\/\/en.wikipedia.org\/wiki\/Elisa_Ferreira\">Elisa Maria da Costa Guimar\u00e3es Ferreira<\/a>, a rovnou si to nam\u00ed\u0159ila do m\u011bsta v italsk\u00e9 bot\u011b Tarento,\u00a0198 tis\u00edc obyvatel, kde hrozilo uzav\u0159en\u00ed m\u00edstn\u00ed ocel\u00e1rny Ilva, kter\u00e1 d\u00e1v\u00e1 pr\u00e1ci 4 300 Ital\u016fm.\u00a0<a href=\"https:\/\/www.ilsole24ore.com\/art\/taranto-fondi-ue-jtf-scommessa-il-rilancio-AFbovj8\">A p\u0159ivezla sebou na z\u00e1chranu tohoto m\u011bsta a tamn\u00ed ocel\u00e1rny\u00a0<\/a>796 milion\u016f EUR, tedy p\u011bkn\u00fdch 20 miliard korun!\u00a0<a href=\"https:\/\/it.jooble.org\/salary\/citta-nostra\/Taranto\">V chud\u00e9m Tarentu je pr\u016fm\u011brn\u00fd plat 3467 EUR m\u011bs\u00ed\u010dn\u011b<\/a>, tedy 90 000 korun, o \u010dem\u017e se v bohat\u00e9 Ostrav\u011b m\u016f\u017ee zam\u011bstnanc\u016fm jenom zd\u00e1t.\u00a0<a href=\"https:\/\/www.idealista.it\/news\/immobiliare\/residenziale\/2023\/08\/17\/175073-vivere-a-taranto-quartieri-migliori-e-costi#:~:text=Si%20tratta%20infatti%20di%20una,aggira%20intorno%20ai%201160%20euro.\">Byt 60 metr\u016f \u010dtvere\u010dn\u00edch se v Tarentu pronaj\u00edm\u00e1 za 9 000 CZK<\/a>, v Ostrav\u011b za 13 500 CZK. V Ostrav\u011b nen\u00ed ani mo\u0159e, jako v Tarentu, a o pr\u016fmyslov\u00e9m zne\u010di\u0161t\u011bn\u00ed Ostravska se vypr\u00e1v\u011bj\u00ed legendy! P\u0159esto na z\u00e1chranu Tarenta a jeho hut\u011b EU pos\u00edl\u00e1 20 miliard korun, a na z\u00e1chranu Ostravy a jeho hut\u011b ani EURO!<\/p>\n<div id=\"attachment_8426\" class=\"wp-caption aligncenter\" style=\"width: 543px;\"><img decoding=\"async\" loading=\"lazy\" class=\" wp-image-8426\" src=\"https:\/\/www.michalapetr.com\/wp-content\/uploads\/2023\/12\/Prime_Minister_Petteri_Orpo_and_Commissioner_Elisa_Ferreira_met_in_Helsinki_on_21_September_2023_53203196495_cropped.jpg\" alt=\"\" width=\"543\" height=\"723\" aria-describedby=\"caption-attachment-8426\" \/><\/p>\n<p id=\"caption-attachment-8426\" class=\"wp-caption-text\">Bruselsk\u00e1 komisa\u0159ka Ferreira nad\u011blila p\u0159ed p\u00e1r m\u011bs\u00edci na z\u00e1chranu italsk\u00e9 ocel\u00e1rny 20 miliard, na z\u00e1chranu ostravsk\u00e9 ocel\u00e1rny nic!!!! A to se vyplat\u00ed!<\/p>\n<\/div>\n<p>Vin\u00edky jsou jasn\u011b premi\u00e9\u0159i Babi\u0161 a Fiala, a minist\u0159i financ\u00ed Schilerov\u00e1 a Stanjura. Proto\u017ee Babi\u0161ova vl\u00e1da souhlasila, \u017ee bohat\u00e9 \u010cesko dostane na ka\u017ed\u00e9ho \u010cecha dotaci 2000 korun, a chud\u00e1 Italie 80 000 korun na ka\u017ed\u00e9ho Itala. (Viz MAP 1865.) A Fialova vl\u00e1da se zaj\u00edm\u00e1 jenom o to kolik miliard se z Bruselu po\u0161le do Kyjeva, a ne do \u010cR. Gener\u00e1lov\u00e9 PePa, \u0158ehka a pir\u00e1tsk\u00fd v\u00e1le\u010dn\u00edk Lipavsk\u00fd se neust\u00e1le p\u0159ipravuj\u00ed na jakousi v\u00e1lku s Putinem, kter\u00fd se n\u00e1s pr\u00fd chyst\u00e1 \u010dasem napadnout, ale asi jim n\u011bjak nedoch\u00e1z\u00ed, \u017ee k v\u00fdrob\u011b zbran\u00ed pot\u0159ebujeme ocel, a ocel\u00e1rnu, aby ji vyr\u00e1b\u011bla!!\u00a0<a href=\"https:\/\/en.wikipedia.org\/wiki\/Ilva_(company)\">Italsk\u00e1 ocel\u00e1rna Ilva v Tarentu byla dokonce v roce 2020 zest\u00e1tn\u011bna!<\/a>, aby nezkrachovala, a v roce 2021 nov\u011b privatizov\u00e1na, a tak\u00e9 za evropsk\u00e9 miliardy modernizov\u00e1na, aby u\u017e nezne\u010di\u0161\u0165ovala \u017eivotn\u00ed prost\u0159ed\u00ed!!! A te\u010f dostanou dal\u0161\u00edch 20 miliard!! Op\u011bt se tak ukazuje, \u017ee \u010de\u0161t\u00ed politici mysl\u00ed jen na v\u00fd\u0161i sv\u00fdch plat\u016f, a nikdy na \u010desk\u00e9 ob\u010dany!!! Kdy bude n\u011bjak\u00fd \u010cesk\u00fd politik po\u017eadovat, aby n\u00e1m Brusel vyplatil 20 miliard korun na z\u00e1chranu ostravsk\u00fdch hut\u00ed, kdy\u017e je vyplatil It\u00e1lii!?<\/p>\n<p>Mnohem podrobn\u011bji jsem v\u010dera rozeb\u00edral situaci kolem dotac\u00ed, imigrace a mo\u017en\u00e9 v\u00e1lky mezi \u010c\u00ednou, Ruskem a USA\u00a0<a class=\"mfp-iframe lightbox-added\" href=\"https:\/\/www.youtube.com\/watch?v=pqlpwxIXMEQ\">na Bure\u0161 TV, na tomto odkazu<\/a>. Dne\u0161n\u00ed anal\u00fdza je proto pouze jako odkaz na hlavn\u00ed zdroje dat, kter\u00e1 byla v po\u0159adu nov\u00e1.<\/p>\n<p><a href=\"https:\/\/www.michalapetr.com\/map-1866-brusel-na-zachranu-ocelarny-v-bohate-cr-ani-euro-na-zachranu-ocelarny-v-chude-italii-20-miliard-proc-to-zadnemu-ceskemu-politikovi-nevadi\/\">Michael Svato\u0161<\/a><\/p>\n<p><img decoding=\"async\" loading=\"lazy\" class=\"alignnone size-full wp-image-27204\" src=\"http:\/\/www.infokuryr.cz\/n\/wp-content\/uploads\/2023\/05\/Michael_Svatos.png\" alt=\"\" width=\"180\" height=\"180\" srcset=\"https:\/\/www.infokuryr.cz\/n\/wp-content\/uploads\/2023\/05\/Michael_Svatos.png 180w, https:\/\/www.infokuryr.cz\/n\/wp-content\/uploads\/2023\/05\/Michael_Svatos-150x150.png 150w\" sizes=\"(max-width: 180px) 100vw, 180px\" \/><\/p>\n<p>&nbsp;<\/p>\n<p><a href=\"https:\/\/stranapro.cz\/\"><img decoding=\"async\" loading=\"lazy\" class=\"wp-image-40286 aligncenter\" src=\"http:\/\/www.infokuryr.cz\/n\/wp-content\/uploads\/2023\/11\/12pro-300x87.png\" alt=\"\" width=\"921\" height=\"267\" srcset=\"https:\/\/www.infokuryr.cz\/n\/wp-content\/uploads\/2023\/11\/12pro-300x87.png 300w, https:\/\/www.infokuryr.cz\/n\/wp-content\/uploads\/2023\/11\/12pro.png 366w\" sizes=\"(max-width: 921px) 100vw, 921px\" \/><\/a><\/p>\n<p>&nbsp;<\/p>\n<p>&nbsp;<\/p>\n","protected":false},"excerpt":{"rendered":"<p>Brusel \u2013 Na z\u00e1chranu ocel\u00e1rny v \u201cbohat\u00e9\u201d \u010cR ani EURO! Na z\u00e1chranu ocel\u00e1rny v \u201cchud\u00e9\u201d&#8230;<\/p>\n","protected":false},"author":2,"featured_media":35201,"comment_status":"closed","ping_status":"closed","sticky":false,"template":"","format":"standard","meta":[],"categories":[6],"tags":[1042,640,2281,90],"_links":{"self":[{"href":"https:\/\/www.infokuryr.cz\/n\/wp-json\/wp\/v2\/posts\/43361"}],"collection":[{"href":"https:\/\/www.infokuryr.cz\/n\/wp-json\/wp\/v2\/posts"}],"about":[{"href":"https:\/\/www.infokuryr.cz\/n\/wp-json\/wp\/v2\/types\/post"}],"author":[{"embeddable":true,"href":"https:\/\/www.infokuryr.cz\/n\/wp-json\/wp\/v2\/users\/2"}],"replies":[{"embeddable":true,"href":"https:\/\/www.infokuryr.cz\/n\/wp-json\/wp\/v2\/comments?post=43361"}],"version-history":[{"count":0,"href":"https:\/\/www.infokuryr.cz\/n\/wp-json\/wp\/v2\/posts\/43361\/revisions"}],"wp:featuredmedia":[{"embeddable":true,"href":"https:\/\/www.infokuryr.cz\/n\/wp-json\/wp\/v2\/media\/35201"}],"wp:attachment":[{"href":"https:\/\/www.infokuryr.cz\/n\/wp-json\/wp\/v2\/media?parent=43361"}],"wp:term":[{"taxonomy":"category","embeddable":true,"href":"https:\/\/www.infokuryr.cz\/n\/wp-json\/wp\/v2\/categories?post=43361"},{"taxonomy":"post_tag","embeddable":true,"href":"https:\/\/www.infokuryr.cz\/n\/wp-json\/wp\/v2\/tags?post=43361"}],"curies":[{"name":"wp","href":"https:\/\/api.w.org\/{rel}","templated":true}]}}