{"id":43354,"date":"2023-12-27T04:49:01","date_gmt":"2023-12-27T03:49:01","guid":{"rendered":"http:\/\/www.infokuryr.cz\/n\/?p=43354"},"modified":"2023-12-27T05:51:51","modified_gmt":"2023-12-27T04:51:51","slug":"jiri-paroubek-prinese-vlada-ano-zmenu","status":"publish","type":"post","link":"https:\/\/www.infokuryr.cz\/n\/2023\/12\/27\/jiri-paroubek-prinese-vlada-ano-zmenu\/","title":{"rendered":"Ji\u0159\u00ed Paroubek: P\u0159inese vl\u00e1da ANO zm\u011bnu?"},"content":{"rendered":"<div id=\"fb-root\"><\/div>\n<p><strong>Sou\u010dasn\u00e1 Fialova vl\u00e1da na\u0161\u00ed zemi \u0161kod\u00ed. D\u016fsledky n\u011bkter\u00fdch jejich rozhodnut\u00ed na n\u00e1s budou dopadat je\u0161t\u011b za dv\u011b generace \u2013 zadlu\u017een\u00ed zem\u011b, nastaven\u00ed stamiliardov\u00fdch a ka\u017edoro\u010dn\u00edch v\u00fddaj\u016f za vojensk\u00fd \u0161rot. Po\u0161kozen\u00e9 anebo \u00fapln\u011b zp\u0159etrhan\u00e9 mezin\u00e1rodn\u00ed obchodn\u00ed vazby (v d\u016fsledku toho jsou drah\u00e9 suroviny a energie), likvidace uheln\u00e9 energetiky a tradi\u010dn\u00edho autopr\u016fmyslu, bez budov\u00e1n\u00ed relevantn\u00ed n\u00e1hrady apod.<\/strong><\/p>\n<p>Z\u00e1sadn\u00ed rozhodnut\u00ed ovliv\u0148uj\u00edc\u00ed n\u00e1\u0161 dne\u0161n\u00ed \u017eivot se d\u011blaly \u010dasto p\u0159ed mnoha des\u00edtkami let. Velik\u00e1ny autopr\u016fmyslu jsme se stali rozhodnut\u00edm \u010desk\u00e9 vl\u00e1dy za\u010d\u00e1tkem devades\u00e1t\u00fdch let o prodeji \u0160kodovky n\u011bmeck\u00e9mu VW. Elektr\u00e1renskou velmoc\u00ed jsme se stali rozhodnut\u00edmi o budov\u00e1n\u00ed jadern\u00fdch elektr\u00e1ren je\u0161t\u011b v dob\u00e1ch re\u00e1ln\u00e9ho socialismu, v\u010detn\u011b dobudov\u00e1n\u00ed Temel\u00edna za Zemanovy vl\u00e1dy.<\/p>\n<p>ANO Andreje Babi\u0161e u\u017e tady spoluvl\u00e1dlo 8 let. Ve srovn\u00e1n\u00ed s\u00a0v\u00fdkonem \u201enutelli\u00e9ra\u201c Fialy \u0161lo o vl\u00e1dy mnohem erudovan\u00e9j\u0161\u00ed, obl\u00edben\u011bj\u0161\u00ed a znateln\u011b m\u00e9n\u011b \u0161kodliv\u00e9. Nicm\u00e9n\u011b ani vl\u00e1dy s \u00fa\u010dast\u00ed hnut\u00ed ANO nic z\u00e1sadn\u011b pozitivn\u00edho pro dal\u0161\u00ed rozvoj zem\u011b ned\u011blaly. Zkusme si to zrekapitulovat.<\/p>\n<p>Hnut\u00ed ANO vl\u00e1dlo se soci\u00e1ln\u00ed demokraci\u00ed. V\u00a0prvn\u00edm obdob\u00ed jako po\u010detn\u011b slab\u0161\u00ed partner fakticky v\u0161ak slab\u0161\u00edho premi\u00e9ra Sobotky, ve druh\u00e9m u\u017e jako naprosto dominuj\u00edc\u00ed s\u00edla s ob\u010dasn\u00fdm sekundov\u00e1n\u00edm Ham\u00e1\u010dka.<\/p>\n<p>K\u00a0pozitiv\u016fm t\u011bchto vl\u00e1d pat\u0159\u00ed, \u017ee rostly d\u016fchody a minim\u00e1ln\u00ed mzda o n\u011bco rychleji, ne\u017e odpov\u00eddalo celkov\u00e9mu ekonomick\u00e9mu r\u016fstu a rozhodnut\u00edm p\u0159edchoz\u00edch vl\u00e1d. Rostly i mzdy ve st\u00e1tn\u00edch slu\u017eb\u00e1ch a t\u00edm i v\u00a0cel\u00e9m hospod\u00e1\u0159stv\u00ed. To umo\u017e\u0148ovala tak\u00e9 celkem dobr\u00e1 sv\u011btov\u00e1 ekonomick\u00e1 situace a n\u00e1vrhy v\u011bt\u0161inou p\u0159edkl\u00e1dali soci\u00e1ln\u00ed demokrat\u00e9.<\/p>\n<p>Rychlej\u0161\u00edmu bohatnut\u00ed lid\u00ed br\u00e1nila vlastn\u011b jen \u010cNB nesmysln\u00fdm oslabov\u00e1n\u00edm koruny. Bohu\u017eel vl\u00e1da k\u00a0tomu sp\u00ed\u0161 ml\u010dela (Sobotka tuto hloupost ve\u0159ejne podpo\u0159il).<\/p>\n<p>Zavedla se elektronick\u00e1 evidence tr\u017eeb pro maloobchod, bez rozd\u00edlu velikosti podnik\u016f, co\u017e hlavn\u011b zat\u00ed\u017eilo firmy mal\u00e9. Zavedla se dal\u0161\u00ed da\u0148ov\u00e1 administrativn\u00ed opat\u0159en\u00ed, t\u0159eba da\u0148ov\u00e1 hl\u00e1\u0161en\u00ed. Z\u00a0dat plyne, \u017ee to m\u011blo vliv na vy\u0161\u0161\u00ed da\u0148ov\u00fd v\u00fdb\u011br, ale v\u00a0celkov\u00e9m sou\u010dtu ne z\u00e1sadn\u00ed. Oligopol\u016fm se na dividendy a dan\u011b nes\u00e1hlo, a tak d\u00e1l ka\u017edoro\u010dn\u011b z\u00a0republiky mizely u subjekt\u016f se zahrani\u010dn\u00edmi majiteli stamiliardy stejn\u011b jako dnes.<\/p>\n<p>Naopak, z\u00e1sadn\u00ed sekeru do rozpo\u010dtu za\u0165ali zru\u0161en\u00edm superhrub\u00e9 mzdy. To prosadilo hnuti ANO s\u00a0ODS. A soci\u00e1ln\u00ed demokrat\u00e9 tomu nedok\u00e1zali zabr\u00e1nit. (To byl posledn\u00ed okam\u017eik, kdy \u010cSSD mohla a m\u011bla odej\u00edt z vl\u00e1dy). St\u00e1tn\u00ed kasa p\u0159ich\u00e1z\u00ed od t\u00e9 doby o n\u011bjak\u00fdch sto miliard ka\u017edoro\u010dn\u011b. To by asi bylo i p\u0159ijateln\u00e9, kdyby rozd\u011blen\u00ed t\u011bchto prost\u0159edk\u016f neprob\u00edhalo tak asymetricky. Lidem s\u00a0pr\u016fm\u011brn\u00fdmi a podpr\u016fm\u011brn\u00fdmi p\u0159\u00edjmy z\u016fstalo m\u00e1lo, student\u016fm a d\u016fchodc\u016fm z\u00a0toho neplynulo nic, ale bohat\u0161\u00ed na tom vyd\u011bl\u00e1vaj\u00ed m\u011bs\u00ed\u010dn\u011b celkem p\u011bkn\u00fd bal\u00edk. Sn\u00ed\u017eila se m\u00edra solidarity, soci\u00e1ln\u00ed soudr\u017enosti spole\u010dnosti a rozev\u00edraj\u00ed se n\u016f\u017eky mezi chud\u00fdmi a bohat\u00fdmi, nav\u00edc rozpo\u010dtu sch\u00e1z\u00ed ka\u017edoro\u010dn\u011b sto miliard, tedy se rychleji zadlu\u017eujeme.<\/p>\n<p><a href=\"https:\/\/stranapro.cz\/\"><img decoding=\"async\" loading=\"lazy\" class=\"alignnone  wp-image-40285 aligncenter\" src=\"http:\/\/www.infokuryr.cz\/n\/wp-content\/uploads\/2023\/11\/11pro-300x79.png\" alt=\"\" width=\"581\" height=\"153\" srcset=\"https:\/\/www.infokuryr.cz\/n\/wp-content\/uploads\/2023\/11\/11pro-300x79.png 300w, https:\/\/www.infokuryr.cz\/n\/wp-content\/uploads\/2023\/11\/11pro.png 363w\" sizes=\"(max-width: 581px) 100vw, 581px\" \/><\/a><\/p>\n<p>Ve \u0161kolstv\u00ed se za t\u011bchto vl\u00e1d prosadila inkluze stoj\u00edc\u00ed nav\u00edc mnoho miliard ro\u010dn\u011b a vedouc\u00ed k\u00a0na\u0161tvanosti velk\u00e9 \u010d\u00e1sti u\u010ditel\u016f, \u017e\u00e1k\u016f i rodi\u010d\u016f. Pos\u00edlil se vliv r\u016fzn\u00fdch neziskovek a byznysu, kter\u00fd zaji\u0161\u0165uje v\u0161emo\u017en\u00e9 testov\u00e1n\u00ed, st\u00e1tn\u00edmi maturitami po\u010d\u00ednaje.<\/p>\n<p>Ve zdravotnictv\u00ed nic moc nem\u011bnili, tak ani nic nezkazili, co\u017e je po zku\u0161enosti s\u00a0Jul\u00ednkovou a ODS reformou, velk\u00e9 plus.<\/p>\n<p>Andrej Babi\u0161 nakoupil pro arm\u00e1du vrtuln\u00edky, stejn\u011b nepot\u0159ebn\u00e9 jako st\u00edha\u010dky, ale aspo\u0148 o dost levn\u011bj\u0161\u00ed.<\/p>\n<p>Proti emisn\u00edm povolenk\u00e1m se tyto vl\u00e1dy nevzep\u0159ely stejn\u011b, jako se nevzep\u0159ely pl\u00e1nu na z\u00e1kaz spalovac\u00edch motor\u016f. Neud\u011blaly ani \u017e\u00e1dn\u00e9 kl\u00ed\u010dov\u00e9 rozhodnut\u00ed, kter\u00e9 by nasm\u011brovalo budouc\u00ed pr\u016fmysl zem\u011b jin\u00fdm sm\u011brem, kdy\u017e tradi\u010dn\u00ed automobily cht\u011bj\u00ed zak\u00e1zat.<\/p>\n<p>V\u00a0oblasti energetiky se sp\u00ed\u0161 p\u0159e\u0161lapovalo a vy\u010dk\u00e1valo.<\/p>\n<p>D\u00e1lnice do Rakouska, stejn\u011b jako okruh kolem Prahy nebo severn\u00ed d\u00e1lnice na Moravu dokon\u010deny zdaleka nebyly.<\/p>\n<p>Pochvalu lze asi d\u00e1t za rozumnou, klidnou a neideologickou zahrani\u010dn\u00ed politiku. Taky za odm\u00edtnut\u00ed migra\u010dn\u00edch kv\u00f3t. Dnes je zahrani\u010dn\u00ed politika ideologickou agitkou, kterou spojenci nijak neodm\u011bn\u00ed a vyr\u00e1b\u00ed n\u00e1m to mno\u017estv\u00ed mocn\u00fdch nep\u0159\u00e1tel. \u0160kody jsou a dlouhodob\u011b budou nedoz\u00edrn\u00e9.<\/p>\n<p>O zvl\u00e1dnut\u00ed covidu nechci p\u0159\u00edli\u0161 ps\u00e1t, proto\u017ee \u0161lo o situaci zcela v\u00fdjime\u010dnou s\u00a0mno\u017estv\u00edm v\u011bt\u0161\u00edch a men\u0161\u00edch chyb, ale t\u011b\u017eko se v\u00fdkon vl\u00e1dy v\u00a0tomto obdob\u00ed s\u00a0n\u011b\u010d\u00edm srovn\u00e1v\u00e1. Lze jen konstatovat, \u017ee jsme nebyli tak dob\u0159\u00ed jako t\u0159eba \u0160v\u00e9dov\u00e9, ale tak n\u011bjak jsme se dr\u017eeli v\u00a0p\u00e1smu pr\u016fm\u011bru ostatn\u00edch vl\u00e1d. Ur\u010dit\u011b jsme nebyli \u201ebest of covid\u201c, jak pravil Andrej Babi\u0161 a taky n\u00e1s to st\u00e1lo hodn\u011b pen\u011bz, asi v\u00edc ne\u017e \u010din\u00ed pr\u016fm\u011br ostatn\u00edch zem\u00ed. Stali jsme se jednou z\u00a0nejrychleji se zadlu\u017euj\u00edc\u00edch zem\u00ed v EU.<\/p>\n<p>Dnes hnut\u00ed ANO vyd\u011bl\u00e1v\u00e1 na neuv\u011b\u0159iteln\u00e9 neschopnosti \u201enutelli\u00e9rovy\u201c vl\u00e1dy. Na rozd\u00edl od Fica nebo Orb\u00e1na v\u0161ak v\u00a0z\u00e1sadn\u00edch v\u011bcech bu\u010f ml\u010d\u00ed, nebo s\u00a0vl\u00e1dou dr\u017e\u00ed basu. P\u0159\u00edkladem je v\u00e1lka na Ukrajin\u011b. Dal\u0161\u00ed je jak\u00e1si vla\u017en\u00e1 podpora vl\u00e1dy utr\u00e1cet stamiliardy za nakup vojenskeho \u0161rotu. O progresivn\u00edm zdan\u011bn\u00ed oligopol\u016f a bank ANO ml\u010d\u00ed, stejn\u011b jako o odm\u00edtnut\u00ed emisn\u00edch povolenek a vetov\u00e1n\u00ed z\u00e1kazu spalovac\u00edch motor\u016f.<\/p>\n<p>Kone\u010dn\u011b, pan\u00ed Jourov\u00e1 a pan\u00ed Chranzov\u00e1, dv\u011b nejvlivn\u011bj\u0161\u00ed osoby z ANO v\u00a0EU, jsou jasn\u00e9 podporovatelky v\u0161ech t\u011bchto nebezpe\u010dn\u00fdch nesmysl\u016f, kter\u00e9 n\u00e1s uvrhnou do je\u0161t\u011b v\u011bt\u0161\u00edch probl\u00e9m\u016f, ne\u017e ve kter\u00fdch dnes jsme. Kdo v ve volb\u00e1ch do EP bude volit ANO, ve skute\u010dnosti vlastn\u011b bude volit program dne\u0161n\u00ed vl\u00e1dn\u00ed koalice.<\/p>\n<p>Hnuti ANO je p\u0159edstavitelem m\u00edrn\u00e9ho pokroku v\u00a0mez\u00edch vyt\u00fd\u010den\u00fdch progresivistick\u00fdm veden\u00edm EU.<\/p>\n<p><a href=\"https:\/\/vasevec.info\/domaci-politika\/prinese-vlada-ano-zmenu\">Ji\u0159\u00ed Paroubek<\/a><\/p>\n<p><img decoding=\"async\" loading=\"lazy\" class=\"alignnone size-medium wp-image-2342\" src=\"http:\/\/www.infokuryr.cz\/n\/wp-content\/uploads\/2021\/06\/paroubek-300x208.jpg\" alt=\"\" width=\"300\" height=\"208\" srcset=\"https:\/\/www.infokuryr.cz\/n\/wp-content\/uploads\/2021\/06\/paroubek-300x208.jpg 300w, https:\/\/www.infokuryr.cz\/n\/wp-content\/uploads\/2021\/06\/paroubek.jpg 318w\" sizes=\"(max-width: 300px) 100vw, 300px\" \/><\/p>\n<p>&nbsp;<\/p>\n","protected":false},"excerpt":{"rendered":"<p>Sou\u010dasn\u00e1 Fialova vl\u00e1da na\u0161\u00ed zemi \u0161kod\u00ed. D\u016fsledky n\u011bkter\u00fdch jejich rozhodnut\u00ed na n\u00e1s budou dopadat je\u0161t\u011b&#8230;<\/p>\n","protected":false},"author":2,"featured_media":31077,"comment_status":"closed","ping_status":"closed","sticky":false,"template":"","format":"standard","meta":[],"categories":[6],"tags":[159,29,122,99],"_links":{"self":[{"href":"https:\/\/www.infokuryr.cz\/n\/wp-json\/wp\/v2\/posts\/43354"}],"collection":[{"href":"https:\/\/www.infokuryr.cz\/n\/wp-json\/wp\/v2\/posts"}],"about":[{"href":"https:\/\/www.infokuryr.cz\/n\/wp-json\/wp\/v2\/types\/post"}],"author":[{"embeddable":true,"href":"https:\/\/www.infokuryr.cz\/n\/wp-json\/wp\/v2\/users\/2"}],"replies":[{"embeddable":true,"href":"https:\/\/www.infokuryr.cz\/n\/wp-json\/wp\/v2\/comments?post=43354"}],"version-history":[{"count":0,"href":"https:\/\/www.infokuryr.cz\/n\/wp-json\/wp\/v2\/posts\/43354\/revisions"}],"wp:featuredmedia":[{"embeddable":true,"href":"https:\/\/www.infokuryr.cz\/n\/wp-json\/wp\/v2\/media\/31077"}],"wp:attachment":[{"href":"https:\/\/www.infokuryr.cz\/n\/wp-json\/wp\/v2\/media?parent=43354"}],"wp:term":[{"taxonomy":"category","embeddable":true,"href":"https:\/\/www.infokuryr.cz\/n\/wp-json\/wp\/v2\/categories?post=43354"},{"taxonomy":"post_tag","embeddable":true,"href":"https:\/\/www.infokuryr.cz\/n\/wp-json\/wp\/v2\/tags?post=43354"}],"curies":[{"name":"wp","href":"https:\/\/api.w.org\/{rel}","templated":true}]}}