{"id":43329,"date":"2023-12-27T00:36:37","date_gmt":"2023-12-26T23:36:37","guid":{"rendered":"http:\/\/www.infokuryr.cz\/n\/?p=43329"},"modified":"2023-12-26T19:06:16","modified_gmt":"2023-12-26T18:06:16","slug":"skandal-depardieu-prezident-macron-se-obava-novodobe-inkvizici-ve-francii-kterou-sam-jmenoval","status":"publish","type":"post","link":"https:\/\/www.infokuryr.cz\/n\/2023\/12\/27\/skandal-depardieu-prezident-macron-se-obava-novodobe-inkvizici-ve-francii-kterou-sam-jmenoval\/","title":{"rendered":"Skand\u00e1l Depardieu: Prezident Macron se ob\u00e1v\u00e1 novodob\u00e9 inkvizici ve Francii, kterou s\u00e1m jmenoval"},"content":{"rendered":"<div id=\"fb-root\"><\/div>\n<p>Rostouc\u00ed obvin\u011bn\u00ed francouzsk\u00e9 filmov\u00e9 hv\u011bzdy vyvolalo ve Francii novou debatu o sexu\u00e1ln\u00edm n\u00e1sil\u00ed. Bylo zah\u00e1jeno disciplin\u00e1rn\u00ed \u0159\u00edzen\u00ed, kter\u00e9 m\u016f\u017ee v\u00e9st a\u017e k odebr\u00e1n\u00ed \u0158\u00e1du \u010destn\u00e9 legie vynikaj\u00edc\u00edmu herci G\u00e9rardu Depadieovi,<\/p>\n<p>Nast\u00e1v\u00e1 ale ot\u00e1zka, zda za cel\u00fdm obvin\u011bn\u00edm ze sexu\u00e1ln\u00edho obt\u011b\u017eov\u00e1n\u00ed nestoj\u00ed politick\u00e9 d\u016fvody. V\u0161ichni p\u0159eci dob\u0159e v\u00ed o p\u0159\u00e1telstv\u00ed herce Depardeua s\u00a0rusk\u00fdm prezidentem Vladim\u00edrem Putinem. I o tom, e zn\u00e1m\u00fd herec dostal i rusk\u00e9 ob\u010danstv\u00ed.<\/p>\n<p>Francouzsk\u00fd prezident Emmanuel Macron se distancoval od rozhodnut\u00ed sv\u00e9 vlastn\u00ed vl\u00e1dy (kterou sestavil) zv\u00e1\u017eit zbaven\u00ed herce G\u00e9rarda Depardieu\u00a0\u0158\u00e1du \u010destn\u00e9 legie\u00a0v d\u016fsledku obvin\u011bn\u00ed ze sexu\u00e1ln\u00edho obt\u011b\u017eov\u00e1n\u00ed. Francouzsk\u00fd ministryn\u011b kultury Rima Abdul Malekov\u00e1 \u0159ekla, \u017ee Depardieu, kter\u00fd hr\u00e1l ve v\u00edce ne\u017e 200 filmech, z nich\u017e nejzn\u00e1m\u011bj\u0161\u00ed jsou \u201eZelen\u00e1 karta\u201c a \u201eCyrano de Bergerac\u201c, \u201ezahanbil Francii\u201c pot\u00e9, co se objevily nov\u00e9 z\u00e1b\u011bry, na nich\u017e je obsc\u00e9nn\u00ed a sexistick\u00fd. Francouzsk\u00fd herec byl v roce 2020 obvin\u011bn ze zn\u00e1siln\u011bn\u00ed a \u010del\u00ed des\u00edtce obvin\u011bn\u00ed ze sexu\u00e1ln\u00edho obt\u011b\u017eov\u00e1n\u00ed nebo napaden\u00ed, co\u017e pop\u00edr\u00e1. Nav\u00edc, kamerov\u00e9 a televizn\u00ed z\u00e1b\u011bry se p\u0159eci daj\u00ed sest\u0159\u00edhat!<\/p>\n<p>Podle ministryn\u011b kultury bylo zah\u00e1jeno disciplin\u00e1rn\u00ed \u0159\u00edzen\u00ed, kter\u00e9 m\u016f\u017ee v\u00e9st k odebr\u00e1n\u00ed Depardieuovy\u00a0\u010cestn\u00e9 legie\u00a0neboli \u010cestn\u00e9 legie nejvy\u0161\u0161\u00ed francouzsk\u00fd \u0159\u00e1d. Francouzsk\u00fd prezident Macron je ale podle jednoho z jeho bl\u00edzk\u00fdch poradc\u016f nespokojen s t\u00edm, co se zd\u00e1 b\u00fdt ur\u00e1\u017elivou reakc\u00ed na ned\u00e1vno zve\u0159ejn\u011bn\u00fd dokument o francouzsk\u00e9m herci, kter\u00fd potvrzuje fakt, \u00a0\u017ee prezident byl t\u00edmto krokem \u201ep\u0159ekvapen\u201c a vl\u00e1da s\u00a0n\u00edm tento v\u00fdznamn\u00fd a symbolick\u00fd krok nediskutovala.\u00a0Macron se pr\u00e1vem ob\u00e1v\u00e1, \u017ee medi\u00e1ln\u00ed spravedlnost (stejn\u011b jako v\u00a0\u010cR \u010cesk\u00e1 televize) p\u0159eb\u00edr\u00e1 pr\u00e1va \u00fastavn\u00edho soudnictv\u00ed, aby se p\u0159\u00edpadn\u00fd obvin\u011bn\u00fd mohl br\u00e1nit a m\u011bl zaru\u010denou presumpci nevinny.<\/p>\n<p><a href=\"https:\/\/stranapro.cz\/\"><img decoding=\"async\" loading=\"lazy\" class=\"alignnone  wp-image-40285 aligncenter\" src=\"http:\/\/www.infokuryr.cz\/n\/wp-content\/uploads\/2023\/11\/11pro-300x79.png\" alt=\"\" width=\"539\" height=\"142\" srcset=\"https:\/\/www.infokuryr.cz\/n\/wp-content\/uploads\/2023\/11\/11pro-300x79.png 300w, https:\/\/www.infokuryr.cz\/n\/wp-content\/uploads\/2023\/11\/11pro.png 363w\" sizes=\"(max-width: 539px) 100vw, 539px\" \/><\/a><\/p>\n<p>Francouzsk\u00fd prezident Macron si dokonce dle sv\u00e9ho vyj\u00e1d\u0159en\u00ed mysl\u00ed si, \u017ee politi\u010dt\u00ed \u010dinitel\u00e9 by toto hnut\u00ed \u201emedi\u00e1ln\u00edho lyn\u010de\u201c nem\u011bli podporovat. Prezident\u016fv poradce uvedl, \u017ee Macron nebyl informov\u00e1n o rozhodnut\u00ed p\u0159ezkoumat Depardieuovu\u00a0\u010cestnou legii, p\u0159esto\u017ee je prezident nejvy\u0161\u0161\u00edm d\u016fstojn\u00edkemfrancouzsk\u00e9 arm\u00e1dy a ud\u011bluje \u0159\u00e1dy za z\u00e1sluhy, v\u010detn\u011b nejvy\u0161\u0161\u00edho \u0158\u00e1du \u010cestn\u00e9 legie. Macronova reakce je nav\u00edc v souladu s jeho minul\u00fdmi p\u0159\u00edstupy k obvin\u011bn\u00edm ze sexu\u00e1ln\u00edho n\u00e1sil\u00ed v\u016f\u010di vysoce postaven\u00fdm osobnostem.\u00a0Po obvin\u011bn\u00ed b\u00fdval\u00e9ho ministra a televizn\u00edho moder\u00e1tora Nicolase Hulota ze zn\u00e1siln\u011bn\u00ed francouzsk\u00fd prezident \u0159ekl, \u017ee\u00a0jednouzna\u010dnou prioritou by m\u011bla b\u00fdt soudn\u00ed efektivita a dodr\u017eov\u00e1n\u00ed z\u00e1kon\u016f. A p\u0159\u00edpad by m\u011bl b\u00fdt \u0159e\u0161en bez \u201espokojenosti medi\u00e1ln\u00ed \u010di dokonce medi\u00e1ln\u00edch spole\u010dnost\u00ed\u201c a bez zah\u00e1jen\u00ed jak\u00e9koliv inkvizice v\u016f\u010di obvin\u011bn\u00e9mu.<\/p>\n<p>Francouzsk\u00fd prezident notoricky nerad p\u0159ij\u00edm\u00e1 rozhodnut\u00ed uprost\u0159ed medi\u00e1ln\u00ed bou\u0159e nebo pod tlakem ostatn\u00edch.<\/p>\n<p>Depardieu byl p\u0159esto ji\u017e obvin\u011bn. V dokumentu\u00a0\u00a0je 74let\u00fd Depardieu nato\u010den, jak b\u011bhem cesty do Severn\u00ed Koreje v roce 2018 obsc\u00e9nn\u00ed pozn\u00e1mky o tlumo\u010dnici a sexistick\u00fdm pozn\u00e1mk\u00e1m mlad\u00e9 d\u00edvky jedouc\u00ed na pon\u00edkovi. Francouzsk\u00e1 justice tak\u00e9 zkoum\u00e1 rozhovory, kter\u00e9 Depardieu poskytl v sedmdes\u00e1t\u00fdch a devades\u00e1t\u00fdch letech. Francouzsk\u00e1 filmov\u00e1 hv\u011bzda je tak\u00e9\u00a0obvin\u011bna, \u017ee v roce 2018 zn\u00e1silnila mladou francouzskou here\u010dku Charlotte Arnouldovou, co\u017e herec rovn\u011b\u017e pop\u0159el.\u00a0N\u00e1sledn\u011b se v\u00edce, ne\u017e tucet \u017een p\u0159ihl\u00e1silo a obvinilo Depardieua, \u017ee je v letech 2004 a\u017e 2022 obt\u011b\u017eoval.<\/p>\n<p>Rodina Depardieua odsoudila \u201ebezprecedentn\u00ed spiknut\u00ed\u201c proti herci v dopise zve\u0159ejn\u011bn\u00e9m v\u0161emi d\u016fle\u017eit\u00fdmi francouzsk\u00fdmi novinami.\u00a0\u201ePou\u017e\u00edvat G\u00e9rardovy verb\u00e1ln\u00ed provokace k podpo\u0159e jin\u00fdch a dosud nepodlo\u017een\u00fdch obvin\u011bn\u00ed je extr\u00e9mn\u011b ne\u010destn\u00e9,\u201c napsala rodina zn\u00e1m\u00e9ho herce.<\/p>\n<p><em><strong>V\u00e1clav Prok\u016fpek<\/strong><\/em><\/p>\n<p>&nbsp;<\/p>\n<p>&nbsp;<\/p>\n","protected":false},"excerpt":{"rendered":"<p>Rostouc\u00ed obvin\u011bn\u00ed francouzsk\u00e9 filmov\u00e9 hv\u011bzdy vyvolalo ve Francii novou debatu o sexu\u00e1ln\u00edm n\u00e1sil\u00ed. Bylo zah\u00e1jeno&#8230;<\/p>\n","protected":false},"author":2,"featured_media":37448,"comment_status":"closed","ping_status":"closed","sticky":false,"template":"","format":"standard","meta":[],"categories":[6],"tags":[130,6029,29,307],"_links":{"self":[{"href":"https:\/\/www.infokuryr.cz\/n\/wp-json\/wp\/v2\/posts\/43329"}],"collection":[{"href":"https:\/\/www.infokuryr.cz\/n\/wp-json\/wp\/v2\/posts"}],"about":[{"href":"https:\/\/www.infokuryr.cz\/n\/wp-json\/wp\/v2\/types\/post"}],"author":[{"embeddable":true,"href":"https:\/\/www.infokuryr.cz\/n\/wp-json\/wp\/v2\/users\/2"}],"replies":[{"embeddable":true,"href":"https:\/\/www.infokuryr.cz\/n\/wp-json\/wp\/v2\/comments?post=43329"}],"version-history":[{"count":0,"href":"https:\/\/www.infokuryr.cz\/n\/wp-json\/wp\/v2\/posts\/43329\/revisions"}],"wp:featuredmedia":[{"embeddable":true,"href":"https:\/\/www.infokuryr.cz\/n\/wp-json\/wp\/v2\/media\/37448"}],"wp:attachment":[{"href":"https:\/\/www.infokuryr.cz\/n\/wp-json\/wp\/v2\/media?parent=43329"}],"wp:term":[{"taxonomy":"category","embeddable":true,"href":"https:\/\/www.infokuryr.cz\/n\/wp-json\/wp\/v2\/categories?post=43329"},{"taxonomy":"post_tag","embeddable":true,"href":"https:\/\/www.infokuryr.cz\/n\/wp-json\/wp\/v2\/tags?post=43329"}],"curies":[{"name":"wp","href":"https:\/\/api.w.org\/{rel}","templated":true}]}}