{"id":43319,"date":"2023-12-26T09:15:53","date_gmt":"2023-12-26T08:15:53","guid":{"rendered":"http:\/\/www.infokuryr.cz\/n\/?p=43319"},"modified":"2023-12-26T09:15:53","modified_gmt":"2023-12-26T08:15:53","slug":"michael-svatos-zelenskyj-uctuje-zapadu-366-000-za-kazdeho-vojaka-zabiteho-v-boji-proti-rusum","status":"publish","type":"post","link":"https:\/\/www.infokuryr.cz\/n\/2023\/12\/26\/michael-svatos-zelenskyj-uctuje-zapadu-366-000-za-kazdeho-vojaka-zabiteho-v-boji-proti-rusum\/","title":{"rendered":"Michael Svato\u0161:  Zelenskyj \u00fa\u010dtuje Z\u00e1padu 366 000 $ za ka\u017ed\u00e9ho voj\u00e1ka zabit\u00e9ho v boji proti Rus\u016fm"},"content":{"rendered":"<div id=\"fb-root\"><\/div>\n<p><span style=\"font-size: 18pt;\"><strong>Zelenskyj \u00fa\u010dtuje Z\u00e1padu 366 000 $ za ka\u017ed\u00e9ho voj\u00e1ka zabit\u00e9ho v boji proti Rus\u016fm. V\u00e1lka s moskevsk\u00fdm Gosudarem se tak USA i EU \u0159\u00e1dn\u011b prodra\u017e\u00ed!<\/strong><\/span><\/p>\n<p><strong>USA a EU brzy zkrachuj\u00ed, a my se nedoplat\u00edme:<\/strong><\/p>\n<ol>\n<li><a href=\"https:\/\/suspilne.media\/647076-kompensacia-u-razi-zagibeli-abo-smerti-vijskovogo-u-zitomiri-rozpovili-pro-osoblivosti-viplat\/\">Zelenskyj vypl\u00e1c\u00ed 15 milion\u016f h\u0159iven<\/a>, (366 tis\u00edc USD, 8 milion\u016f CZK), za ka\u017ed\u00e9ho ukrajinsk\u00e9ho voj\u00e1ka, kter\u00fd padnul v boji proti Rus\u016fm.<\/li>\n<li>Podle rusk\u00e9ho ministra obrany \u0160ojgu<a href=\"https:\/\/iz.ru\/1622872\/2023-12-19\/shoigu-ozvuchil-poteri-vsu-s-nachala-spetcoperatcii\">, ztratila Ukrajina od za\u010d\u00e1tku v\u00e1lky do leto\u0161n\u00edho prosince<\/a>\u00a0nejm\u00e9n\u011b 383 tis\u00edc voj\u00e1k\u016f.<\/li>\n<li>Podle Pentagonu\u00a0<a href=\"https:\/\/www.theguardian.com\/world\/2023\/aug\/18\/ukraine-russia-war-battlefield-deaths-rise\">ztratila Ukrajina od za\u010d\u00e1tku v\u00e1lky do srpna<\/a>\u00a0200 tis\u00edc voj\u00e1k\u016f, z toho 70 tis\u00edc padl\u00fdch.<\/li>\n<li>Z \u00fadaj\u016f obou znep\u0159\u00e1telen\u00fdch mocnost\u00ed tak vypl\u00fdv\u00e1, \u017ee po\u010det padl\u00fdch ukrajinsk\u00fdch voj\u00e1k\u016f by m\u011bl b\u00fdt od 70 do 140 tis\u00edc.<\/li>\n<li>A to p\u0159edstavuje z\u00e1konnou povinnost Ukrajiny jednor\u00e1zov\u011b vyplatit poz\u016fstal\u00fdm padl\u00fdch voj\u00e1k\u016f sumu v rozmez\u00ed od 1 do 2.1 bilionu h\u0159iven! (24.4 a\u017e 51 miliardy USD, 0.5 a\u017e 1.1 bilionu CZK)<\/li>\n<\/ol>\n<p><strong>Cel\u00e1 tato suma je naprosto absurdn\u00ed!<\/strong><\/p>\n<ol>\n<li><a href=\"https:\/\/unn.ua\/news\/rada-ukhvalila-derzhbyudzhet-2024\">St\u00e1tn\u00ed rozpo\u010det Ukrajiny na rok 2024 p\u0159edpokl\u00e1d\u00e1<\/a>\u00a0s p\u0159\u00edjmy 1,768 bilionu h\u0159iven, a s v\u00fddaji 3.35 bilionu h\u0159iven!<\/li>\n<li>Jen p\u0159\u00edm\u00e9 jednor\u00e1zov\u00e9 v\u00fdplaty za smrt voj\u00e1ku budou \u010dinit 1 a\u017e 2 biliony h\u0159iven!!!!!<\/li>\n<li>St\u00e1t, kter\u00fd plat\u00ed 25% a\u017e 50% v\u0161ech sv\u00fdch v\u00fddaj\u016f jen v platb\u00e1ch za \u00famrt\u00ed sv\u00fdch voj\u00e1k\u016f, je odsouzen k smrti!<\/li>\n<li>Aby Zelenskyj mohl p\u0159\u00ed\u0161t\u00ed 4 roky v\u00e9st v\u00e1lku s Putinem pot\u0159ebuje od EU vyplatit 50 miliard EUR, (2 biliony h\u0159iven), finan\u010dn\u00ed pomoci!<\/li>\n<\/ol>\n<p><strong>Kdo ve skute\u010dnosti plat\u00ed biliony h\u0159iven vyplacen\u00e9 Zelensk\u00fdm za Ukrajince padl\u00e9 ve v\u00e1lce, vysv\u011btlil p\u0159ed p\u00e1r dny ma\u010farsk\u00fd premi\u00e9r Viktor Orb\u00e1n,\u00a0<a href=\"https:\/\/rmx.news\/economy\/ukraine-needs-e34-billion-to-stay-afloat-in-2024-according-to-the-imf\/\">kdy\u017e zd\u016fvodnil, pro\u010d vetoval finan\u010dn\u00ed pomoc EU Ukrajin\u011b<\/a>:<\/strong><\/p>\n<ul>\n<li><em>Zem\u011b EU si cht\u011bj\u00ed vz\u00edt dal\u0161\u00ed spole\u010dnou p\u016fj\u010dku, tentokr\u00e1te na pomoc Ukrajin\u011b. Spole\u010dnou p\u016fj\u010dku si EU vzala u\u017e v obdob\u00ed Covid. Z cel\u00e9 p\u016fj\u010dky 700 miliard EUR byl zalo\u017een Recovery fund, kter\u00fd zalo\u017eilo 27 \u010dlensk\u00fdch st\u00e1t\u016f, kter\u00e9 se spole\u010dn\u011b zaru\u010dily za \u00fav\u011br. Jen\u017ee n\u011bkter\u00e9 zem\u011b m\u011bly p\u0159\u00edstup k tomuto fondu, a jin\u00e9 ne.\u00a0<a href=\"https:\/\/www.michalapetr.com\/map-1790-fiala-rozdava-miliardy-eur-ukrajincum-meloni-rozdava-miliardy-eur-italum-sokujici-srovnani-jak-hospodari-italie-a-cr-slovaci-se-smat-cechum-nemusi-jejich-odor-dokonce-prekonal-v-kombinov\/\">Italov\u00e9 dostali nap\u0159\u00edklad 80 000 CZK na ka\u017ed\u00e9ho Itala, kde\u017eto \u010ce\u0161i jen 2 178\u00a0 CZK na ka\u017ed\u00e9ho \u010cecha<\/a>, my Ma\u010fa\u0159i jsme nedostali nic. A tak jsme v Ma\u010farsku pochopili, \u017ee n\u00e1pad spole\u010dn\u011b si p\u016fj\u010dit, a pak neumo\u017enit v\u0161em zem\u00edm rovn\u00fd p\u0159\u00edstup ke stovk\u00e1m miliard z t\u00e9to p\u016fj\u010dky, bylo \u0161patn\u00e9 rozhodnut\u00ed. A proto u\u017e \u017e\u00e1dnou dal\u0161\u00ed spole\u010dnou p\u016fj\u010dku neschv\u00e1l\u00edme.\u00a0<\/em>(Jak vid\u00edte, Fiala je spokojen, \u017ee \u010ce\u0161i dostali 40 kr\u00e1t m\u00e9n\u011b na hlavu jednoho ob\u010dana ne\u017e Italov\u00e9, a chce celou pochybnou p\u016fj\u010dku zopakovat, aby Zelenskyj m\u011bl na v\u00e1lku.)<\/li>\n<li><em>Druh\u00fdm probl\u00e9mem je, \u017ee v\u00e1le\u010dn\u00e1 situace na Ukrajin\u011b je \u0161patn\u00e1. Tak\u017ee bychom nem\u011bli pos\u00edlat v\u00edce pen\u011bz do v\u00e1lky, m\u011bli bychom zastavit v\u00e1lku, a m\u011bli bychom podporovat p\u0159\u00edm\u011b\u0159\u00ed a m\u00edrov\u00e9 rozhovory. M\u00edsto toho cht\u011bl Brusel d\u00e1t Zelensk\u00e9mu pen\u00edze, aby udr\u017eel v\u00e1lku v chodu. Proto jsme musely vyhl\u00e1sit VETO!<\/em><\/li>\n<\/ul>\n<p><a href=\"https:\/\/www.michalapetr.com\/map-1865-zelenskyj-uctuje-zapadu-366-000-za-kazdeho-vojaka-zabiteho-v-boji-proti-rusum-valka-s-moskevskym-gosudarem-se-tak-usa-i-eu-radne-prodrazi\/\">Michael Svato\u0161<\/a><\/p>\n<p><img decoding=\"async\" loading=\"lazy\" class=\"alignnone size-full wp-image-27204\" src=\"http:\/\/www.infokuryr.cz\/n\/wp-content\/uploads\/2023\/05\/Michael_Svatos.png\" alt=\"\" width=\"180\" height=\"180\" srcset=\"https:\/\/www.infokuryr.cz\/n\/wp-content\/uploads\/2023\/05\/Michael_Svatos.png 180w, https:\/\/www.infokuryr.cz\/n\/wp-content\/uploads\/2023\/05\/Michael_Svatos-150x150.png 150w\" sizes=\"(max-width: 180px) 100vw, 180px\" \/><\/p>\n<p>&nbsp;<\/p>\n<p><a href=\"https:\/\/stranapro.cz\/\"><img decoding=\"async\" loading=\"lazy\" class=\"wp-image-40286 aligncenter\" src=\"http:\/\/www.infokuryr.cz\/n\/wp-content\/uploads\/2023\/11\/12pro-300x87.png\" alt=\"\" width=\"959\" height=\"278\" srcset=\"https:\/\/www.infokuryr.cz\/n\/wp-content\/uploads\/2023\/11\/12pro-300x87.png 300w, https:\/\/www.infokuryr.cz\/n\/wp-content\/uploads\/2023\/11\/12pro.png 366w\" sizes=\"(max-width: 959px) 100vw, 959px\" \/><\/a><\/p>\n<p>&nbsp;<\/p>\n<p>&nbsp;<\/p>\n<p>&nbsp;<\/p>\n","protected":false},"excerpt":{"rendered":"<p>Zelenskyj \u00fa\u010dtuje Z\u00e1padu 366 000 $ za ka\u017ed\u00e9ho voj\u00e1ka zabit\u00e9ho v boji proti Rus\u016fm. V\u00e1lka&#8230;<\/p>\n","protected":false},"author":2,"featured_media":32400,"comment_status":"closed","ping_status":"closed","sticky":false,"template":"","format":"standard","meta":[],"categories":[6],"tags":[1042,90,22,26],"_links":{"self":[{"href":"https:\/\/www.infokuryr.cz\/n\/wp-json\/wp\/v2\/posts\/43319"}],"collection":[{"href":"https:\/\/www.infokuryr.cz\/n\/wp-json\/wp\/v2\/posts"}],"about":[{"href":"https:\/\/www.infokuryr.cz\/n\/wp-json\/wp\/v2\/types\/post"}],"author":[{"embeddable":true,"href":"https:\/\/www.infokuryr.cz\/n\/wp-json\/wp\/v2\/users\/2"}],"replies":[{"embeddable":true,"href":"https:\/\/www.infokuryr.cz\/n\/wp-json\/wp\/v2\/comments?post=43319"}],"version-history":[{"count":0,"href":"https:\/\/www.infokuryr.cz\/n\/wp-json\/wp\/v2\/posts\/43319\/revisions"}],"wp:featuredmedia":[{"embeddable":true,"href":"https:\/\/www.infokuryr.cz\/n\/wp-json\/wp\/v2\/media\/32400"}],"wp:attachment":[{"href":"https:\/\/www.infokuryr.cz\/n\/wp-json\/wp\/v2\/media?parent=43319"}],"wp:term":[{"taxonomy":"category","embeddable":true,"href":"https:\/\/www.infokuryr.cz\/n\/wp-json\/wp\/v2\/categories?post=43319"},{"taxonomy":"post_tag","embeddable":true,"href":"https:\/\/www.infokuryr.cz\/n\/wp-json\/wp\/v2\/tags?post=43319"}],"curies":[{"name":"wp","href":"https:\/\/api.w.org\/{rel}","templated":true}]}}