{"id":43281,"date":"2023-12-25T00:53:35","date_gmt":"2023-12-24T23:53:35","guid":{"rendered":"http:\/\/www.infokuryr.cz\/n\/?p=43281"},"modified":"2023-12-24T20:48:06","modified_gmt":"2023-12-24T19:48:06","slug":"izraelska-armada-oznamila-letecky-utok-na-vojenske-zarizeni-hizballahu-v-libanonu","status":"publish","type":"post","link":"https:\/\/www.infokuryr.cz\/n\/2023\/12\/25\/izraelska-armada-oznamila-letecky-utok-na-vojenske-zarizeni-hizballahu-v-libanonu\/","title":{"rendered":"Izraelsk\u00e1 arm\u00e1da ozn\u00e1mila leteck\u00fd \u00fatok na vojensk\u00e9 za\u0159\u00edzen\u00ed Hizball\u00e1hu v Libanonu"},"content":{"rendered":"<div id=\"fb-root\"><\/div>\n<p class=\"lead\"><strong>Izraelsk\u00e1 st\u00edha\u010dka za\u00fato\u010dila na vojensk\u00e9 za\u0159\u00edzen\u00ed \u0161\u00editsk\u00e9 organizace Hizball\u00e1h v Libanonu.\u00a0Informovala o tom tiskov\u00e1 slu\u017eba Izraelsk\u00fdch obrann\u00fdch sil (IDF).<\/strong><\/p>\n<p><em>\u201eSt\u00edha\u010dka IDF zas\u00e1hla vojensk\u00e9 za\u0159\u00edzen\u00ed Hizball\u00e1hu v Libanonu.\u00a0Krom\u011b toho IDF zah\u00e1jily palbu, aby zabr\u00e1nily hrozb\u00e1m v n\u011bkolika oblastech v Libanonu.&#8220;<span class=\"after-quote\">\u00a0&#8211; uvedeno ve vojensk\u00e9m odd\u011blen\u00ed s odkazem na v\u00fd\u0148atky z TASS.<\/span><\/em><\/p>\n<p><span>Dodal, \u017ee \u201ep\u0159ed \u010dasem bylo zaznamen\u00e1no n\u011bkolik start\u016f [raket a projektil\u016f] z Libanonu sm\u011brem k oblastem Avivim, Margaliot a Arab el-Aramshe v severn\u00edm Izraeli.<\/span><\/p>\n<p><em>&#8222;IDF odpov\u011bd\u011bla d\u011blost\u0159eleckou palbou a palbou tank\u016f na m\u00edsta, odkud ost\u0159elov\u00e1n\u00ed p\u0159ich\u00e1zelo,&#8220;<span class=\"after-quote\">\u00a0&#8211; vzalo na v\u011bdom\u00ed tiskovou slu\u017ebu.<\/span><\/em><\/p>\n<p><img decoding=\"async\" loading=\"lazy\" class=\"alignnone size-full wp-image-1185\" src=\"http:\/\/www.infokuryr.cz\/n\/wp-content\/uploads\/2021\/04\/kuryr-podpis.png\" alt=\"\" width=\"84\" height=\"24\" \/><\/p>\n<p><a href=\"https:\/\/stranapro.cz\/\"><img decoding=\"async\" loading=\"lazy\" class=\"wp-image-40286 aligncenter\" src=\"http:\/\/www.infokuryr.cz\/n\/wp-content\/uploads\/2023\/11\/12pro-300x87.png\" alt=\"\" width=\"1069\" height=\"310\" srcset=\"https:\/\/www.infokuryr.cz\/n\/wp-content\/uploads\/2023\/11\/12pro-300x87.png 300w, https:\/\/www.infokuryr.cz\/n\/wp-content\/uploads\/2023\/11\/12pro.png 366w\" sizes=\"(max-width: 1069px) 100vw, 1069px\" \/><\/a><\/p>\n<p>&nbsp;<\/p>\n<p>&nbsp;<\/p>\n<p>&nbsp;<\/p>\n","protected":false},"excerpt":{"rendered":"<p>Izraelsk\u00e1 st\u00edha\u010dka za\u00fato\u010dila na vojensk\u00e9 za\u0159\u00edzen\u00ed \u0161\u00editsk\u00e9 organizace Hizball\u00e1h v Libanonu.\u00a0Informovala o tom tiskov\u00e1 slu\u017eba&#8230;<\/p>\n","protected":false},"author":2,"featured_media":24328,"comment_status":"closed","ping_status":"closed","sticky":false,"template":"","format":"standard","meta":[],"categories":[7],"tags":[2306,107,405,3535],"_links":{"self":[{"href":"https:\/\/www.infokuryr.cz\/n\/wp-json\/wp\/v2\/posts\/43281"}],"collection":[{"href":"https:\/\/www.infokuryr.cz\/n\/wp-json\/wp\/v2\/posts"}],"about":[{"href":"https:\/\/www.infokuryr.cz\/n\/wp-json\/wp\/v2\/types\/post"}],"author":[{"embeddable":true,"href":"https:\/\/www.infokuryr.cz\/n\/wp-json\/wp\/v2\/users\/2"}],"replies":[{"embeddable":true,"href":"https:\/\/www.infokuryr.cz\/n\/wp-json\/wp\/v2\/comments?post=43281"}],"version-history":[{"count":0,"href":"https:\/\/www.infokuryr.cz\/n\/wp-json\/wp\/v2\/posts\/43281\/revisions"}],"wp:featuredmedia":[{"embeddable":true,"href":"https:\/\/www.infokuryr.cz\/n\/wp-json\/wp\/v2\/media\/24328"}],"wp:attachment":[{"href":"https:\/\/www.infokuryr.cz\/n\/wp-json\/wp\/v2\/media?parent=43281"}],"wp:term":[{"taxonomy":"category","embeddable":true,"href":"https:\/\/www.infokuryr.cz\/n\/wp-json\/wp\/v2\/categories?post=43281"},{"taxonomy":"post_tag","embeddable":true,"href":"https:\/\/www.infokuryr.cz\/n\/wp-json\/wp\/v2\/tags?post=43281"}],"curies":[{"name":"wp","href":"https:\/\/api.w.org\/{rel}","templated":true}]}}