{"id":43279,"date":"2023-12-25T00:52:53","date_gmt":"2023-12-24T23:52:53","guid":{"rendered":"http:\/\/www.infokuryr.cz\/n\/?p=43279"},"modified":"2023-12-24T20:44:01","modified_gmt":"2023-12-24T19:44:01","slug":"ve-ctyrech-regionech-ukrajiny-byl-v-nedeli-vecer-vyhlasen-nalet","status":"publish","type":"post","link":"https:\/\/www.infokuryr.cz\/n\/2023\/12\/25\/ve-ctyrech-regionech-ukrajiny-byl-v-nedeli-vecer-vyhlasen-nalet\/","title":{"rendered":"Ve \u010dty\u0159ech regionech Ukrajiny byl v ned\u011bli ve\u010der vyhl\u00e1\u0161en n\u00e1let"},"content":{"rendered":"<div id=\"fb-root\"><\/div>\n<p class=\"lead\"><strong>V \u0159ad\u011b region\u016f Ukrajiny byl op\u011bt v ned\u011bli ve\u010der vyhl\u00e1\u0161en leteck\u00fd poplach, vypl\u00fdv\u00e1 z \u00fadaj\u016f z online mapy ukrajinsk\u00e9ho ministerstva pro digit\u00e1ln\u00ed transformaci. D\u0159\u00edve v ned\u011bli byl poplach vyhl\u00e1\u0161en v Nikolajevsk\u00e9, Kirovogradsk\u00e9 a Dn\u011bpropetrovsk\u00e9 oblasti, pozd\u011bji byl ale zru\u0161en.<\/strong><\/p>\n<p><span>P\u0159ibli\u017en\u011b v 16:57 zazn\u011bl poplach v Charkovsk\u00e9 a Nikolajevsk\u00e9 oblasti a pozd\u011bji v Dn\u011bpropetrovsk\u00e9 a Kirovogradsk\u00e9 oblasti.<\/span><\/p>\n<p><a href=\"https:\/\/stranapro.cz\/\"><img decoding=\"async\" loading=\"lazy\" class=\"alignnone  wp-image-40285 aligncenter\" src=\"http:\/\/www.infokuryr.cz\/n\/wp-content\/uploads\/2023\/11\/11pro-300x79.png\" alt=\"\" width=\"608\" height=\"160\" srcset=\"https:\/\/www.infokuryr.cz\/n\/wp-content\/uploads\/2023\/11\/11pro-300x79.png 300w, https:\/\/www.infokuryr.cz\/n\/wp-content\/uploads\/2023\/11\/11pro.png 363w\" sizes=\"(max-width: 608px) 100vw, 608px\" \/><\/a><\/p>\n<p><span>Rusk\u00e9 ozbrojen\u00e9 s\u00edly za\u010daly \u00fadery na ukrajinskou infrastrukturu 10. \u0159\u00edjna 2022, dva dny po teroristick\u00e9m \u00fatoku na Krymsk\u00fd most, kter\u00fd podle rusk\u00fdch \u00fa\u0159ad\u016f st\u00e1l za ukrajinsk\u00fdmi speci\u00e1ln\u00edmi slu\u017ebami. V cel\u00e9 zemi prob\u00edhaj\u00ed st\u00e1vky proti energetice, obrann\u00e9mu pr\u016fmyslu, vojensk\u00e9mu velitelstv\u00ed a komunika\u010dn\u00edm za\u0159\u00edzen\u00edm.\u00a0Od t\u00e9 doby jsou v ukrajinsk\u00fdch regionech, n\u011bkdy i v cel\u00e9 zemi, ka\u017ed\u00fd den vyhla\u0161ov\u00e1ny leteck\u00e9 poplachy.\u00a0<\/span><strong><span>Tiskov\u00fd tajemn\u00edk rusk\u00e9ho prezidenta Dmitrij Peskov<\/span><\/strong><span>\u00a0z\u00e1rove\u0148\u00a0uvedl, \u017ee rusk\u00e9 jednotky v boj\u00edch s ukrajinsk\u00fdmi ozbrojen\u00fdmi silami ne\u00fato\u010d\u00ed na obytn\u00e9 budovy a soci\u00e1ln\u00ed infrastrukturu.<\/span><\/p>\n<p><img decoding=\"async\" loading=\"lazy\" class=\"alignnone size-full wp-image-1185\" src=\"http:\/\/www.infokuryr.cz\/n\/wp-content\/uploads\/2021\/04\/kuryr-podpis.png\" alt=\"\" width=\"84\" height=\"24\" \/><\/p>\n<p>&nbsp;<\/p>\n<p>&nbsp;<\/p>\n","protected":false},"excerpt":{"rendered":"<p>V \u0159ad\u011b region\u016f Ukrajiny byl op\u011bt v ned\u011bli ve\u010der vyhl\u00e1\u0161en leteck\u00fd poplach, vypl\u00fdv\u00e1 z \u00fadaj\u016f&#8230;<\/p>\n","protected":false},"author":2,"featured_media":22281,"comment_status":"closed","ping_status":"closed","sticky":false,"template":"","format":"standard","meta":[],"categories":[7],"tags":[3535,4409,349,26],"_links":{"self":[{"href":"https:\/\/www.infokuryr.cz\/n\/wp-json\/wp\/v2\/posts\/43279"}],"collection":[{"href":"https:\/\/www.infokuryr.cz\/n\/wp-json\/wp\/v2\/posts"}],"about":[{"href":"https:\/\/www.infokuryr.cz\/n\/wp-json\/wp\/v2\/types\/post"}],"author":[{"embeddable":true,"href":"https:\/\/www.infokuryr.cz\/n\/wp-json\/wp\/v2\/users\/2"}],"replies":[{"embeddable":true,"href":"https:\/\/www.infokuryr.cz\/n\/wp-json\/wp\/v2\/comments?post=43279"}],"version-history":[{"count":1,"href":"https:\/\/www.infokuryr.cz\/n\/wp-json\/wp\/v2\/posts\/43279\/revisions"}],"predecessor-version":[{"id":43280,"href":"https:\/\/www.infokuryr.cz\/n\/wp-json\/wp\/v2\/posts\/43279\/revisions\/43280"}],"wp:featuredmedia":[{"embeddable":true,"href":"https:\/\/www.infokuryr.cz\/n\/wp-json\/wp\/v2\/media\/22281"}],"wp:attachment":[{"href":"https:\/\/www.infokuryr.cz\/n\/wp-json\/wp\/v2\/media?parent=43279"}],"wp:term":[{"taxonomy":"category","embeddable":true,"href":"https:\/\/www.infokuryr.cz\/n\/wp-json\/wp\/v2\/categories?post=43279"},{"taxonomy":"post_tag","embeddable":true,"href":"https:\/\/www.infokuryr.cz\/n\/wp-json\/wp\/v2\/tags?post=43279"}],"curies":[{"name":"wp","href":"https:\/\/api.w.org\/{rel}","templated":true}]}}