{"id":43248,"date":"2023-12-25T00:34:27","date_gmt":"2023-12-24T23:34:27","guid":{"rendered":"http:\/\/www.infokuryr.cz\/n\/?p=43248"},"modified":"2023-12-24T13:28:58","modified_gmt":"2023-12-24T12:28:58","slug":"dusledky-nenavisti-ve-spolecnosti","status":"publish","type":"post","link":"https:\/\/www.infokuryr.cz\/n\/2023\/12\/25\/dusledky-nenavisti-ve-spolecnosti\/","title":{"rendered":"D\u016fsledky nen\u00e1visti ve spole\u010dnosti"},"content":{"rendered":"<div id=\"fb-root\"><\/div>\n<p>P\u016fvodn\u011b nebylo m\u00fdm z\u00e1m\u011brem vyjad\u0159ovat se k\u00a0tragick\u00e9 ud\u00e1losti, kter\u00e1 se stala na p\u016fd\u011b filosofick\u00e9 fakulty. Vlk\u016fv flash mi mluv\u00ed z\u00a0du\u0161e. P\u0159esto bych p\u00e1r slov k\u00a0tomuto materi\u00e1lu doplnil. Vlk p\u0159ipsal tento \u010din sou\u010dasn\u00fdm vl\u00e1dn\u00edm p\u0159edstavitel\u016fm. J\u00e1 si mysl\u00edm, \u017ee sou\u010dasn\u00e1 vl\u00e1da je jen marketingov\u00fdm produktem medi\u00e1ln\u00ed sc\u00e9ny. Souhlas\u00edm, \u017ee nese plnou odpov\u011bdnost za tento \u010din t\u00edm, jak (ne)spravuje tuto zemi a jak arogantn\u011b se chov\u00e1 k\u00a0polovin\u011b spole\u010dnosti, kter\u00e1 je nositelem jin\u00fdch n\u00e1zor\u016f. Ale skute\u010dn\u00fdm vin\u00edkem cel\u00e9 t\u00e9to situace jsou mainstreamov\u00e1 m\u00e9dia. Oni jsou nositelem nen\u00e1visti ve spole\u010dnosti, oni maj\u00ed pocit vlastn\u00ed v\u00fdjime\u010dnosti, jejich ideologi\u00ed bylo dehonestovat ka\u017ed\u00e9ho, kdo se jen na milimetr odch\u00fdlil od jejich ofici\u00e1ln\u00ed ideologie. Ka\u017ed\u00fd rozumn\u00fd \u010dlov\u011bk, kter\u00fd m\u011bl chu\u0165 se zapojit do diskuze za\u017eil r\u016fzn\u00e9 bany. Nemusel pou\u017e\u00edvat vulg\u00e1rn\u00ed slovn\u00edk, sta\u010dilo, pokud jeho n\u00e1zor nekorespondoval s\u00a0ofici\u00e1ln\u00edm stanoviskem m\u00e9dia. Naopak ti \u201eideologicky\u201c zpracovan\u00ed lid\u00e9, kte\u0159\u00ed sprost\u011b nad\u00e1vali, bez jak\u00e9koliv v\u011bcn\u00e9 argumentace n\u00e1lepkovali ka\u017ed\u00e9ho oponenta, byli oce\u0148ov\u00e1ni a p\u0159es poru\u0161en\u00ed ve\u0161ker\u00fdch pravidel diskuze jim bylo d\u00e1le dovoleno pomlouvat a vyjad\u0159ovat nen\u00e1vist ke ka\u017ed\u00e9mu jin\u00e9mu n\u00e1zoru.<\/p>\n<p>Jen\u017ee tato situace nen\u00ed posledn\u00ed dva roky Fialovi nevl\u00e1dy. V\u017edy\u0165 vzpome\u0148me na nen\u00e1vistn\u00e9 kampan\u011b v\u016f\u010di Klausovi, Zemanovi, Babi\u0161ovi. Vzpome\u0148me nen\u00e1vistn\u00e9 kampan\u011b v\u016f\u010di Okamurovi, Konvi\u010dkovi, Rajchlovi, Pekov\u00e9 nebo Beranovi. Nen\u00e1vistn\u00e9 kampan\u011b v\u016f\u010di nesouhlasu s\u00a0migrac\u00ed, v\u016f\u010di oponentu\u0159e k\u00a0o\u010dkov\u00e1n\u00ed, v\u016f\u010di nesmysln\u00fdm potla\u010dov\u00e1n\u00edm lidsk\u00fdch pr\u00e1v a svobod, nen\u00e1vistn\u00e9 kampan\u011b v\u016f\u010di Rusku a Rus\u016fm (ty se nedatuj\u00ed od 24.2.2022, ty jsou sou\u010d\u00e1st\u00ed na\u0161eho mainstreamu ji\u017e 15 let), v\u016f\u010di Palestinc\u016fm, v\u016f\u010di komukoliv a \u010demukoliv, co by nekorespondovalo se z\u00e1jmy oligarch\u016f stoj\u00edc\u00edch za touto medi\u00e1ln\u00ed sc\u00e9nou. To v\u0161e vrchol\u00ed posledn\u00ed dva roky konfliktu na Ukrajin\u011b.<\/p>\n<p><a href=\"https:\/\/stranapro.cz\/\"><img decoding=\"async\" loading=\"lazy\" class=\"alignnone wp-image-40285 aligncenter\" src=\"http:\/\/www.infokuryr.cz\/n\/wp-content\/uploads\/2023\/11\/11pro-300x79.png\" alt=\"\" width=\"589\" height=\"155\" srcset=\"https:\/\/www.infokuryr.cz\/n\/wp-content\/uploads\/2023\/11\/11pro-300x79.png 300w, https:\/\/www.infokuryr.cz\/n\/wp-content\/uploads\/2023\/11\/11pro.png 363w\" sizes=\"(max-width: 589px) 100vw, 589px\" \/><\/a><\/p>\n<p>A pr\u00e1v\u011b tyto m\u00e9dia a prostituti v\u00a0nich exhibuj\u00edc\u00ed jsou na vin\u011b nen\u00e1visti ve spole\u010dnosti, kter\u00e1 samoz\u0159ejm\u011b m\u016f\u017ee kdykoliv vyvrcholit takovou trag\u00e9di\u00ed, kter\u00e1 se stala. Vlk\u016fv flash m\u00e1 jako sou\u010d\u00e1st screen z\u00a0diskuze na seznam.cz. Na n\u011bm je kr\u00e1sn\u011b vid\u011bt \u2013 vzhledem k\u00a0absenci jak\u00e9hokoliv oponentn\u00edho n\u00e1zoru \u2013 kolik naprosto vymyt\u00fdch mozk\u016f se nach\u00e1z\u00ed v\u00a0t\u00e9to spole\u010dnosti. Oni jsou ti spr\u00e1vn\u00ed s\u00a0t\u011bmi spr\u00e1vn\u00fdmi hodnotami. Skute\u010dn\u011b? Ne oni nemaj\u00ed \u017e\u00e1dn\u00e9 hodnoty. Jedn\u00e1 se o d\u016fsledek desetilet\u00ed vym\u00fdv\u00e1n\u00ed mozk\u016f, kdy byly postupn\u011b utahov\u00e1ny \u0161rouby k\u00a0svobod\u011b projevu a svobod\u011b slova. On toti\u017e ani Hitler a Mussolini nezavedli zlo\u010dineckou diktaturu hned. Nejprve se nacist\u00e9 soust\u0159edili na \u017eidovskou populaci, proto\u017ee antisemitismus byl v\u00a0t\u00e9 dob\u011b zna\u010dn\u011b roz\u0161\u00ed\u0159en ve st\u0159edn\u00ed t\u0159\u00edd\u011b. Po eliminaci \u017did\u016f zbaven\u00edm je lidsk\u00fdch pr\u00e1v, vylou\u010den\u00edm z\u00a0ve\u0159ejn\u00e9ho \u017eivota a n\u00e1sledn\u011b i do ghett, p\u0159i\u0161li na \u0159adu dal\u0161\u00ed. Nejprve to byli komunist\u00e9, pak soci\u00e1ln\u00ed demokrat\u00e9, odbory, tisk, c\u00edrkev a dal\u0161\u00ed a dal\u0161\u00ed. Postup byl v\u017edy stejn\u00fd \u2013 vytvo\u0159it nep\u0159\u00edtele, dehumanizovat ho pomoc\u00ed propagace tiskem, n\u00e1pisy, plak\u00e1ty, rozhlasu, a nakonec ho zlikvidovat fyzicky.<\/p>\n<p>Co mi to jen p\u0159ipom\u00edn\u00e1? U\u017e n\u00e1m na\u0161e m\u00e9dia ozna\u010dila \u201enep\u0159\u00edtele\u201c, dehumanizuje ho a vyz\u00fdvaj\u00ed k\u00a0jeho likvidaci. Te\u010f jsou to Rusov\u00e9 a \u010c\u00ed\u0148ani, na dom\u00e1c\u00ed sc\u00e9n\u011b pak ka\u017ed\u00fd, kdo m\u00e1 vlasteneck\u00e9 c\u00edt\u011bn\u00ed, kdo nechce zapomenout na vlastn\u00ed historii, kdo se pokus\u00ed oponovat jedin\u00e9mu spr\u00e1vn\u00e9mu n\u00e1zoru. A u\u017e se dost\u00e1v\u00e1me do druh\u00e9 f\u00e1ze. Ka\u017ed\u00e9mu \u201enep\u0159\u00edteli\u201c je odep\u0159eno pr\u00e1vo na svobodu slova, svobodu projevu, svobodu pohybu, pr\u00e1vo na spravedlnost. Je dehumanizov\u00e1n jako prokremelsk\u00fd dezol\u00e1t, Putin\u016fv \u0161v\u00e1b, rusk\u00fd \u0161v\u00e1b, dezinform\u00e1tor. Postupn\u011b p\u0159ech\u00e1z\u00edme do t\u0159et\u00ed f\u00e1ze \u2013 vylou\u010den\u00ed z\u00a0ve\u0159ejn\u00e9ho \u017eivota a fyzick\u00e9 eliminaci. Z\u00e1\u0159n\u00fdm p\u0159\u00edkladem jsou dnes lid\u00e9 jako pan\u00ed Bedn\u00e1\u0159ov\u00e1, PhDr. Sk\u00e1la, spisovatel \u0160ifrin, Net\u00edk a jeho soudn\u00ed p\u0159e, na sousedn\u00edm Slovensku pan Hamb\u00e1lek, kter\u00e9ho vyhostili z\u00a0EU a ukradli mu ve\u0161ker\u00fd majetek.<\/p>\n<p>Jen\u017ee tito ideologi\u010dt\u00ed mago\u0159i si neuv\u011bdomuj\u00ed jednu podstatnou v\u011bc \u2013 nen\u00e1vist jednoho donut\u00ed d\u0159\u00edve nebo pozd\u011bji k nen\u00e1visti i protistranu! Tak\u017ee si maluj\u00ed ter\u010d na vlastn\u00ed z\u00e1da. A pak se samoz\u0159ejm\u011b najde v ka\u017ed\u00e9 spole\u010dnosti psychicky labiln\u00ed \u010dlov\u011bk. A proto\u017ee tahle garnitura dost\u00e1v\u00e1 do ne\u0159e\u0161iteln\u00fdch probl\u00e9m\u016f st\u00e1le v\u011bt\u0161\u00ed \u010d\u00e1st spole\u010dnosti, m\u016f\u017eeme o\u010dek\u00e1vat zv\u00fd\u0161en\u00fd po\u010det takov\u00fdch \u010din\u016f, kter\u00e9 se staly na p\u016fd\u011b university. Nikdo soudn\u00fd po tom netou\u017e\u00ed, proto\u017ee to odnesou nevinn\u00ed lid\u00e9 a co h\u016f\u0159. Raku\u0161anova policejn\u00ed \u00faderka to zcela jist\u011b zneu\u017eije k je\u0161t\u011b v\u011bt\u0161\u00edmu omezen\u00ed lidsk\u00fdch pr\u00e1v a svobod. Z\u00e1padn\u00ed spole\u010dnost je v podru\u010d\u00ed oligarchie a mluvit o svobodn\u00e9 spole\u010dnosti lze jen st\u011b\u017e\u00ed. Nem\u00e1me daleko k autokratick\u00fdm re\u017eim\u016fm a budeme-li t\u00edmto sm\u011brem pokra\u010dovat, p\u0159ibl\u00ed\u017e\u00edme se d\u0159\u00edve nebo pozd\u011bji k re\u017eim\u016fm ne nepodobn\u00fdm KLDR. Objevuj\u00ed se prvn\u00ed n\u00e1znaky odporu obyvatelstva v Evrop\u011b. Ot\u00e1zkou sp\u00ed\u0161e z\u016fst\u00e1v\u00e1, zdali ji\u017e nen\u00ed pozd\u011b. O to v\u00edc mrz\u00ed skute\u010dnost, \u017ee \u010desk\u00fd n\u00e1rod vz\u00fdvaj\u00edc\u00ed Havla a maj\u00edc\u00ed \u010dty\u0159icetiletou zku\u0161enost s vl\u00e1dou jedn\u00e9 strany, kr\u00e1\u010d\u00ed \u201eradostn\u011b\u201c k sv\u011btl\u00fdm totalitn\u00edm z\u00edt\u0159k\u016fm zvolen\u00edm si nejv\u011bt\u0161\u00edch kolaborant\u016f sv\u00e9 historie do \u010dela st\u00e1tu. Nic jsme se nepou\u010dili z H\u00e1chy, Moravce, Bi\u013eaka a jim podobn\u00fdch. Net\u011b\u0161\u00ed m\u011b to, ale Z\u00e1pad je v konc\u00edch, jeho dal\u0161\u00ed rozvoj je nemo\u017en\u00fd. Jakkoliv m\u016f\u017eeme ideologicky bl\u00e1bolit co chceme, nadn\u00e1rodn\u00ed korpor\u00e1t se sna\u017e\u00ed z\u00e1padn\u00ed sv\u011bt zni\u010dit.<\/p>\n<p><strong>napsal Harryp<\/strong><\/p>\n<p><a href=\"https:\/\/vlkovobloguje.wordpress.com\/2023\/12\/23\/dusledky-nenavisti-ve-spolecnosti\/#more-1006203\">ZDROJ<\/a><\/p>\n<p>&nbsp;<\/p>\n<p>&nbsp;<\/p>\n","protected":false},"excerpt":{"rendered":"<p>P\u016fvodn\u011b nebylo m\u00fdm z\u00e1m\u011brem vyjad\u0159ovat se k\u00a0tragick\u00e9 ud\u00e1losti, kter\u00e1 se stala na p\u016fd\u011b filosofick\u00e9 fakulty&#8230;.<\/p>\n","protected":false},"author":2,"featured_media":33215,"comment_status":"closed","ping_status":"closed","sticky":false,"template":"","format":"standard","meta":[],"categories":[6],"tags":[29,940,122,2385,117,48],"_links":{"self":[{"href":"https:\/\/www.infokuryr.cz\/n\/wp-json\/wp\/v2\/posts\/43248"}],"collection":[{"href":"https:\/\/www.infokuryr.cz\/n\/wp-json\/wp\/v2\/posts"}],"about":[{"href":"https:\/\/www.infokuryr.cz\/n\/wp-json\/wp\/v2\/types\/post"}],"author":[{"embeddable":true,"href":"https:\/\/www.infokuryr.cz\/n\/wp-json\/wp\/v2\/users\/2"}],"replies":[{"embeddable":true,"href":"https:\/\/www.infokuryr.cz\/n\/wp-json\/wp\/v2\/comments?post=43248"}],"version-history":[{"count":0,"href":"https:\/\/www.infokuryr.cz\/n\/wp-json\/wp\/v2\/posts\/43248\/revisions"}],"wp:featuredmedia":[{"embeddable":true,"href":"https:\/\/www.infokuryr.cz\/n\/wp-json\/wp\/v2\/media\/33215"}],"wp:attachment":[{"href":"https:\/\/www.infokuryr.cz\/n\/wp-json\/wp\/v2\/media?parent=43248"}],"wp:term":[{"taxonomy":"category","embeddable":true,"href":"https:\/\/www.infokuryr.cz\/n\/wp-json\/wp\/v2\/categories?post=43248"},{"taxonomy":"post_tag","embeddable":true,"href":"https:\/\/www.infokuryr.cz\/n\/wp-json\/wp\/v2\/tags?post=43248"}],"curies":[{"name":"wp","href":"https:\/\/api.w.org\/{rel}","templated":true}]}}