{"id":43219,"date":"2023-12-24T05:46:26","date_gmt":"2023-12-24T04:46:26","guid":{"rendered":"http:\/\/www.infokuryr.cz\/n\/?p=43219"},"modified":"2023-12-24T05:46:26","modified_gmt":"2023-12-24T04:46:26","slug":"zadne-novorocni-pozdravy-pro-nepratelske-zeme","status":"publish","type":"post","link":"https:\/\/www.infokuryr.cz\/n\/2023\/12\/24\/zadne-novorocni-pozdravy-pro-nepratelske-zeme\/","title":{"rendered":"\u017d\u00e1dn\u00e9 novoro\u010dn\u00ed pozdravy pro \u201enep\u0159\u00e1telsk\u00e9 zem\u011b\u201c"},"content":{"rendered":"<div id=\"fb-root\"><\/div>\n<p><span style=\"font-size: 18pt;\"><strong>Rusk\u00fd prezident Vladimir Putin tradi\u010dn\u011b v prosinci pos\u00edl\u00e1 zahrani\u010dn\u00edm v\u016fdc\u016fm sv\u00e1 p\u0159\u00e1n\u00ed k sv\u00e1tku<\/strong><\/span><\/p>\n<p><span>V\u016fdc\u016fm n\u00e1rod\u016f, kter\u00e9 Moskva pova\u017euje za\u00a0<\/span><em><span>\u201enep\u0159\u00e1telsk\u00e9\u201c<\/span><\/em><span>\u00a0, nebudou letos zas\u00edl\u00e1ny tradi\u010dn\u00ed novoro\u010dn\u00ed a v\u00e1no\u010dn\u00ed pozdravy od prezidenta Vladimira Putina, \u0159ekl v sobotu agentu\u0159e TASS mluv\u010d\u00ed Kremlu Dmitrij Peskov a dodal, \u017ee zpr\u00e1vy dostanou pouze p\u0159\u00e1tel\u00e9 a spojenci Ruska.<\/span><\/p>\n<p><span>Rusk\u00fd v\u016fdce tradi\u010dn\u011b v prosinci pos\u00edl\u00e1 ofici\u00e1ln\u00ed zpr\u00e1vy sou\u010dasn\u00fdm i b\u00fdval\u00fdm zahrani\u010dn\u00edm v\u016fdc\u016fm, kde jim p\u0159eje v\u0161e nejlep\u0161\u00ed k nadch\u00e1zej\u00edc\u00edm sv\u00e1tk\u016fm.\u00a0Vzhledem k bezprecedentn\u00edmu nap\u011bt\u00ed, kter\u00e9 Moskva za\u017e\u00edv\u00e1 s Washingtonem a jeho spojenci, se v\u0161ak seznam p\u0159\u00edjemc\u016f pon\u011bkud zkr\u00e1til.<\/span><\/p>\n<p><em><span>\u201ePutin nepo\u0161le sv\u00e9 pozdravy nep\u0159\u00e1telsk\u00fdm,\u201c<\/span><\/em><span>\u00a0odpov\u011bd\u011bl Peskov na ot\u00e1zku, kte\u0159\u00ed zahrani\u010dn\u00ed v\u016fdci letos zpr\u00e1vy dostanou.\u00a0<\/span><em><span>\u201eP\u0159\u00e1tel\u0161t\u00ed\u201c<\/span><\/em><span>\u00a0obdr\u017e\u00ed pozdravy, \u0159ekl, ani\u017e by up\u0159esnil, kdo p\u0159esn\u011b je na seznamu.<\/span><\/p>\n<p><a href=\"https:\/\/stranapro.cz\/\"><img decoding=\"async\" loading=\"lazy\" class=\"alignnone  wp-image-40285 aligncenter\" src=\"http:\/\/www.infokuryr.cz\/n\/wp-content\/uploads\/2023\/11\/11pro-300x79.png\" alt=\"\" width=\"573\" height=\"151\" srcset=\"https:\/\/www.infokuryr.cz\/n\/wp-content\/uploads\/2023\/11\/11pro-300x79.png 300w, https:\/\/www.infokuryr.cz\/n\/wp-content\/uploads\/2023\/11\/11pro.png 363w\" sizes=\"(max-width: 573px) 100vw, 573px\" \/><\/a><\/p>\n<p><span>V lo\u0148sk\u00e9m roce na seznamu p\u0159\u00edjemc\u016f zve\u0159ejn\u011bn\u00e9m Kremlem nebyli \u017e\u00e1dn\u00ed z\u00e1padn\u00ed v\u016fdci krom\u011b ma\u010farsk\u00e9ho premi\u00e9ra Viktora Orb\u00e1na a srbsk\u00e9ho prezidenta Aleksandara Vu\u010di\u010de.\u00a0B\u011blehrad m\u00e1 tradi\u010dn\u011b \u00fazk\u00e9 vztahy s Moskvou, kter\u00e9 se mu da\u0159ilo udr\u017eet uprost\u0159ed konfliktu mezi Moskvou a Kyjevem, b\u011bhem n\u011bho\u017e se vztahy mezi Ruskem a v\u011bt\u0161inou evropsk\u00fdch n\u00e1rod\u016f dostaly do ostr\u00e9ho \u00fahlu.<\/span><\/p>\n<p><span>Orb\u00e1n se odch\u00fdlil od v\u011bt\u0161iny zbytku EU v kritice z\u00e1padn\u00ed vojensk\u00e9 pomoci Kyjevu a vol\u00e1n\u00ed po m\u00edru, stejn\u011b jako opakovan\u011b poukazoval na ne\u00fa\u010dinnost sankc\u00ed, kter\u00e9 Brusel uvalil na Moskvu.<\/span><\/p>\n<p><span>Pozdravy za rok 2022 tak\u00e9 nebyly zasl\u00e1ny \u017e\u00e1dn\u00fdm vedouc\u00edm r\u016fzn\u00fdch mezin\u00e1rodn\u00edch org\u00e1n\u016f.\u00a0D\u016fvody tohoto rozhodnut\u00ed Kreml tehdy nekomentoval.\u00a0B\u00fdval\u00e1 n\u011bmeck\u00e1 kancl\u00e9\u0159ka Angela Merkelov\u00e1 byla tak\u00e9 vy\u0161krtnuta ze seznamu b\u00fdval\u00fdch hlav st\u00e1t\u016f a vl\u00e1d, kte\u0159\u00ed m\u011bli obdr\u017eet sv\u00e1te\u010dn\u00ed vzkaz od rusk\u00e9ho prezidenta.<\/span><\/p>\n<p><span>Merkelov\u00e1 loni p\u0159ipustila, \u017ee Minsk\u00e9 dohody zprost\u0159edkovan\u00e9 Ruskem, N\u011bmeckem a Franci\u00ed v roce 2015 o ukon\u010den\u00ed nep\u0159\u00e1telsk\u00fdch akc\u00ed mezi Kyjevem a republikami Donbass byly pouze strategick\u00fdm trikem, jeho\u017e c\u00edlem bylo z\u00edskat Ukrajin\u011b v\u00edce \u010dasu na p\u0159\u00edpravu na konflikt s Ruskem.\u00a0Putin tehdy odpov\u011bd\u011bl, \u017ee je \u201ezklaman\u00fd\u201c v\u00fdroky Merkelov\u00e9.<\/span><\/p>\n<p><img decoding=\"async\" loading=\"lazy\" class=\"alignnone size-full wp-image-1185\" src=\"http:\/\/www.infokuryr.cz\/n\/wp-content\/uploads\/2021\/04\/kuryr-podpis.png\" alt=\"\" width=\"84\" height=\"24\" \/><\/p>\n<p>&nbsp;<\/p>\n<p>&nbsp;<\/p>\n","protected":false},"excerpt":{"rendered":"<p>Rusk\u00fd prezident Vladimir Putin tradi\u010dn\u011b v prosinci pos\u00edl\u00e1 zahrani\u010dn\u00edm v\u016fdc\u016fm sv\u00e1 p\u0159\u00e1n\u00ed k sv\u00e1tku V\u016fdc\u016fm&#8230;<\/p>\n","protected":false},"author":2,"featured_media":12807,"comment_status":"closed","ping_status":"closed","sticky":false,"template":"","format":"standard","meta":[],"categories":[7],"tags":[669,1065,4170,102],"_links":{"self":[{"href":"https:\/\/www.infokuryr.cz\/n\/wp-json\/wp\/v2\/posts\/43219"}],"collection":[{"href":"https:\/\/www.infokuryr.cz\/n\/wp-json\/wp\/v2\/posts"}],"about":[{"href":"https:\/\/www.infokuryr.cz\/n\/wp-json\/wp\/v2\/types\/post"}],"author":[{"embeddable":true,"href":"https:\/\/www.infokuryr.cz\/n\/wp-json\/wp\/v2\/users\/2"}],"replies":[{"embeddable":true,"href":"https:\/\/www.infokuryr.cz\/n\/wp-json\/wp\/v2\/comments?post=43219"}],"version-history":[{"count":0,"href":"https:\/\/www.infokuryr.cz\/n\/wp-json\/wp\/v2\/posts\/43219\/revisions"}],"wp:featuredmedia":[{"embeddable":true,"href":"https:\/\/www.infokuryr.cz\/n\/wp-json\/wp\/v2\/media\/12807"}],"wp:attachment":[{"href":"https:\/\/www.infokuryr.cz\/n\/wp-json\/wp\/v2\/media?parent=43219"}],"wp:term":[{"taxonomy":"category","embeddable":true,"href":"https:\/\/www.infokuryr.cz\/n\/wp-json\/wp\/v2\/categories?post=43219"},{"taxonomy":"post_tag","embeddable":true,"href":"https:\/\/www.infokuryr.cz\/n\/wp-json\/wp\/v2\/tags?post=43219"}],"curies":[{"name":"wp","href":"https:\/\/api.w.org\/{rel}","templated":true}]}}