{"id":43218,"date":"2023-12-24T05:43:19","date_gmt":"2023-12-24T04:43:19","guid":{"rendered":"http:\/\/www.infokuryr.cz\/n\/?p=43218"},"modified":"2023-12-24T05:43:19","modified_gmt":"2023-12-24T04:43:19","slug":"japonsko-rusi-zakaz-vyvozu-zbrani-ktere-mohou-skoncit-na-ukrajine","status":"publish","type":"post","link":"https:\/\/www.infokuryr.cz\/n\/2023\/12\/24\/japonsko-rusi-zakaz-vyvozu-zbrani-ktere-mohou-skoncit-na-ukrajine\/","title":{"rendered":"Japonsko ru\u0161\u00ed z\u00e1kaz v\u00fdvozu zbran\u00ed, kter\u00e9 mohou skon\u010dit na Ukrajin\u011b"},"content":{"rendered":"<div id=\"fb-root\"><\/div>\n<p><span style=\"font-size: 18pt;\"><strong>Tokio pos\u00edl\u00e1 rakety Patriot do USA jako dal\u0161\u00ed krok k pln\u00e9 remilitarizaci<\/strong><\/span><\/p>\n<p><span>Japonsko souhlasilo s dod\u00e1vkou raket Patriot do USA pot\u00e9, co ukon\u010dilo z\u00e1kaz vojensk\u00e9ho v\u00fdvozu uvalen\u00fd podle pacifistick\u00e9 \u00fastavy zem\u011b v roce 1947. Tento krok pom\u016f\u017ee pos\u00edlit z\u00e1soby Washingtonu nahlodan\u00e9 pokra\u010duj\u00edc\u00edm konfliktem na Ukrajin\u011b.<\/span><\/p>\n<p><span>Prodej zbran\u00ed do USA, potvrzen\u00fd v p\u00e1tek v Tokiu, p\u0159edstavuje prvn\u00ed japonsk\u00fd v\u00fdvoz smrt\u00edc\u00edch zbran\u00ed od druh\u00e9 sv\u011btov\u00e9 v\u00e1lky.\u00a0Japonsk\u00e1 spole\u010dnost Mitsubishi Heavy Industries vyr\u00e1b\u00ed st\u0159ely Patriot v licenci americk\u00fdch dodavatel\u016f obrany Lockheed Martin a RTX.<\/span><\/p>\n<p><span>P\u0159esto\u017ee protiraketov\u00e9 st\u0159ely japonsk\u00e9 v\u00fdroby nepolet\u00ed p\u0159\u00edmo do Kyjeva, mohou Washingtonu umo\u017enit vyslat na Ukrajinu v\u00edce Patriot\u016f vyroben\u00fdch v USA.<\/span><\/p>\n<p><em><span>\u201eDouf\u00e1me, \u017ee t\u00edm p\u0159isp\u011bjeme k obran\u011b svobodn\u00e9ho a otev\u0159en\u00e9ho mezin\u00e1rodn\u00edho \u0159\u00e1du zalo\u017een\u00e9ho na pr\u00e1vn\u00edm st\u00e1tu a k dosa\u017een\u00ed m\u00edru a stability v indo-pacifick\u00e9 oblasti,\u201c\u00a0<\/span><\/em><a href=\"https:\/\/www.mofa.go.jp\/mofaj\/press\/release\/pressit_000001_00153.html\" target=\"_blank\" rel=\"noopener noreferrer\"><span>\u0159ekl<\/span><\/a><span>\u00a0novin\u00e1\u0159\u016fm po japonsk\u00e9m kabinetu\u00a0premi\u00e9r Fumio Kishida.\u00a0souhlasil se zru\u0161en\u00edm z\u00e1kazu v\u00fdvozu.\u00a0Japonsk\u00e9 ministerstvo zahrani\u010d\u00ed uvedlo, \u017ee dohoda o raket\u00e1ch d\u00e1le pos\u00edl\u00ed japonsko-americkou alianci.<\/span><\/p>\n<p><a href=\"https:\/\/stranapro.cz\/\"><img decoding=\"async\" loading=\"lazy\" class=\"alignnone  wp-image-40285 aligncenter\" src=\"http:\/\/www.infokuryr.cz\/n\/wp-content\/uploads\/2023\/11\/11pro-300x79.png\" alt=\"\" width=\"520\" height=\"137\" srcset=\"https:\/\/www.infokuryr.cz\/n\/wp-content\/uploads\/2023\/11\/11pro-300x79.png 300w, https:\/\/www.infokuryr.cz\/n\/wp-content\/uploads\/2023\/11\/11pro.png 363w\" sizes=\"(max-width: 520px) 100vw, 520px\" \/><\/a><\/p>\n<p><span>A\u010dkoli Kishida trval na tom, \u017ee\u00a0<\/span><em><span>\u201ena na\u0161em principu jako pacifistick\u00e9ho n\u00e1roda se nic nem\u011bn\u00ed\u201c,<\/span><\/em><span>\u00a0americk\u00fd velvyslanec v Japonsku Rahm Emanuel uznal, \u017ee\u00a0<\/span><em><span>\u201erozsah, rozsah a rychlost japonsk\u00fdch bezpe\u010dnostn\u00edch reforem byly bezprecedentn\u00ed\u201c.\u00a0<\/span><\/em><span>\u0158ekl\u00a0<\/span><a href=\"https:\/\/twitter.com\/USAmbJapan\/status\/1738120192964931753\" target=\"_blank\" rel=\"noopener noreferrer\"><span>, \u017ee<\/span><\/a><span>\u00a0Tokio proch\u00e1z\u00ed\u00a0<\/span><em><span>\u201emodernizac\u00ed obrany jednou za generaci\u201c.<\/span><\/em><\/p>\n<p><span>Rozhodnut\u00ed o v\u00fdvozu p\u0159i\u0161lo ve stejn\u00fd den, kdy japonsk\u00fd kabinet schv\u00e1lil 16% skok ve v\u00fddaj\u00edch na obranu na rekordn\u00ed maximum.\u00a0Fisk\u00e1ln\u00ed vojensk\u00fd rozpo\u010det na rok 2024 ve v\u00fd\u0161i 7,95 bilionu jen\u016f (55,8 miliardy dolar\u016f) bude tak\u00e9 vy\u017eadovat schv\u00e1len\u00ed japonsk\u00e9ho parlamentu.<\/span><\/p>\n<p><span>Kishida ozn\u00e1mila v prosinci 2022 p\u011btilet\u00e9 navy\u0161ov\u00e1n\u00ed arm\u00e1dy, d\u00edky kter\u00e9mu by se Japonsko mohlo st\u00e1t t\u0159et\u00edm nejv\u011bt\u0161\u00edm sv\u011btov\u00fdm v\u00fddajem na obranu, pouze za USA a \u010c\u00ednou.\u00a0Takov\u00e9 v\u00fddaje byly kdysi pova\u017eov\u00e1ny za nemysliteln\u00e9 podle japonsk\u00e9 \u00fastavy vytvo\u0159en\u00e9 USA, podle n\u00ed\u017e se Tokio vzdalo nejen sv\u00e9ho pr\u00e1va v\u00e9st v\u00e1lku, ale tak\u00e9 vlastnit zbran\u011b nad r\u00e1mec t\u011bch, kter\u00e9 jsou pot\u0159ebn\u00e9 pro minim\u00e1ln\u00ed \u00farove\u0148 sebeobrany.<\/span><\/p>\n<p><span>Zru\u0161en\u00ed japonsk\u00e9ho z\u00e1kazu v\u00fdvozu by mohlo p\u0159ipravit cestu pro st\u00edha\u010dky F-15 a dal\u0161\u00ed zbran\u011b vyr\u00e1b\u011bn\u00e9 japonsk\u00fdmi spole\u010dnostmi na z\u00e1klad\u011b americk\u00fdch licenc\u00ed, kter\u00e9 budou prod\u00e1v\u00e1ny Washingtonu, Spojen\u00e9mu kr\u00e1lovstv\u00ed a dal\u0161\u00edm z\u00e1padn\u00edm spojenc\u016fm.<\/span><\/p>\n<p><img decoding=\"async\" loading=\"lazy\" class=\"alignnone size-full wp-image-1185\" src=\"http:\/\/www.infokuryr.cz\/n\/wp-content\/uploads\/2021\/04\/kuryr-podpis.png\" alt=\"\" width=\"84\" height=\"24\" \/><\/p>\n<p>&nbsp;<\/p>\n<p>&nbsp;<\/p>\n","protected":false},"excerpt":{"rendered":"<p>Tokio pos\u00edl\u00e1 rakety Patriot do USA jako dal\u0161\u00ed krok k pln\u00e9 remilitarizaci Japonsko souhlasilo s&#8230;<\/p>\n","protected":false},"author":2,"featured_media":21174,"comment_status":"closed","ping_status":"closed","sticky":false,"template":"","format":"standard","meta":[],"categories":[7],"tags":[105,349,37,2007,73],"_links":{"self":[{"href":"https:\/\/www.infokuryr.cz\/n\/wp-json\/wp\/v2\/posts\/43218"}],"collection":[{"href":"https:\/\/www.infokuryr.cz\/n\/wp-json\/wp\/v2\/posts"}],"about":[{"href":"https:\/\/www.infokuryr.cz\/n\/wp-json\/wp\/v2\/types\/post"}],"author":[{"embeddable":true,"href":"https:\/\/www.infokuryr.cz\/n\/wp-json\/wp\/v2\/users\/2"}],"replies":[{"embeddable":true,"href":"https:\/\/www.infokuryr.cz\/n\/wp-json\/wp\/v2\/comments?post=43218"}],"version-history":[{"count":0,"href":"https:\/\/www.infokuryr.cz\/n\/wp-json\/wp\/v2\/posts\/43218\/revisions"}],"wp:featuredmedia":[{"embeddable":true,"href":"https:\/\/www.infokuryr.cz\/n\/wp-json\/wp\/v2\/media\/21174"}],"wp:attachment":[{"href":"https:\/\/www.infokuryr.cz\/n\/wp-json\/wp\/v2\/media?parent=43218"}],"wp:term":[{"taxonomy":"category","embeddable":true,"href":"https:\/\/www.infokuryr.cz\/n\/wp-json\/wp\/v2\/categories?post=43218"},{"taxonomy":"post_tag","embeddable":true,"href":"https:\/\/www.infokuryr.cz\/n\/wp-json\/wp\/v2\/tags?post=43218"}],"curies":[{"name":"wp","href":"https:\/\/api.w.org\/{rel}","templated":true}]}}