{"id":43198,"date":"2023-12-24T00:41:03","date_gmt":"2023-12-23T23:41:03","guid":{"rendered":"http:\/\/www.infokuryr.cz\/n\/?p=43198"},"modified":"2023-12-23T18:13:38","modified_gmt":"2023-12-23T17:13:38","slug":"radim-valencik-tragedie-v-cem-se-rakusan-myli","status":"publish","type":"post","link":"https:\/\/www.infokuryr.cz\/n\/2023\/12\/24\/radim-valencik-tragedie-v-cem-se-rakusan-myli\/","title":{"rendered":"Radim Valen\u010d\u00edk: Trag\u00e9die. V \u010dem se Raku\u0161an m\u00fdl\u00ed"},"content":{"rendered":"<div id=\"fb-root\"><\/div>\n<p style=\"font-weight: 400;\">Ministr vnitra\u00a0<strong>Raku\u0161an<\/strong>:<\/p>\n<p style=\"font-weight: 400;\"><em>&#8222;Je to n\u011bco, \u010deho se v\u0161ichni d\u011bs\u00edme, n\u011bco, \u010demu se\u00a0<strong>t\u011b\u017eko p\u0159edch\u00e1z\u00ed<\/strong>, je to \u010dlov\u011bk, kter\u00fd m\u00e1 n\u011bjak\u00e9 sv\u00e9 probl\u00e9my a dopust\u00ed se toho, \u017ee ten \u017eivot bohu\u017eel, krom\u011b sebe, vezme i jin\u00fdm.&#8220;<\/em><\/p>\n<p style=\"font-weight: 400;\">Viz:\u00a0<a href=\"https:\/\/www.novinky.cz\/clanek\/domaci-rakusan-k-utoku-je-to-neco-ceho-se-vsichni-desime-tezko-se-tomu-predchazi-40455115\">https:\/\/www.novinky.cz\/clanek\/domaci-rakusan-k-utoku-je-to-neco-ceho-se-vsichni-desime-tezko-se-tomu-predchazi-40455115<\/a><\/p>\n<p style=\"font-weight: 400;\">Nen\u00ed pravda, \u017ee podobn\u00fdm trag\u00e9di\u00edm (zejm\u00e9na, pokud jde o akademickou p\u016fdu) nelze p\u0159edch\u00e1zet. Lze, a to:<\/p>\n<ol>\n<li style=\"font-weight: 400;\"><strong>P\u011bstov\u00e1n\u00edm soun\u00e1le\u017eitosti <\/strong>p\u0159\u00edjmov\u00e9, mezigenera\u010dn\u00ed a n\u00e1zorov\u00e9, n\u00e1vazn\u011b pak\u00a0<strong>d\u016fv\u011bry ve st\u00e1t<\/strong>.\u00a0<strong>Vl\u00e1da d\u011bl\u00e1 prav\u00fd opak<\/strong>:<\/li>\n<\/ol>\n<p style=\"font-weight: 400;\">&#8211;\u00a0<strong>Jure\u010dka podlomil mezigenera\u010dn\u00ed soun\u00e1le\u017eitost<\/strong>\u00a0nesmyslnou reformou penzijn\u00edho syst\u00e9mu, sou\u010dasn\u011b s\u00a0t\u00edm i d\u016fv\u011bru ve st\u00e1t, co\u017e mj. je\u0161t\u011b v\u00edce prohloub\u00ed deficit penzijn\u00edho syst\u00e9mu. Kdy\u017e si p\u0159e\u010dte toto, pochop\u00edte, pro\u010d se mlad\u00fd lidem obt\u00ed\u017en\u011b hled\u00e1 smysl \u017eit\u00ed, v\u00a0\u010dem Jure\u010dka selhal a jak\u00e9 dopady to m\u00e1, viz:\u00a0<a href=\"https:\/\/radimvalencik.pise.cz\/10726-vize-jakou-potrebujeme-419.html\">https:\/\/radimvalencik.pise.cz\/10726-vize-jakou-potrebujeme-419.html<\/a><\/p>\n<p style=\"font-weight: 400;\">&#8211; Sv\u00fdm nekvalifikovan\u011b zpracovan\u00fdm &#8222;bal\u00ed\u010dkem&#8220; v<strong>l\u00e1da podpo\u0159ila v\u0161echny nejagresivn\u011bj\u0161\u00ed a nejv\u00edce kontraproduktivn\u00ed formy pozi\u010dn\u00edho investov\u00e1n\u00ed<\/strong>\u00a0t\u00edm d\u00e1le podlomila d\u016fv\u011bru ve st\u00e1t. Pozi\u010dn\u00edmu investov\u00e1n\u00ed v\u011bnujeme v\u00a0r\u00e1mci p\u011bstov\u00e1n\u00ed vize st\u00e1lou pozornost a je to nejnebezpe\u010dn\u011bj\u0161\u00ed fenom\u00e9n, kter\u00fd \u2013 pokud ho nep\u0159ekon\u00e1me \u2013 bude p\u0159in\u00e1\u0161et dal\u0161\u00ed a dal\u0161\u00ed trag\u00e9die, viz:\u00a0<a href=\"https:\/\/radimvalencik.pise.cz\/10765-vize-jakou-potrebujeme-443.html\">https:\/\/radimvalencik.pise.cz\/10765-vize-jakou-potrebujeme-443.html<\/a><\/p>\n<p style=\"font-weight: 400;\">&#8211;\u00a0<strong>N\u00e1zorovou soun\u00e1le\u017eitosti vl\u00e1da likviduje zpolitizovan\u00fdmi procesy<\/strong>. Pron\u00e1sleduje i ty, kte\u0159\u00ed \u0159\u00edkaj\u00ed pravdu. Tady je n\u011bco o tom, jak vl\u00e1da bojuje proti &#8222;extr\u00e9mismu&#8220;, ve skute\u010dnosti likviduje samotn\u00fd z\u00e1klad n\u00e1zorov\u00e9 soun\u00e1le\u017eitosti, viz:\u00a0<a href=\"https:\/\/radimvalencik.pise.cz\/11045-vize-jakou-potrebujeme-605.html\">https:\/\/radimvalencik.pise.cz\/11045-vize-jakou-potrebujeme-605.html<\/a><\/p>\n<ol start=\"2\">\n<li style=\"font-weight: 400;\"><strong>Akademick\u00e1 p\u016fda, kter\u00e1 je vystavena bezprecedentn\u00edm exces\u016fm i v\u00a0adventn\u00ed dob\u011b<\/strong>, ztr\u00e1c\u00ed p\u0159irozen\u00fd v\u00fdchovn\u00fd vliv na mlad\u00e9 lidi, nenapom\u00e1h\u00e1 jim nach\u00e1zet spojen\u00ed mezi zvy\u0161ov\u00e1n\u00edm kvalifikace a hled\u00e1n\u00edm smyslu \u017eit\u00ed, bojovn\u00edci za n\u00e1pravu stavu jsou perzekuov\u00e1ni, zat\u00edmco povrchn\u00edm a bezohledn\u00fdm kari\u00e9rist\u016fm se nab\u00edzej\u00edc\u00ed kari\u00e9ra i v\u00a0oblasti politick\u00e9 reprezentace st\u00e1tu.<strong>Kauza \u0160EV\u010c\u00cdK, kter\u00e1 vyvrcholila v\u00a0adventn\u00ed dob\u011b<\/strong>, je jen \u0161pi\u010dka ledovce, viz:\u00a0<a href=\"https:\/\/radimvalencik.pise.cz\/11299-otazky-k-pokusu-o-adventni-likvidaci-sevcika.html\">https:\/\/radimvalencik.pise.cz\/11299-otazky-k-pokusu-o-adventni-likvidaci-sevcika.html<\/a><\/li>\n<\/ol>\n<p style=\"font-weight: 400;\">Se\u010dteno, podtr\u017eeno: Vl\u00e1da svou politikou p\u0159\u00edmo\u00a0<strong>vnucuje lidem pocit bezmocnosti, bezv\u00fdchodnosti, bezperspektivnosti a sou\u010dasn\u011b rozd\u011bluje spole\u010dnost<\/strong>. V\u00a0takov\u00e9 situac\u00edch ka\u017ed\u00fd \u010dlov\u011bk obt\u00ed\u017en\u011b nach\u00e1z\u00ed smysl \u017eit\u00ed, roste pocit frustrace a to v\u0161e m\u00e1 nevypo\u010ditateln\u00e1 vy\u00fast\u011bn\u00ed.\u00a0<strong>Pokud nem\u00e1 doch\u00e1zet k\u00a0dal\u0161\u00edm trag\u00e9di\u00edm, je co nejd\u0159\u00edve nutn\u00fd z\u00e1sadn\u00ed obrat!<\/strong>\u00a0Dostali jsme do osudov\u00e9ho \u00faskal\u00ed.<\/p>\n<p style=\"font-weight: 400;\">K\u00a0tomu n\u011bco adventn\u00edho a optimistick\u00e9ho: OSUDOV\u00ddM \u00daSKAL\u00cdM PROJDEME! Zn\u00e1me p\u0159\u00ed\u010diny osudov\u00e9ho \u00faskal\u00ed, ve kter\u00e9m jsme se ocitli, a zn\u00e1me i cestu z\u00a0n\u011bj. A tak\u00e9 v\u00edme, jak naj\u00edt smysl \u017eit\u00ed a smysl byt\u00ed, viz:<\/p>\n<p style=\"font-weight: 400;\"><a href=\"https:\/\/radimvalencik.pise.cz\/11034-osudove-uskali.html\">https:\/\/radimvalencik.pise.cz\/11034-osudove-uskali.html<\/a><\/p>\n<p style=\"font-weight: 400;\"><a href=\"https:\/\/radimvalencik.pise.cz\/11035-osudove-uskali-ii.html\">https:\/\/radimvalencik.pise.cz\/11035-osudove-uskali-ii.html<\/a><\/p>\n<p style=\"font-weight: 400;\">Pro \u00faplnost \u2013 p\u0159ipomenut\u00ed d\u0159\u00edv\u011bj\u0161\u00edch situac\u00ed, i kdy\u017e souvislost nen\u00ed p\u0159\u00edm\u00e1:<\/p>\n<p style=\"font-weight: 400;\"><a href=\"https:\/\/zoom.iprima.cz\/historie\/utoky-na-skolach-420975\">https:\/\/zoom.iprima.cz\/historie\/utoky-na-skolach-420975<\/a><\/p>\n<p style=\"font-weight: 400;\">A zde je\u0161t\u011b n\u011bco k\u00a0aktu\u00e1ln\u00edmu d\u011bn\u00ed (naps\u00e1no p\u0159ed trag\u00e9di\u00ed):<\/p>\n<p style=\"font-weight: 400;\"><a href=\"https:\/\/radimvalencik.pise.cz\/11307-par-poznamek-k-aktualnimi-deni-a-vizi.html\">https:\/\/radimvalencik.pise.cz\/11307-par-poznamek-k-aktualnimi-deni-a-vizi.html<\/a><\/p>\n<p style=\"font-weight: 400;\">Je to o na\u0161\u00ed pr\u00e1ci zam\u011b\u0159en\u00e9 na\u00a0<strong>p\u011bstov\u00e1n\u00ed perspektivn\u00ed, realistick\u00e9 a p\u0159ita\u017eliv\u00e9 vize<\/strong>, jak se sezn\u00e1mit s\u00a0v\u00fdsledky, jak se do pr\u00e1ce zapojit. Je to ur\u010deno i t\u011bm, kte\u0159\u00ed maj\u00ed probl\u00e9m s\u00a0t\u00edm, jak a v\u00a0\u010dem naj\u00edt smysl \u017eit\u00ed.<\/p>\n<p><a href=\"https:\/\/radimvalencik.pise.cz\/11309-tragedie-v-cem-se-rakusan-myli.html\">Radim Valen\u010d\u00edk<\/a><\/p>\n<p><img decoding=\"async\" loading=\"lazy\" class=\"alignnone size-full wp-image-43199\" src=\"http:\/\/www.infokuryr.cz\/n\/wp-content\/uploads\/2023\/12\/radim-valencik.jpg\" alt=\"\" width=\"180\" height=\"180\" srcset=\"https:\/\/www.infokuryr.cz\/n\/wp-content\/uploads\/2023\/12\/radim-valencik.jpg 180w, https:\/\/www.infokuryr.cz\/n\/wp-content\/uploads\/2023\/12\/radim-valencik-150x150.jpg 150w\" sizes=\"(max-width: 180px) 100vw, 180px\" \/><\/p>\n<p>&nbsp;<\/p>\n","protected":false},"excerpt":{"rendered":"<p>Ministr vnitra\u00a0Raku\u0161an: &#8222;Je to n\u011bco, \u010deho se v\u0161ichni d\u011bs\u00edme, n\u011bco, \u010demu se\u00a0t\u011b\u017eko p\u0159edch\u00e1z\u00ed, je to&#8230;<\/p>\n","protected":false},"author":2,"featured_media":8694,"comment_status":"closed","ping_status":"closed","sticky":false,"template":"","format":"standard","meta":[],"categories":[6],"tags":[29,234,1032,36,438,1205],"_links":{"self":[{"href":"https:\/\/www.infokuryr.cz\/n\/wp-json\/wp\/v2\/posts\/43198"}],"collection":[{"href":"https:\/\/www.infokuryr.cz\/n\/wp-json\/wp\/v2\/posts"}],"about":[{"href":"https:\/\/www.infokuryr.cz\/n\/wp-json\/wp\/v2\/types\/post"}],"author":[{"embeddable":true,"href":"https:\/\/www.infokuryr.cz\/n\/wp-json\/wp\/v2\/users\/2"}],"replies":[{"embeddable":true,"href":"https:\/\/www.infokuryr.cz\/n\/wp-json\/wp\/v2\/comments?post=43198"}],"version-history":[{"count":1,"href":"https:\/\/www.infokuryr.cz\/n\/wp-json\/wp\/v2\/posts\/43198\/revisions"}],"predecessor-version":[{"id":43200,"href":"https:\/\/www.infokuryr.cz\/n\/wp-json\/wp\/v2\/posts\/43198\/revisions\/43200"}],"wp:featuredmedia":[{"embeddable":true,"href":"https:\/\/www.infokuryr.cz\/n\/wp-json\/wp\/v2\/media\/8694"}],"wp:attachment":[{"href":"https:\/\/www.infokuryr.cz\/n\/wp-json\/wp\/v2\/media?parent=43198"}],"wp:term":[{"taxonomy":"category","embeddable":true,"href":"https:\/\/www.infokuryr.cz\/n\/wp-json\/wp\/v2\/categories?post=43198"},{"taxonomy":"post_tag","embeddable":true,"href":"https:\/\/www.infokuryr.cz\/n\/wp-json\/wp\/v2\/tags?post=43198"}],"curies":[{"name":"wp","href":"https:\/\/api.w.org\/{rel}","templated":true}]}}