{"id":43144,"date":"2023-12-23T03:44:35","date_gmt":"2023-12-23T02:44:35","guid":{"rendered":"http:\/\/www.infokuryr.cz\/n\/?p=43144"},"modified":"2023-12-23T03:44:35","modified_gmt":"2023-12-23T02:44:35","slug":"ukrajinsky-televizni-moderator-uprchl-ze-zeme","status":"publish","type":"post","link":"https:\/\/www.infokuryr.cz\/n\/2023\/12\/23\/ukrajinsky-televizni-moderator-uprchl-ze-zeme\/","title":{"rendered":"Ukrajinsk\u00fd televizn\u00ed moder\u00e1tor uprchl ze zem\u011b"},"content":{"rendered":"<div id=\"fb-root\"><\/div>\n<p class=\"lead\"><strong>Moder\u00e1tor ukrajinsk\u00e9ho Channel 24 Alexey Pechiy se po skon\u010den\u00ed summitu Evropsk\u00e9 rady, kter\u00fd se konal 14. a\u017e 15. prosince v Bruselu, na Ukrajinu nevr\u00e1til, p\u00ed\u0161e Strana.ua.\u00a0Pechy m\u011bl na summit akreditaci a odm\u00edtl se vr\u00e1tit na Ukrajinu.<\/strong><\/p>\n<p><span>Novin\u00e1\u0159 na soci\u00e1ln\u00edch s\u00edt\u00edch uvedl, \u017ee \u201eobt\u00ed\u017en\u00e9\u201c rozhodnut\u00ed bylo zp\u016fsobeno t\u00edm, \u017ee se m\u011bn\u00ed postoj Z\u00e1padu k Ukrajin\u011b, a tak chce p\u0159i setrv\u00e1n\u00ed v Evrop\u011b p\u0159isp\u011bt k \u201emedi\u00e1ln\u00ed propagaci ukrajinsk\u00e9 agendy\u201c.<\/span><\/p>\n<p><span>Informaci o \u201e\u00fat\u011bku\u201c ofici\u00e1ln\u011b potvrdil medi\u00e1ln\u00ed holding, kter\u00fd televizn\u00ed kan\u00e1l vlastn\u00ed.\u00a0Podle gener\u00e1ln\u00edho \u0159editele holdingu\u00a0<\/span><strong><span>Romana Andreika<\/span><\/strong><span> Pechiy u\u010dinil rozhodnut\u00ed \u201ev\u011bdom\u00a0si v\u0161ech d\u016fsledk\u016f sv\u00e9ho \u00fat\u011bku\u201c.<\/span><\/p>\n<p><a href=\"https:\/\/stranapro.cz\/\"><img decoding=\"async\" loading=\"lazy\" class=\"alignnone  wp-image-40285 aligncenter\" src=\"http:\/\/www.infokuryr.cz\/n\/wp-content\/uploads\/2023\/11\/11pro-300x79.png\" alt=\"\" width=\"695\" height=\"183\" srcset=\"https:\/\/www.infokuryr.cz\/n\/wp-content\/uploads\/2023\/11\/11pro-300x79.png 300w, https:\/\/www.infokuryr.cz\/n\/wp-content\/uploads\/2023\/11\/11pro.png 363w\" sizes=\"(max-width: 695px) 100vw, 695px\" \/><\/a><\/p>\n<p><em>\u201e\u0158\u00edct, \u017ee jsem v \u0161oku, neznamen\u00e1 nic!\u00a0\u010cas posoud\u00ed.\u00a0A lid\u00e9, kte\u0159\u00ed tak r\u00e1di sledovali a poslouchali Alexeyovy anal\u00fdzy, to mus\u00ed p\u0159ijmout a sami se rozhodnout, zda jsou p\u0159ipraveni mu i nad\u00e1le v\u011b\u0159it,\u201c<span class=\"after-quote\">\u00a0&#8211; \u0159ekl Andrejko.<\/span><\/em><\/p>\n<p><span>Od 24. \u00fanora 2022 je na Ukrajin\u011b zaveden re\u017eim stann\u00e9ho pr\u00e1va, druh\u00fd den\u00a0<\/span><strong><span>Vladimir Zelenskij<\/span><\/strong><span>\u00a0podepsal dekret o v\u0161eobecn\u00e9 mobilizaci.\u00a0Odjezd mu\u017e\u016f ve v\u011bku 18 a\u017e 60 let z Ukrajiny v dob\u011b stann\u00e9ho pr\u00e1va je zak\u00e1z\u00e1n.<\/span><\/p>\n<p><span>Den p\u0159edt\u00edm se Zelenskij na tiskov\u00e9 konferenci poprv\u00e9 s \u010d\u00edsly dotkl t\u00e9matu nov\u00e9 velk\u00e9 mobilizace: \u0159ekl, \u017ee se na n\u011bj obr\u00e1til gener\u00e1ln\u00ed \u0161t\u00e1b ozbrojen\u00fdch sil Ukrajiny s \u017e\u00e1dost\u00ed mobilizovat dal\u0161\u00edch 450-500 tis\u00edc lid\u00ed.<\/span><\/p>\n<p><img decoding=\"async\" loading=\"lazy\" class=\"alignnone size-full wp-image-1185\" src=\"http:\/\/www.infokuryr.cz\/n\/wp-content\/uploads\/2021\/04\/kuryr-podpis.png\" alt=\"\" width=\"84\" height=\"24\" \/><\/p>\n<p>&nbsp;<\/p>\n<p>&nbsp;<\/p>\n","protected":false},"excerpt":{"rendered":"<p>Moder\u00e1tor ukrajinsk\u00e9ho Channel 24 Alexey Pechiy se po skon\u010den\u00ed summitu Evropsk\u00e9 rady, kter\u00fd se konal&#8230;<\/p>\n","protected":false},"author":2,"featured_media":43145,"comment_status":"closed","ping_status":"closed","sticky":false,"template":"","format":"standard","meta":[],"categories":[7],"tags":[1304,26,2778],"_links":{"self":[{"href":"https:\/\/www.infokuryr.cz\/n\/wp-json\/wp\/v2\/posts\/43144"}],"collection":[{"href":"https:\/\/www.infokuryr.cz\/n\/wp-json\/wp\/v2\/posts"}],"about":[{"href":"https:\/\/www.infokuryr.cz\/n\/wp-json\/wp\/v2\/types\/post"}],"author":[{"embeddable":true,"href":"https:\/\/www.infokuryr.cz\/n\/wp-json\/wp\/v2\/users\/2"}],"replies":[{"embeddable":true,"href":"https:\/\/www.infokuryr.cz\/n\/wp-json\/wp\/v2\/comments?post=43144"}],"version-history":[{"count":0,"href":"https:\/\/www.infokuryr.cz\/n\/wp-json\/wp\/v2\/posts\/43144\/revisions"}],"wp:featuredmedia":[{"embeddable":true,"href":"https:\/\/www.infokuryr.cz\/n\/wp-json\/wp\/v2\/media\/43145"}],"wp:attachment":[{"href":"https:\/\/www.infokuryr.cz\/n\/wp-json\/wp\/v2\/media?parent=43144"}],"wp:term":[{"taxonomy":"category","embeddable":true,"href":"https:\/\/www.infokuryr.cz\/n\/wp-json\/wp\/v2\/categories?post=43144"},{"taxonomy":"post_tag","embeddable":true,"href":"https:\/\/www.infokuryr.cz\/n\/wp-json\/wp\/v2\/tags?post=43144"}],"curies":[{"name":"wp","href":"https:\/\/api.w.org\/{rel}","templated":true}]}}