{"id":43143,"date":"2023-12-23T03:39:03","date_gmt":"2023-12-23T02:39:03","guid":{"rendered":"http:\/\/www.infokuryr.cz\/n\/?p=43143"},"modified":"2023-12-23T03:39:03","modified_gmt":"2023-12-23T02:39:03","slug":"rada-bezpecnosti-osn-schvalila-rezoluci-o-gaze-kastrovanou-usa","status":"publish","type":"post","link":"https:\/\/www.infokuryr.cz\/n\/2023\/12\/23\/rada-bezpecnosti-osn-schvalila-rezoluci-o-gaze-kastrovanou-usa\/","title":{"rendered":"Rada bezpe\u010dnosti OSN schv\u00e1lila rezoluci o Gaze \u201ekastrovanou\u201c USA"},"content":{"rendered":"<div id=\"fb-root\"><\/div>\n<p><span style=\"font-size: 18pt;\"><strong>Spojen\u00e9 st\u00e1ty i Rusko se zdr\u017eely hlasov\u00e1n\u00ed, ale z opa\u010dn\u00fdch d\u016fvod\u016f<\/strong><\/span><\/p>\n<p><span>Rada bezpe\u010dnosti OSN kone\u010dn\u011b p\u0159ijala rezoluci vyz\u00fdvaj\u00edc\u00ed k urychlen\u00ed dod\u00e1vek pomoci zoufal\u00fdm palestinsk\u00fdm civilist\u016fm v Gaze pot\u00e9, co Spojen\u00e9 st\u00e1ty hlasov\u00e1n\u00ed o n\u011bkolik dn\u00ed zdr\u017eely a vyzvaly \u010dleny, aby text zbavili jak\u00fdchkoli p\u0159\u00edm\u00fdch v\u00fdzev k zastaven\u00ed palby nebo zastaven\u00ed boj\u016f mezi Izraelem a Hamasem.<\/span><\/p>\n<p><span>Patn\u00e1cti\u010dlenn\u00e1 rada v p\u00e1tek podpo\u0159ila oslaben\u00fd text v hlasov\u00e1n\u00ed 13:0, p\u0159i\u010dem\u017e Spojen\u00e9 st\u00e1ty i Rusko se zdr\u017eely hlasov\u00e1n\u00ed.\u00a0T\u011bsn\u011b p\u0159ed kone\u010dn\u00fdm hlasov\u00e1n\u00edm vyu\u017eily USA sv\u00e9 pr\u00e1vo veta k odm\u00edtnut\u00ed rusk\u00e9ho pozm\u011b\u0148ovac\u00edho n\u00e1vrhu, kter\u00fd se sna\u017eil znovu zav\u00e9st v\u00fdzvu k\u00a0<\/span><em><span>\u201enal\u00e9hav\u00e9mu zastaven\u00ed nep\u0159\u00e1telsk\u00fdch akc\u00ed\u201c<\/span><\/em><span>\u00a0nam\u00edsto v\u00e1gn\u00ed prosby o\u00a0<\/span><em><span>\u201evytvo\u0159en\u00ed podm\u00ednek\u201c<\/span><\/em><span>\u00a0pro p\u0159\u00edpadn\u00fd m\u00edr.\u00a0<\/span><\/p>\n<p><span>St\u00e1l\u00fd z\u00e1stupce Moskvy v OSN Vasilij Nebenzia\u00a0<\/span><a href=\"https:\/\/russiaun.ru\/ru\/news\/1121223\" target=\"_blank\" rel=\"noopener noreferrer\"><span>\u0159ekl<\/span><\/a><span>\u00a0, \u017ee Rusko je p\u0159ipraveno podpo\u0159it p\u016fvodn\u00ed n\u00e1vrh SAE z\u00a0<\/span><em><span>\u201e\u00facty k na\u0161im arabsk\u00fdm p\u0159\u00e1tel\u016fm\u201c,<\/span><\/em><span>\u00a0i kdy\u017e text\u00a0<\/span><em><span>\u201ebyl ji\u017e od sam\u00e9ho za\u010d\u00e1tku bezzub\u00fd\u201c.\u00a0<\/span><\/em><span>Washington se v\u0161ak uch\u00fdlil ke sv\u00e9\u00a0<\/span><em><span>\u201eobl\u00edben\u00e9 taktice n\u00e1tlaku a vyd\u00edr\u00e1n\u00ed\u201c a<\/span><\/em><span>\u00a0zajistil, aby byla rezoluce zcela\u00a0<\/span><em><span>\u201ekastrovan\u00e1\u201c,<\/span><\/em><span>\u00a0uvedl rusk\u00fd diplomat.<\/span><\/p>\n<p><em><span>\u201eSpojen\u00e9 st\u00e1ty ve skute\u010dnosti p\u0159evzaly n\u00e1vrh a uzurpovaly pr\u00e1ci na textu, zat\u00edmco &#8218;kroutily rukama&#8216; delegac\u00edm region\u00e1ln\u00edch st\u00e1t\u016f v z\u00e1kulisn\u00edch kontaktech.\u00a0Pod americk\u00fdm tlakem text ztr\u00e1cel d\u016fle\u017eit\u00e1 ustanoven\u00ed s ka\u017ed\u00fdm nov\u00fdm vyd\u00e1n\u00edm,\u201c<\/span><\/em><span>\u00a0\u0159ekl Nebenzia rad\u011b.<\/span><\/p>\n<p><a href=\"https:\/\/stranapro.cz\/\"><img decoding=\"async\" loading=\"lazy\" class=\"alignnone  wp-image-40285 aligncenter\" src=\"http:\/\/www.infokuryr.cz\/n\/wp-content\/uploads\/2023\/11\/11pro-300x79.png\" alt=\"\" width=\"615\" height=\"162\" srcset=\"https:\/\/www.infokuryr.cz\/n\/wp-content\/uploads\/2023\/11\/11pro-300x79.png 300w, https:\/\/www.infokuryr.cz\/n\/wp-content\/uploads\/2023\/11\/11pro.png 363w\" sizes=\"(max-width: 615px) 100vw, 615px\" \/><\/a><\/p>\n<p><span>Hlasov\u00e1n\u00ed o n\u00e1vrhu sponzorovan\u00e9m SAE se m\u011blo konat v pond\u011bl\u00ed, ale delegace se cel\u00fd t\u00fdden sna\u017eily vyhnout t\u0159et\u00edmu americk\u00e9mu vetu.\u00a0Washington p\u0159edt\u00edm vetoval dv\u011b rezoluce Rady bezpe\u010dnosti o Gaze, a to 18. \u0159\u00edjna a 8. prosince.<\/span><\/p>\n<p><span>Nebenzia d\u00e1le obvinil USA z oslaben\u00ed textu,\u00a0<\/span><em><span>\u201eaby dal Izraeli volnou ruku k dal\u0161\u00edmu neomezen\u00e9mu bombardov\u00e1n\u00ed civiln\u00ed infrastruktury a civiln\u00edho obyvatelstva Gazy\u201c. <\/span><\/em><span>P\u0159ijat\u00e1 rezoluce byla zbavena po\u017eadavku, aby OSN monitorovala humanit\u00e1rn\u00ed pomoc a ponechala plnou kontrolu nad ve\u0161kerou pomoc\u00ed p\u0159ich\u00e1zej\u00edc\u00ed do Gazy v rukou Izraele.<\/span><\/p>\n<p><span>Ne\u017e se zdr\u017eela hlasov\u00e1n\u00ed a nakonec nechala opat\u0159en\u00ed proj\u00edt, americk\u00e1 velvyslankyn\u011b Linda Thomas-Greenfieldov\u00e1 rad\u011b \u0159ekla, \u017ee je\u00a0<\/span><em><span>\u201et\u011b\u017ek\u00e9 p\u0159eh\u00e1n\u011bt, jak nal\u00e9hav\u00e9 je to&#8230; toto usnesen\u00ed hovo\u0159\u00ed o z\u00e1va\u017enosti t\u00e9to krize a vyz\u00fdv\u00e1 n\u00e1s v\u0161echny, abychom tak v\u00edce u\u010dinili.&#8220;<\/span><\/em><\/p>\n<p><span>Palestinsk\u00fd zmocn\u011bnec p\u0159i OSN \u0159ekl, \u017ee rezoluce je st\u00e1le\u00a0<\/span><em><span>\u201ekrokem spr\u00e1vn\u00fdm sm\u011brem\u201c,<\/span><\/em><span>\u00a0i kdy\u017e Rad\u011b bezpe\u010dnosti trvalo asi 75 dn\u00ed,\u00a0<\/span><em><span>\u201eaby kone\u010dn\u011b vyslovila slova \u201aukon\u010den\u00ed nep\u0159\u00e1telsk\u00fdch akc\u00ed\u2018.<\/span><\/em><\/p>\n<p><img decoding=\"async\" loading=\"lazy\" class=\"alignnone size-full wp-image-1185\" src=\"http:\/\/www.infokuryr.cz\/n\/wp-content\/uploads\/2021\/04\/kuryr-podpis.png\" alt=\"\" width=\"84\" height=\"24\" \/><\/p>\n<p>&nbsp;<\/p>\n<p>&nbsp;<\/p>\n","protected":false},"excerpt":{"rendered":"<p>Spojen\u00e9 st\u00e1ty i Rusko se zdr\u017eely hlasov\u00e1n\u00ed, ale z opa\u010dn\u00fdch d\u016fvod\u016f Rada bezpe\u010dnosti OSN kone\u010dn\u011b&#8230;<\/p>\n","protected":false},"author":2,"featured_media":9726,"comment_status":"closed","ping_status":"closed","sticky":false,"template":"","format":"standard","meta":[],"categories":[7],"tags":[186,1408,886],"_links":{"self":[{"href":"https:\/\/www.infokuryr.cz\/n\/wp-json\/wp\/v2\/posts\/43143"}],"collection":[{"href":"https:\/\/www.infokuryr.cz\/n\/wp-json\/wp\/v2\/posts"}],"about":[{"href":"https:\/\/www.infokuryr.cz\/n\/wp-json\/wp\/v2\/types\/post"}],"author":[{"embeddable":true,"href":"https:\/\/www.infokuryr.cz\/n\/wp-json\/wp\/v2\/users\/2"}],"replies":[{"embeddable":true,"href":"https:\/\/www.infokuryr.cz\/n\/wp-json\/wp\/v2\/comments?post=43143"}],"version-history":[{"count":0,"href":"https:\/\/www.infokuryr.cz\/n\/wp-json\/wp\/v2\/posts\/43143\/revisions"}],"wp:featuredmedia":[{"embeddable":true,"href":"https:\/\/www.infokuryr.cz\/n\/wp-json\/wp\/v2\/media\/9726"}],"wp:attachment":[{"href":"https:\/\/www.infokuryr.cz\/n\/wp-json\/wp\/v2\/media?parent=43143"}],"wp:term":[{"taxonomy":"category","embeddable":true,"href":"https:\/\/www.infokuryr.cz\/n\/wp-json\/wp\/v2\/categories?post=43143"},{"taxonomy":"post_tag","embeddable":true,"href":"https:\/\/www.infokuryr.cz\/n\/wp-json\/wp\/v2\/tags?post=43143"}],"curies":[{"name":"wp","href":"https:\/\/api.w.org\/{rel}","templated":true}]}}