{"id":43141,"date":"2023-12-23T03:33:54","date_gmt":"2023-12-23T02:33:54","guid":{"rendered":"http:\/\/www.infokuryr.cz\/n\/?p=43141"},"modified":"2023-12-23T03:33:54","modified_gmt":"2023-12-23T02:33:54","slug":"nevladni-organizace-odsuzuje-bezprikladne-zabijeni-novinaru-v-gaze","status":"publish","type":"post","link":"https:\/\/www.infokuryr.cz\/n\/2023\/12\/23\/nevladni-organizace-odsuzuje-bezprikladne-zabijeni-novinaru-v-gaze\/","title":{"rendered":"Nevl\u00e1dn\u00ed organizace odsuzuje \u201ebezp\u0159\u00edkladn\u00e9\u201c zab\u00edjen\u00ed novin\u00e1\u0159\u016f v Gaze"},"content":{"rendered":"<div id=\"fb-root\"><\/div>\n<p><span style=\"font-size: 18pt;\"><strong>Izrael \u00fadajn\u011b zabil za posledn\u00edch deset t\u00fddn\u016f v\u00edce novin\u00e1\u0159\u016f ne\u017e v kter\u00e9koli zemi za cel\u00fd rok\u00a0<\/strong><\/span><\/p>\n<p><span>Report\u00e9\u0159i, kte\u0159\u00ed se zab\u00fdvaj\u00ed izraelskou v\u00e1lkou v Gaze, jsou zab\u00edjeni bezprecedentn\u00edm tempem, prohl\u00e1sila ve \u010dtvrtek nevl\u00e1dn\u00ed organizace zab\u00fdvaj\u00edc\u00ed se svobodou tisku V\u00fdbor na ochranu novin\u00e1\u0159\u016f a odhalila, \u017ee b\u011bhem prvn\u00edch deseti t\u00fddn\u016f konfliktu bylo zabito v\u00edce novin\u00e1\u0159\u016f ne\u017e v jedn\u00e9 zemi v kter\u00e9mkoli roce od jeho vzniku. za\u010dal v\u00e9st z\u00e1znamy v roce 1992.<\/span><\/p>\n<p><span>Od 7. \u0159\u00edjna, kdy v\u00e1lka za\u010dala v odvet\u011b za p\u0159ekvapiv\u00fd \u00fatok Hamasu na Izrael, bylo zabito nejm\u00e9n\u011b 68 medi\u00e1ln\u00edch profesion\u00e1l\u016f \u2013 61 z nich Palestinc\u016f, \u010dty\u0159i Izraelci a t\u0159i Libanonci \u2013 a dal\u0161\u00edch 15 bylo zran\u011bno, v\u010detn\u011b jednoho fotoreport\u00e9ra z AFP. kter\u00e9mu p\u0159i pr\u00e1ci ulet\u011bly nohy.<\/span><\/p>\n<p><span>CPJ odsoudila to, co nazvala \u201e\u00a0<\/span><em><span>z\u0159ejm\u00fd vzorec zam\u011b\u0159ov\u00e1n\u00ed se na novin\u00e1\u0159e a jejich rodiny<\/span><\/em><span>\u00a0\u201c ze strany Izraele, a popsala jeden p\u0159\u00edpad, kdy \u201e\u00a0<\/span><em><span>byl zabit novin\u00e1\u0159, kdy\u017e m\u011bl na sob\u011b tiskov\u00e9 insignie na m\u00edst\u011b, kde neprob\u00edhaly \u017e\u00e1dn\u00e9 boje<\/span><\/em><span>\u00a0\u201c, a tak\u00e9 dva p\u0159\u00edpady. p\u0159\u00edpady, kdy izrael\u0161t\u00ed \u00fa\u0159edn\u00edci nebo d\u016fstojn\u00edci izraelsk\u00fdch obrann\u00fdch sil nat\u00e1hli ruku a vyhro\u017eovali novin\u00e1\u0159\u016fm p\u0159edt\u00edm, ne\u017e byli zabiti jejich rodinn\u00ed p\u0159\u00edslu\u0161n\u00edci.<\/span><\/p>\n<p><span>Nejm\u00e9n\u011b 20 novin\u00e1\u0159\u016f bylo zat\u010deno izraelsk\u00fdmi \u00fa\u0159ady a dal\u0161\u00ed t\u0159i se poh\u0159e\u0161uj\u00ed, zat\u00edmco n\u011bkolik dal\u0161\u00edch nahl\u00e1silo zneu\u017e\u00edv\u00e1n\u00ed ze strany jednotek IDF \u2013 jeden b\u011bhem \u017eiv\u00e9ho vys\u00edl\u00e1n\u00ed na CNN.\u00a0<\/span><\/p>\n<p><a href=\"https:\/\/stranapro.cz\/\"><img decoding=\"async\" loading=\"lazy\" class=\"alignnone  wp-image-40285 aligncenter\" src=\"http:\/\/www.infokuryr.cz\/n\/wp-content\/uploads\/2023\/11\/11pro-300x79.png\" alt=\"\" width=\"604\" height=\"159\" srcset=\"https:\/\/www.infokuryr.cz\/n\/wp-content\/uploads\/2023\/11\/11pro-300x79.png 300w, https:\/\/www.infokuryr.cz\/n\/wp-content\/uploads\/2023\/11\/11pro.png 363w\" sizes=\"(max-width: 604px) 100vw, 604px\" \/><\/a><\/p>\n<p><span>Report\u00e9r dubajsk\u00e9 Al Mashahd TV \u0159ekl, \u017ee byl minul\u00fd t\u00fdden z\u00e1m\u011brn\u011b zam\u011b\u0159en a zast\u0159elen izraelsk\u00fdm odst\u0159elova\u010dem, p\u0159esto\u017ee byl jasn\u011b ozna\u010den jako novin\u00e1\u0159 v odvet\u011b za prolomen\u00ed p\u0159\u00edb\u011bhu, \u017ee \u010dty\u0159i p\u0159ed\u010dasn\u011b narozen\u00e9 d\u011bti byly ponech\u00e1ny zem\u0159\u00edt a rozlo\u017eit se v al-Nasr. D\u011btsk\u00e1 nemocnice v Gaze pot\u00e9, co IDF donutila person\u00e1l evakuovat za\u0159\u00edzen\u00ed bez sanitek.\u00a0<\/span><\/p>\n<p><span>Izrael v \u0159\u00edjnu \u0159ekl agentur\u00e1m Reuters a AFP, \u017ee nezaru\u010d\u00ed bezpe\u010dnost novin\u00e1\u0159\u016f v Gaze.\u00a0Kritici si jeho odm\u00edtnut\u00ed povolit zahrani\u010dn\u00edm report\u00e9r\u016fm pracovat v Gaze vykl\u00e1daj\u00ed jako snahu skr\u00fdt lidsk\u00e9 n\u00e1klady na sv\u00e9 tamn\u00ed aktivity.\u00a0<\/span><\/p>\n<p><span>Od za\u010d\u00e1tku v\u00e1lky bylo podle ministerstva zdravotnictv\u00ed v Gaze zabito p\u0159es 20 000 Palestinc\u016f a 50 000 dal\u0161\u00edch je v\u00e1\u017en\u011b zran\u011bno nebo se poh\u0159e\u0161uje, zat\u00edmco p\u0159es 1,9 milionu z 2,3 milionu obyvatel enkl\u00e1vy bylo n\u00e1siln\u011b vys\u00eddleno izraelsk\u00fdmi bombami.<\/span><\/p>\n<p><span>Izrael byl loni mezin\u00e1rodn\u011b odsouzen za zast\u0159elen\u00ed palestinsko-americk\u00e9 novin\u00e1\u0159ky al-D\u017eaz\u00edry Shireen Abu Akleh ze strany IDF, p\u0159i\u010dem\u017e Z\u00e1padn\u00ed Jeruzal\u00e9m nejprve odpov\u011bdnost pop\u00edral a pozd\u011bji tvrdil, \u017ee zabit\u00ed bylo n\u00e1hodn\u00e9.\u00a0N\u011bkolik nez\u00e1visl\u00fdch vy\u0161et\u0159ov\u00e1n\u00ed v\u0161ak zjistilo, \u017ee byla z\u00e1m\u011brn\u011b zam\u011b\u0159ena izraelsk\u00fdm odst\u0159elova\u010dem, p\u0159esto\u017ee m\u011bla jasn\u011b ozna\u010denou novin\u00e1\u0159skou vestu a helmu.\u00a0<\/span><\/p>\n<p><span>CPJ opakovan\u011b odsoudila izraelsk\u00e9 zach\u00e1zen\u00ed s tiskem, naposledy ve zpr\u00e1v\u011b zve\u0159ejn\u011bn\u00e9 v kv\u011btnu, kter\u00e1 zjistila, \u017ee jednotky IDF za posledn\u00edch 22 let zabily nejm\u00e9n\u011b 20 novin\u00e1\u0159\u016f bez zjevn\u00fdch n\u00e1sledk\u016f.<\/span><\/p>\n<p><em><span style=\"font-size: 10pt;\"><strong>\u00davodn\u00ed fotografie<\/strong>: Novin\u00e1\u0159i v Pa\u0159\u00ed\u017ei dr\u017e\u00ed fotografie koleg\u016f zabit\u00fdch v Gaze\u00a0\u00a9\u00a0\u00a0Getty Images \/ Remon Haazen<\/span><\/em><\/p>\n<p><img decoding=\"async\" loading=\"lazy\" class=\"alignnone size-full wp-image-1185\" src=\"http:\/\/www.infokuryr.cz\/n\/wp-content\/uploads\/2021\/04\/kuryr-podpis.png\" alt=\"\" width=\"84\" height=\"24\" \/><\/p>\n<p>&nbsp;<\/p>\n<p>&nbsp;<\/p>\n","protected":false},"excerpt":{"rendered":"<p>Izrael \u00fadajn\u011b zabil za posledn\u00edch deset t\u00fddn\u016f v\u00edce novin\u00e1\u0159\u016f ne\u017e v kter\u00e9koli zemi za cel\u00fd&#8230;<\/p>\n","protected":false},"author":2,"featured_media":43142,"comment_status":"closed","ping_status":"closed","sticky":false,"template":"","format":"standard","meta":[],"categories":[7],"tags":[107,273,1205],"_links":{"self":[{"href":"https:\/\/www.infokuryr.cz\/n\/wp-json\/wp\/v2\/posts\/43141"}],"collection":[{"href":"https:\/\/www.infokuryr.cz\/n\/wp-json\/wp\/v2\/posts"}],"about":[{"href":"https:\/\/www.infokuryr.cz\/n\/wp-json\/wp\/v2\/types\/post"}],"author":[{"embeddable":true,"href":"https:\/\/www.infokuryr.cz\/n\/wp-json\/wp\/v2\/users\/2"}],"replies":[{"embeddable":true,"href":"https:\/\/www.infokuryr.cz\/n\/wp-json\/wp\/v2\/comments?post=43141"}],"version-history":[{"count":0,"href":"https:\/\/www.infokuryr.cz\/n\/wp-json\/wp\/v2\/posts\/43141\/revisions"}],"wp:featuredmedia":[{"embeddable":true,"href":"https:\/\/www.infokuryr.cz\/n\/wp-json\/wp\/v2\/media\/43142"}],"wp:attachment":[{"href":"https:\/\/www.infokuryr.cz\/n\/wp-json\/wp\/v2\/media?parent=43141"}],"wp:term":[{"taxonomy":"category","embeddable":true,"href":"https:\/\/www.infokuryr.cz\/n\/wp-json\/wp\/v2\/categories?post=43141"},{"taxonomy":"post_tag","embeddable":true,"href":"https:\/\/www.infokuryr.cz\/n\/wp-json\/wp\/v2\/tags?post=43141"}],"curies":[{"name":"wp","href":"https:\/\/api.w.org\/{rel}","templated":true}]}}