{"id":43133,"date":"2023-12-23T02:43:15","date_gmt":"2023-12-23T01:43:15","guid":{"rendered":"http:\/\/www.infokuryr.cz\/n\/?p=43133"},"modified":"2023-12-23T02:43:15","modified_gmt":"2023-12-23T01:43:15","slug":"ukrajina-dostane-prvni-f-16","status":"publish","type":"post","link":"https:\/\/www.infokuryr.cz\/n\/2023\/12\/23\/ukrajina-dostane-prvni-f-16\/","title":{"rendered":"Ukrajina dostane prvn\u00ed F-16"},"content":{"rendered":"<div id=\"fb-root\"><\/div>\n<p><span style=\"font-size: 18pt;\"><strong>Amsterdam zah\u00e1jil p\u0159\u00edpravy na dod\u00e1vku 18 bojov\u00fdch letadel Ukrajin\u011b, uvedl premi\u00e9r Mark Rutte<\/strong><\/span><\/p>\n<p><span>Nizozemsko se chyst\u00e1 za\u010d\u00edt p\u0159ipravovat prvn\u00ed dod\u00e1vku st\u00edha\u010dek F-16 vyroben\u00e9 v USA na Ukrajinu, \u0159ekl v p\u00e1tek premi\u00e9r Mark Rutte po telefon\u00e1tu s ukrajinsk\u00fdm prezidentem Vladimirem Zelensk\u00fdm.<\/span><\/p>\n<p><span>St\u00e1t EU je jedn\u00edm z podporovatel\u016f Kyjeva, kter\u00fd se zav\u00e1zal, \u017ee mu v p\u0159\u00ed\u0161t\u00edch n\u011bkolika letech poskytne v\u00e1le\u010dn\u00e1 letadla, spolu s D\u00e1nskem, Norskem a Belgi\u00ed.<\/span><\/p>\n<p><span>Zelenskyj v srpnu tvrdil, \u017ee Nizozemsko a Belgie spole\u010dn\u011b p\u0159isl\u00edbily jeho zemi 42 letadel, a\u010dkoli spole\u010dn\u00e9 prohl\u00e1\u0161en\u00ed obou zem\u00ed neuv\u00e1d\u00ed \u017e\u00e1dn\u00e1 konkr\u00e9tn\u00ed \u010d\u00edsla.<\/span><\/p>\n<p><span>V p\u00e1tek Rutte v p\u0159\u00edsp\u011bvku na X (d\u0159\u00edve Twitter) uvedl, \u017ee\u00a0<\/span><em><span>\u201epo\u010d\u00e1te\u010dn\u00ed\u201c<\/span><\/em><span>\u00a0dod\u00e1vka bude zahrnovat 18 letadel.<\/span><\/p>\n<p><span>Premi\u00e9r tak\u00e9 d\u0159\u00edve uvedl, \u017ee cel\u00e1 flotila F-16 jeho zem\u011b se skl\u00e1d\u00e1 ze 42 letadel a \u017ee si Amsterdam bude muset n\u011bkter\u00e1 ponechat pro vlastn\u00ed v\u00fdcvikov\u00e9 \u00fa\u010dely.<\/span><\/p>\n<p><span>V p\u00e1tek Zelenskyj pod\u011bkoval nizozemsk\u00e9mu premi\u00e9rovi v p\u0159\u00edsp\u011bvku na X za rozhodnut\u00ed jeho kabinetu a dodal, \u017ee tak\u00e9 diskutovali o\u00a0<\/span><em><span>\u201eaktu\u00e1ln\u00edch vojensk\u00fdch pot\u0159eb\u00e1ch Ukrajiny, v\u010detn\u011b d\u011blost\u0159electva, dron\u016f a protivzdu\u0161n\u00e9 obrany\u201c.<\/span><\/em><\/p>\n<p><span>Podle Rutteho\u00a0<\/span><em><span>\u201emus\u00ed b\u00fdt rovn\u011b\u017e spln\u011bna \u0159ada \u2026 krit\u00e9ri\u00ed, ne\u017e se [dod\u00e1vka] uskute\u010dn\u00ed, v\u010detn\u011b po\u017eadavk\u016f na person\u00e1l a infrastrukturu.\u00a0<\/span><\/em><span>Premi\u00e9r tak\u00e9 p\u0159ipustil, \u017ee jeho n\u00e1rod je\u0161t\u011b nez\u00edsk\u00e1 v\u00fdvozn\u00ed povolen\u00ed od USA.<\/span><\/p>\n<p><a href=\"https:\/\/stranapro.cz\/\"><img decoding=\"async\" loading=\"lazy\" class=\"alignnone  wp-image-40285 aligncenter\" src=\"http:\/\/www.infokuryr.cz\/n\/wp-content\/uploads\/2023\/11\/11pro-300x79.png\" alt=\"\" width=\"684\" height=\"180\" srcset=\"https:\/\/www.infokuryr.cz\/n\/wp-content\/uploads\/2023\/11\/11pro-300x79.png 300w, https:\/\/www.infokuryr.cz\/n\/wp-content\/uploads\/2023\/11\/11pro.png 363w\" sizes=\"(max-width: 684px) 100vw, 684px\" \/><\/a><\/p>\n<p><span>Washington se dlouho zdr\u00e1hal uva\u017eovat o z\u00e1sobov\u00e1n\u00ed Kyjeva st\u00edha\u010dkami z\u00e1padn\u00ed v\u00fdroby.\u00a0V \u00fanoru americk\u00fd prezident Joe Biden \u0159ekl, \u017ee Ukrajina v tu chv\u00edli F-16 nepot\u0159ebuje.\u00a0<\/span><em><span>&#8222;Neexistuje \u017e\u00e1dn\u00fd z\u00e1klad, na kter\u00e9m by podle na\u0161\u00ed arm\u00e1dy nyn\u00ed existovalo zd\u016fvodn\u011bn\u00ed poskytnout F-16,&#8220;<\/span><\/em><span>\u00a0\u0159ekl.<\/span><\/p>\n<p><span>V l\u00e9t\u011b se v\u0161ak pozice USA zjevn\u011b zm\u011bnila, proto\u017ee Washington nakonec ud\u011blil povolen\u00ed ukrajinsk\u00fdm pilot\u016fm tr\u00e9novat na F-16 a signalizoval, \u017ee je p\u0159ipraven schv\u00e1lit p\u0159evod letadla t\u0159et\u00ed stranou do Kyjeva, jakmile bude tento v\u00fdcvik dokon\u010den.<\/span><\/p>\n<p><span>Kyjev od za\u010d\u00e1tku sv\u00e9ho konfliktu s Moskvou tla\u010d\u00ed na sv\u00e9 z\u00e1padn\u00ed podporovatele, aby dod\u00e1vali st\u00e1le pokro\u010dilej\u0161\u00ed zbran\u011b, p\u0159i\u010dem\u017e s t\u011bmito zbran\u011bmi zach\u00e1z\u00ed jako s t\u00edm, co v konfliktu m\u011bn\u00ed hru.\u00a0Zelenskyj zvl\u00e1\u0161t\u011b ocenil srpnov\u00e9 prohl\u00e1\u0161en\u00ed o p\u0159\u00edslibu F-16 jako\u00a0<\/span><em><span>\u201ehistorick\u00e9, siln\u00e9, motiva\u010dn\u00ed\u201c.<\/span><\/em><\/p>\n<p><span>Moskva takov\u00e9 my\u0161lenky odm\u00edtla s t\u00edm, \u017ee z\u00e1padn\u00ed dod\u00e1vky zbran\u00ed jen prodlu\u017euj\u00ed konflikt a prodlu\u017euj\u00ed lidsk\u00e9 utrpen\u00ed, ani\u017e by v\u00fdrazn\u011b ovlivnily situaci na front\u011b.\u00a0V listopadu rusk\u00fd ministr obrany Sergej \u0160ojgu \u0159ekl, \u017ee cel\u00e1 flotila F-16 p\u0159isl\u00edben\u00e1 Kyjevu z\u00e1padn\u00edmi d\u00e1rci m\u016f\u017ee b\u00fdt zni\u010dena za m\u00e9n\u011b ne\u017e t\u0159i t\u00fddny.\u00a0\u00dakol sest\u0159elit v\u0161echny tyto trysky by podle n\u011bj \u010dinil\u00a0<\/span><em><span>\u201ezhruba 20 dn\u00ed pr\u00e1ce\u201c<\/span><\/em><span>\u00a0.<\/span><\/p>\n<p><span>Z\u00e1padn\u00ed p\u0159edstavitel\u00e9 za\u010dali pochybovat o vyhl\u00eddk\u00e1ch Ukrajiny v prob\u00edhaj\u00edc\u00edm konfliktu v d\u016fsledku jej\u00ed ne\u00fasp\u011b\u0161n\u00e9 letn\u00ed protiofenz\u00edvy, kter\u00e1 vedla k minim\u00e1ln\u00edm zm\u011bn\u00e1m pod\u00e9l frontov\u00fdch lini\u00ed navzdory t\u011b\u017ek\u00fdm ztr\u00e1t\u00e1m Kyjeva.<\/span><\/p>\n<p><span>V prosinci ameri\u010dt\u00ed z\u00e1konod\u00e1rci uvedli, \u017ee ani Washington, ani Kyjev nep\u0159edlo\u017eily po sch\u016fzce se Zelensk\u00fdm jasnou v\u00edt\u011bznou strategii.\u00a0Republik\u00e1nsk\u00fd sen\u00e1tor Tommy Tuberville \u0159ekl, \u017ee si\u00a0<\/span><em><span>\u201enikdy nemyslel, \u017ee<\/span><\/em><span>\u00a0by Kyjev mohl\u00a0<\/span><em><span>\u201evyhr\u00e1t\u201c.<\/span><\/em><\/p>\n<p><span>Za\u010d\u00e1tkem t\u00e9ho\u017e m\u011bs\u00edce Politico informovalo, \u017ee Spojen\u00e9 kr\u00e1lovstv\u00ed zva\u017euje p\u0159im\u011bt Ukrajinu k m\u00edrov\u00fdm rozhovor\u016fm s Ruskem kv\u016fli obav\u00e1m o schopnost Kyjeva dos\u00e1hnout v\u00edt\u011bzstv\u00ed na boji\u0161ti.<\/span><\/p>\n<p><img decoding=\"async\" loading=\"lazy\" class=\"alignnone size-full wp-image-1185\" src=\"http:\/\/www.infokuryr.cz\/n\/wp-content\/uploads\/2021\/04\/kuryr-podpis.png\" alt=\"\" width=\"84\" height=\"24\" \/><\/p>\n<p>&nbsp;<\/p>\n<p>&nbsp;<\/p>\n","protected":false},"excerpt":{"rendered":"<p>Amsterdam zah\u00e1jil p\u0159\u00edpravy na dod\u00e1vku 18 bojov\u00fdch letadel Ukrajin\u011b, uvedl premi\u00e9r Mark Rutte Nizozemsko se&#8230;<\/p>\n","protected":false},"author":2,"featured_media":28662,"comment_status":"closed","ping_status":"closed","sticky":false,"template":"","format":"standard","meta":[],"categories":[7],"tags":[4978,457,781,26],"_links":{"self":[{"href":"https:\/\/www.infokuryr.cz\/n\/wp-json\/wp\/v2\/posts\/43133"}],"collection":[{"href":"https:\/\/www.infokuryr.cz\/n\/wp-json\/wp\/v2\/posts"}],"about":[{"href":"https:\/\/www.infokuryr.cz\/n\/wp-json\/wp\/v2\/types\/post"}],"author":[{"embeddable":true,"href":"https:\/\/www.infokuryr.cz\/n\/wp-json\/wp\/v2\/users\/2"}],"replies":[{"embeddable":true,"href":"https:\/\/www.infokuryr.cz\/n\/wp-json\/wp\/v2\/comments?post=43133"}],"version-history":[{"count":0,"href":"https:\/\/www.infokuryr.cz\/n\/wp-json\/wp\/v2\/posts\/43133\/revisions"}],"wp:featuredmedia":[{"embeddable":true,"href":"https:\/\/www.infokuryr.cz\/n\/wp-json\/wp\/v2\/media\/28662"}],"wp:attachment":[{"href":"https:\/\/www.infokuryr.cz\/n\/wp-json\/wp\/v2\/media?parent=43133"}],"wp:term":[{"taxonomy":"category","embeddable":true,"href":"https:\/\/www.infokuryr.cz\/n\/wp-json\/wp\/v2\/categories?post=43133"},{"taxonomy":"post_tag","embeddable":true,"href":"https:\/\/www.infokuryr.cz\/n\/wp-json\/wp\/v2\/tags?post=43133"}],"curies":[{"name":"wp","href":"https:\/\/api.w.org\/{rel}","templated":true}]}}