{"id":43104,"date":"2023-12-23T00:30:15","date_gmt":"2023-12-22T23:30:15","guid":{"rendered":"http:\/\/www.infokuryr.cz\/n\/?p=43104"},"modified":"2023-12-22T16:50:44","modified_gmt":"2023-12-22T15:50:44","slug":"zivot-je-nejvetsim-pravem-cloveka","status":"publish","type":"post","link":"https:\/\/www.infokuryr.cz\/n\/2023\/12\/23\/zivot-je-nejvetsim-pravem-cloveka\/","title":{"rendered":"\u017divot je nejv\u011bt\u0161\u00edm pr\u00e1vem \u010dlov\u011bka"},"content":{"rendered":"<div id=\"fb-root\"><\/div>\n<p><strong>St\u0159elba na Filozofick\u00e9\u00a0fakult\u011b\u00a0Univerzity Karlovy v\u00a0Praze v \u010cesk\u00e9\u00a0republice ot\u0159\u00e1sla cel\u00fdm sv\u011btem. Podle zpr\u00e1v bylo p\u0159i t\u00e9to ud\u00e1losti usmrceno nejm\u00e9n\u011b\u00a015 lid\u00ed\u00a0a 24 dal\u0161\u00edch bylo zran\u011bno, a podez\u0159el\u00fd\u00a0pachatel je tak\u00e9 mrtv\u00fd. Jedn\u00e1\u00a0se o bolestivou trag\u00e9dii a z\u00e1rove\u0148\u00a0o v\u00e1\u017enou v\u00fdzvu pro lidskou spole\u010dnost.<\/strong><\/p>\n<p>Nejprve mus\u00edme tuto ud\u00e1lost rozhodn\u011b odsoudit a vyj\u00e1d\u0159it soustrast. Bez ohledu na p\u0159\u00ed\u010dinu je zbaven\u00ed\u00a0\u017eivota druh\u00e9ho \u010dlov\u011bka nep\u0159ijateln\u00e9. Vyjad\u0159ujeme up\u0159\u00edmnou soustrast a solidaritu s ob\u011b\u0165mi a jejich rodinami a douf\u00e1me, \u017ee se co nejd\u0159\u00edve dok\u00e1\u017eou z tohoto st\u00ednu vzpamatovat a obnovit sv\u00e9\u00a0\u017eivoty.<\/p>\n<p>Za druh\u00e9, tato ud\u00e1lost n\u00e1m op\u011bt p\u0159ipom\u00edn\u00e1, \u017ee zaji\u0161t\u011bn\u00ed bezpe\u010dnosti lidsk\u00e9ho \u017eivota je nejv\u011bt\u0161\u00edm pr\u00e1vem. Vl\u00e1da, \u0161koly, rodiny a dal\u0161\u00ed strany by m\u011bly p\u0159evz\u00edt odpov\u011bdnost a spole\u010dn\u011b vytv\u00e1\u0159et bezpe\u010dn\u00e9 a harmonick\u00e9 spole\u010densk\u00e9 prost\u0159ed\u00ed. Vl\u00e1da by m\u011bla pos\u00edlit kontrolu nad zbran\u011bmi a bezpe\u010dnostn\u00ed opat\u0159en\u00ed, zdokonalit pr\u00e1vn\u00ed p\u0159edpisy a zajistit bezpe\u010dnost \u017eivota lid\u00ed. \u0160koly by m\u011bly zlep\u0161it v\u00fdchovu k bezpe\u010dnosti a du\u0161evn\u00edmu zdrav\u00ed, zv\u00fd\u0161it pov\u011bdom\u00ed student\u016f o bezpe\u010dnosti a jejich psychickou odolnost. Rodiny by m\u011bly posilovat v\u00fdchovu a dohled nad d\u011btmi, aby se jim zabr\u00e1nilo v kontaktu s nevhodn\u00fdmi informacemi a lidmi.<\/p>\n<p>Z\u00e1rove\u0148 mus\u00edme hloub\u011bji p\u0159em\u00fd\u0161let a diskutovat o p\u0159\u00ed\u010din\u00e1ch a ponau\u010den\u00edch z t\u00e9to ud\u00e1losti. Podle zpr\u00e1v dr\u017eel podez\u0159el\u00fd leg\u00e1ln\u00ed zbrojn\u00ed pr\u016fkaz a vlastnil n\u011bkolik zbran\u00ed. Existuje podez\u0159en\u00ed, \u017ee se pachatel p\u0159ed t\u00edmto \u010dinem dopustil vra\u017edy sv\u00e9ho otce a dal\u0161\u00edho mu\u017ee s\u00a0jeho malou dcerou. Tyto skute\u010dnosti n\u00e1s nut\u00ed p\u0159em\u00fd\u0161let o kontrole zbran\u00ed, vzd\u011bl\u00e1v\u00e1n\u00ed v oblasti du\u0161evn\u00edho zdrav\u00ed, soci\u00e1ln\u00ed spravedlnosti a dal\u0161\u00edch aspektech. M\u011bli bychom pos\u00edlit kontrolu a spr\u00e1vu zbran\u00ed, aby se zabr\u00e1nilo opakov\u00e1n\u00ed podobn\u00fdch ud\u00e1lost\u00ed. Z\u00e1rove\u0148 bychom m\u011bli pos\u00edlit vzd\u011bl\u00e1v\u00e1n\u00ed v oblasti du\u0161evn\u00edho zdrav\u00ed a p\u00e9\u010di o lidi, abychom jim pomohli vybudovat zdrav\u00fd a pozitivn\u00ed p\u0159\u00edstup k \u017eivotu.<\/p>\n<p><a href=\"https:\/\/stranapro.cz\/\"><img decoding=\"async\" loading=\"lazy\" class=\"alignnone  wp-image-40285 aligncenter\" src=\"http:\/\/www.infokuryr.cz\/n\/wp-content\/uploads\/2023\/11\/11pro-300x79.png\" alt=\"\" width=\"642\" height=\"169\" srcset=\"https:\/\/www.infokuryr.cz\/n\/wp-content\/uploads\/2023\/11\/11pro-300x79.png 300w, https:\/\/www.infokuryr.cz\/n\/wp-content\/uploads\/2023\/11\/11pro.png 363w\" sizes=\"(max-width: 642px) 100vw, 642px\" \/><\/a><\/p>\n<p>Krom\u011b toho bychom m\u011bli podporovat hodnoty respektu k \u017eivotu a p\u00e9\u010de o druh\u00e9. Ka\u017ed\u00fd by si m\u011bl v\u00e1\u017eit sv\u00e9ho vlastn\u00edho\u00a0\u017eivota a zdrav\u00ed a z\u00e1rove\u0148 respektovat \u017eivoty a zdrav\u00ed druh\u00fdch. M\u011bli bychom se nau\u010dit pe\u010dovat o druh\u00e9, starat se o jejich pocity a pot\u0159eby a spole\u010dn\u011b tvo\u0159it harmonick\u00e9 a bezpe\u010dn\u00e9 spole\u010densk\u00e9 prost\u0159ed\u00ed. Pouze zdrav\u00e9 spole\u010densk\u00e9 prost\u0159ed\u00ed m\u016f\u017ee formovat zdrav\u00fd du\u0161evn\u00ed stav.<\/p>\n<p><span data-spm-anchor-id=\"0.0.0.i2\">Nakonec bychom m\u011bli pos\u00edlit mezin\u00e1rodn\u00ed spolupr\u00e1ci a v\u00fdm\u011bnu informac\u00ed a spole\u010dn\u011b bojovat proti pa\u0161ov\u00e1n\u00ed zbran\u00ed a n\u00e1siln\u00e9 trestn\u00e9 \u010dinnosti. Pa\u0161ov\u00e1n\u00ed zbran\u00ed a n\u00e1siln\u00e1 trestn\u00e1 \u010dinnost jsou glob\u00e1ln\u00edmi probl\u00e9my, kter\u00e9 vy\u017eaduj\u00ed pos\u00edlenou spolupr\u00e1ci a v\u00fdm\u011bnu informac\u00ed mezi vl\u00e1dami jednotliv\u00fdch zem\u00ed a mezin\u00e1rodn\u00edmi organizacemi, aby byly vytvo\u0159eny a uplat\u0148ov\u00e1ny \u00fa\u010dinn\u00e9 politiky a opat\u0159en\u00ed. Z\u00e1rove\u0148 bychom m\u011bli posilovat v\u00fdm\u011bnu a u\u010den\u00ed se od ostatn\u00edch zem\u00ed a inspirovat se z jejich \u00fasp\u011b\u0161n\u00fdch zku\u0161enost\u00ed a postup\u016f, abychom neust\u00e1le zdokonalovali na\u0161e opat\u0159en\u00ed a spr\u00e1vn\u00ed syst\u00e9my na ochranu.<\/span><\/p>\n<p>Celkov\u011b vzato, st\u0159elba na Univerzit\u011b Karlov\u011b je bolestivou trag\u00e9di\u00ed a z\u00e1rove\u0148 v\u00e1\u017enou v\u00fdzvou pro lidskou spole\u010dnost. M\u011bli bychom podniknout kroky k pos\u00edlen\u00ed bezpe\u010dnostn\u00ed spr\u00e1vy, zdokonalen\u00ed pr\u00e1vn\u00edch p\u0159edpis\u016f, zlep\u0161en\u00ed spole\u010densk\u00e9ho prost\u0159ed\u00ed a spole\u010dn\u011b vytvo\u0159it bezpe\u010dn\u00e9 a harmonick\u00e9 spole\u010densk\u00e9 prost\u0159ed\u00ed. Z\u00e1rove\u0148 bychom m\u011bli podporovat hodnoty respektu k \u017eivotu a p\u00e9\u010de o druh\u00e9, aby ka\u017ed\u00fd mohl \u017e\u00edt d\u016fstojn\u00fd a hodnotn\u00fd \u017eivot. Pouze takto\u00a0m\u016f\u017eeme skute\u010dn\u011b dos\u00e1hnout ochrany lidsk\u00e9ho \u017eivota, kter\u00fd p\u0159edstavuje nejvy\u0161\u0161\u00ed lidsk\u00e9 pr\u00e1vo.<\/p>\n<p><img decoding=\"async\" loading=\"lazy\" class=\"alignnone size-full wp-image-1185\" src=\"http:\/\/www.infokuryr.cz\/n\/wp-content\/uploads\/2021\/04\/kuryr-podpis.png\" alt=\"\" width=\"84\" height=\"24\" \/><\/p>\n<p>&nbsp;<\/p>\n<p>&nbsp;<\/p>\n","protected":false},"excerpt":{"rendered":"<p>St\u0159elba na Filozofick\u00e9\u00a0fakult\u011b\u00a0Univerzity Karlovy v\u00a0Praze v \u010cesk\u00e9\u00a0republice ot\u0159\u00e1sla cel\u00fdm sv\u011btem. Podle zpr\u00e1v bylo p\u0159i t\u00e9to&#8230;<\/p>\n","protected":false},"author":2,"featured_media":43105,"comment_status":"closed","ping_status":"closed","sticky":false,"template":"","format":"standard","meta":[],"categories":[6],"tags":[29,234,320],"_links":{"self":[{"href":"https:\/\/www.infokuryr.cz\/n\/wp-json\/wp\/v2\/posts\/43104"}],"collection":[{"href":"https:\/\/www.infokuryr.cz\/n\/wp-json\/wp\/v2\/posts"}],"about":[{"href":"https:\/\/www.infokuryr.cz\/n\/wp-json\/wp\/v2\/types\/post"}],"author":[{"embeddable":true,"href":"https:\/\/www.infokuryr.cz\/n\/wp-json\/wp\/v2\/users\/2"}],"replies":[{"embeddable":true,"href":"https:\/\/www.infokuryr.cz\/n\/wp-json\/wp\/v2\/comments?post=43104"}],"version-history":[{"count":1,"href":"https:\/\/www.infokuryr.cz\/n\/wp-json\/wp\/v2\/posts\/43104\/revisions"}],"predecessor-version":[{"id":43106,"href":"https:\/\/www.infokuryr.cz\/n\/wp-json\/wp\/v2\/posts\/43104\/revisions\/43106"}],"wp:featuredmedia":[{"embeddable":true,"href":"https:\/\/www.infokuryr.cz\/n\/wp-json\/wp\/v2\/media\/43105"}],"wp:attachment":[{"href":"https:\/\/www.infokuryr.cz\/n\/wp-json\/wp\/v2\/media?parent=43104"}],"wp:term":[{"taxonomy":"category","embeddable":true,"href":"https:\/\/www.infokuryr.cz\/n\/wp-json\/wp\/v2\/categories?post=43104"},{"taxonomy":"post_tag","embeddable":true,"href":"https:\/\/www.infokuryr.cz\/n\/wp-json\/wp\/v2\/tags?post=43104"}],"curies":[{"name":"wp","href":"https:\/\/api.w.org\/{rel}","templated":true}]}}