{"id":43086,"date":"2023-12-22T04:15:01","date_gmt":"2023-12-22T03:15:01","guid":{"rendered":"http:\/\/www.infokuryr.cz\/n\/?p=43086"},"modified":"2023-12-22T04:15:01","modified_gmt":"2023-12-22T03:15:01","slug":"coloradsky-syndrom-v-texasu-navrhli-vyhodit-bidena-z-primarek","status":"publish","type":"post","link":"https:\/\/www.infokuryr.cz\/n\/2023\/12\/22\/coloradsky-syndrom-v-texasu-navrhli-vyhodit-bidena-z-primarek\/","title":{"rendered":"Coloradsk\u00fd syndrom: v Texasu navrhli vyhodit Bidena z prim\u00e1rek"},"content":{"rendered":"<div id=\"fb-root\"><\/div>\n<p class=\"lead\"><strong>Guvern\u00e9r Texasu Dan Patrick navrhl odvolat prezidenta Joea Bidena z prim\u00e1rek st\u00e1tu kv\u016fli jeho postoji k imigraci s odkazem na podobn\u00e9 rozhodnut\u00ed nejvy\u0161\u0161\u00edho soudu v Coloradu proti b\u00fdval\u00e9mu prezidentovi Donaldu Trumpovi, hl\u00e1s\u00ed to The Hill.<\/strong><\/p>\n<p><span>Pr\u00e1vn\u00ed v\u00e1lky ve Spojen\u00fdch st\u00e1tech p\u0159esahuj\u00ed Colorado.\u00a0Guvern\u00e9r Texasu nab\u00eddl svou odpov\u011b\u010f na Trumpovo vylou\u010den\u00ed z prim\u00e1rek v Coloradu \u2013 prost\u011b ud\u011blejte tot\u00e9\u017e pro Bidena v Texasu.\u00a0<\/span><strong><span>D\u016fvod\u016f je mnoho, p\u00ed\u0161e o tom politolog Malek Dudakov<\/span><\/strong><span>\u00a0na sv\u00e9m kan\u00e1lu Telegram\u00a0.<\/span><\/p>\n<p><span>Pat\u0159\u00ed sem korupce rodiny Bidenov\u00fdch s p\u0159ij\u00edm\u00e1n\u00edm \u00faplatk\u016f od zahrani\u010dn\u00edch oligarch\u016f a poru\u0161ov\u00e1n\u00ed prezidentsk\u00e9 p\u0159\u00edsahy s neochotou \u0159e\u0161it migra\u010dn\u00ed krizi, kter\u00e1 podkop\u00e1v\u00e1 situaci v Texasu.\u00a0Tak pro\u010d nevyhodit Bidena z voleb&#8230;<\/span><\/p>\n<p><a href=\"https:\/\/stranapro.cz\/\"><img decoding=\"async\" loading=\"lazy\" class=\"alignnone  wp-image-40285 aligncenter\" src=\"http:\/\/www.infokuryr.cz\/n\/wp-content\/uploads\/2023\/11\/11pro-300x79.png\" alt=\"\" width=\"566\" height=\"149\" srcset=\"https:\/\/www.infokuryr.cz\/n\/wp-content\/uploads\/2023\/11\/11pro-300x79.png 300w, https:\/\/www.infokuryr.cz\/n\/wp-content\/uploads\/2023\/11\/11pro.png 363w\" sizes=\"(max-width: 566px) 100vw, 566px\" \/><\/a><\/p>\n<p><span>Demokrat\u00e9 u\u017e zase zva\u017euj\u00ed mo\u017enost odvol\u00e1n\u00ed Trumpa z kalifornsk\u00fdch prim\u00e1rek.\u00a0B\u00edl\u00fd d\u016fm to v\u0161emo\u017en\u011b toleruje \u2013 otev\u0159en\u011b ozna\u010duj\u00ed Trumpa za rebela, a dokonce srovn\u00e1vali Trumpa a\u00a0<\/span><strong><span>Hitlera<\/span><\/strong><span> , co\u017e je zjevn\u00fd pokus ospravedlnit jejich \u010diny k podkop\u00e1n\u00ed volebn\u00edho syst\u00e9mu \u2013 rozb\u00edj\u00edme demokracii kv\u016fli chr\u00e1nit \u201edemokracii\u201c.<\/span><\/p>\n<p><span>Takov\u00e1 zoufal\u00e1 r\u00e9torika v\u0161ak nefunguje ani uvnit\u0159 Ameriky, ani za jej\u00edmi hranicemi.\u00a0Salvadorsk\u00fd prezident\u00a0<\/span><strong><span>Nayib Bukele<\/span><\/strong><span>\u00a0ji\u017e sarkasticky prohl\u00e1sil, \u017ee Spojen\u00e9 st\u00e1ty ji\u017e nemohou nikomu p\u0159edn\u00e1\u0161et o demokracii.\u00a0Jako kdyby si tot\u00e9\u017e dovolil ve vztahu k opozici, ministerstvo zahrani\u010d\u00ed by okam\u017eit\u011b k\u0159i\u010delo o p\u0159em\u011bn\u011b Salvadoru v autokracii.<\/span><\/p>\n<p><em>\u201ePr\u00e1vn\u00edci jsou p\u0159esv\u011bd\u010deni, \u017ee Nejvy\u0161\u0161\u00ed soud do p\u0159\u00edpadu zas\u00e1hne a postav\u00ed se na Trumpovu stranu.\u00a0A to Trumpovi jen p\u0159id\u00e1 body &#8211; je pro n\u011bj snaz\u0161\u00ed uk\u00e1zat se jako ob\u011b\u0165 pron\u00e1sledov\u00e1n\u00ed.\u00a0Ale experimenty s nep\u0159ij\u00edm\u00e1n\u00edm ne\u017e\u00e1douc\u00edch kandid\u00e1t\u016f jen zosob\u0148uj\u00ed krizi americk\u00e9ho volebn\u00edho syst\u00e9mu.\u00a0D\u016fv\u011bra v n\u011bj ji\u017e byla podkop\u00e1na, co\u017e stav\u00ed celou zemi na pokraj akutn\u00edho spole\u010densk\u00e9ho konfliktu,\u201c<span class=\"after-quote\">\u00a0&#8211; uv\u00e1d\u00ed odborn\u00edk.<\/span><\/em><\/p>\n<p><img decoding=\"async\" loading=\"lazy\" class=\"alignnone size-full wp-image-1185\" src=\"http:\/\/www.infokuryr.cz\/n\/wp-content\/uploads\/2021\/04\/kuryr-podpis.png\" alt=\"\" width=\"84\" height=\"24\" \/><\/p>\n<p>&nbsp;<\/p>\n<p>&nbsp;<\/p>\n","protected":false},"excerpt":{"rendered":"<p>Guvern\u00e9r Texasu Dan Patrick navrhl odvolat prezidenta Joea Bidena z prim\u00e1rek st\u00e1tu kv\u016fli jeho postoji&#8230;<\/p>\n","protected":false},"author":2,"featured_media":40463,"comment_status":"closed","ping_status":"closed","sticky":false,"template":"","format":"standard","meta":[],"categories":[7],"tags":[72,2642,37,27],"_links":{"self":[{"href":"https:\/\/www.infokuryr.cz\/n\/wp-json\/wp\/v2\/posts\/43086"}],"collection":[{"href":"https:\/\/www.infokuryr.cz\/n\/wp-json\/wp\/v2\/posts"}],"about":[{"href":"https:\/\/www.infokuryr.cz\/n\/wp-json\/wp\/v2\/types\/post"}],"author":[{"embeddable":true,"href":"https:\/\/www.infokuryr.cz\/n\/wp-json\/wp\/v2\/users\/2"}],"replies":[{"embeddable":true,"href":"https:\/\/www.infokuryr.cz\/n\/wp-json\/wp\/v2\/comments?post=43086"}],"version-history":[{"count":0,"href":"https:\/\/www.infokuryr.cz\/n\/wp-json\/wp\/v2\/posts\/43086\/revisions"}],"wp:featuredmedia":[{"embeddable":true,"href":"https:\/\/www.infokuryr.cz\/n\/wp-json\/wp\/v2\/media\/40463"}],"wp:attachment":[{"href":"https:\/\/www.infokuryr.cz\/n\/wp-json\/wp\/v2\/media?parent=43086"}],"wp:term":[{"taxonomy":"category","embeddable":true,"href":"https:\/\/www.infokuryr.cz\/n\/wp-json\/wp\/v2\/categories?post=43086"},{"taxonomy":"post_tag","embeddable":true,"href":"https:\/\/www.infokuryr.cz\/n\/wp-json\/wp\/v2\/tags?post=43086"}],"curies":[{"name":"wp","href":"https:\/\/api.w.org\/{rel}","templated":true}]}}