{"id":43076,"date":"2023-12-22T03:26:06","date_gmt":"2023-12-22T02:26:06","guid":{"rendered":"http:\/\/www.infokuryr.cz\/n\/?p=43076"},"modified":"2023-12-22T03:26:06","modified_gmt":"2023-12-22T02:26:06","slug":"unikatni-zabery-policie-cr-zachytily-okamziky-nejhorsiho-teroristickeho-utoku-v-historii-ceske-republiky","status":"publish","type":"post","link":"https:\/\/www.infokuryr.cz\/n\/2023\/12\/22\/unikatni-zabery-policie-cr-zachytily-okamziky-nejhorsiho-teroristickeho-utoku-v-historii-ceske-republiky\/","title":{"rendered":"Unik\u00e1tn\u00ed z\u00e1b\u011bry Policie \u010cR zachytily okam\u017eiky nejhor\u0161\u00edho teroristick\u00e9ho \u00fatoku v historii \u010cesk\u00e9 republiky!"},"content":{"rendered":"<div id=\"fb-root\"><\/div>\n<h4>Unik\u00e1tn\u00ed z\u00e1b\u011bry Policie \u010cR zachytily okam\u017eiky nejhor\u0161\u00edho teroristick\u00e9ho \u00fatoku v historii \u010cesk\u00e9 republiky! \u0160\u00edlen\u00fd st\u0159elec vyzbrojen\u00fd karabinou ZEV 308 Win AR10 s dalekohledem na n\u00e1stavci zast\u0159elil na Karlov\u011b univerzit\u011b v Praze nejm\u00e9n\u011b 15 lid\u00ed a doma zabil i sv\u00e9ho otce! Na Telegramu si vedl den\u00edk, kde dop\u0159edu oznamoval sv\u00e9 pl\u00e1ny! Inspiroval se ruskou teroristkou z Brjansku, ale podle posledn\u00edch z\u00e1pis\u016f sly\u0161el zvon\u011bn\u00ed v u\u0161\u00edch a cht\u011bl si je utrhnout! Podle l\u00e9ka\u0159e trp\u011bl zjevn\u00fdmi p\u0159\u00edznaky pokro\u010dil\u00e9 schizofrenie v rozvinut\u00e9m st\u00e1diu!<\/h4>\n<p>P\u0159esn\u011b v p\u0159edve\u010der zimn\u00edho slunovratu do\u0161lo v \u010cesk\u00e9 republice k nejhor\u0161\u00edmu teroristick\u00e9mu \u00fatoku v historii samostatn\u00e9 republiky.\u00a0<strong>Teprve 24-let\u00fd student Filosofick\u00e9 fakulty Univerzity Karlovy David Koz\u00e1k p\u0159i\u0161el do \u0161koly a leg\u00e1ln\u011b dr\u017eenou \u00fato\u010dnou karabinou ZEV 308 Win AR10 Caliber 7.62 s dvojno\u017ekou a namontovan\u00fdm dalekohledem zast\u0159elil podle posledn\u00edch zpr\u00e1v 15 lid\u00ed [<a href=\"https:\/\/href.li\/?https:\/\/edition.cnn.com\/europe\/live-news\/prague-shooting-charles-university-12-21-23\/index.html\" target=\"_blank\" rel=\"nofollow noopener\">1<\/a>]<\/strong>\u00a0a dal\u0161\u00ed des\u00edtky lid\u00ed post\u0159elil. Je\u0161t\u011b p\u0159ed odchodem z domova podle informac\u00ed zast\u0159elil sv\u00e9ho otce a rovn\u011b\u017e pr\u00fd asi stoj\u00ed za vra\u017edami mu\u017ee a d\u00edt\u011bte v Kl\u00e1novick\u00e9m lese v Praze, ke kter\u00fdm do\u0161lo p\u0159ed p\u00e1r dny.<\/p>\n<p>&nbsp;<\/p>\n<div id=\"rumble_v4015de\">\n<div id=\"vid_v4015de\" class=\"rumble_v4015de-Rumble-cls\" tabindex=\"-1\">\n<div>\n<div class=\"bigPlayUI ctp\">\n<div class=\"bigPlayUIInner ctp\"><div class='videoWrapper'>\r\n\t            <iframe src='https:\/\/rumble.com\/embed\/pj.v4015de\/' frameborder='0' allowfullscreen><\/iframe>\r\n\t        <\/div><\/div>\n<\/div>\n<\/div>\n<\/div>\n<\/div>\n<p>&nbsp;<\/p>\n<p>Mu\u017e celou akci zjevn\u011b pl\u00e1noval a otev\u0159el si v p\u0159edstihu na Telegramu kan\u00e1l, kde v angli\u010dtin\u011b a v ru\u0161tin\u011b informoval, \u017ee bude zpravodajsky pokr\u00fdvat p\u0159\u00edpravy na sv\u016fj chystan\u00fd \u010din. Policie \u010cR nato\u010dila autentick\u00e9 z\u00e1b\u011bry z\u00e1sahu proti st\u0159elci, z\u00e1b\u011bry jsou opravdu d\u011bsiv\u00e9. St\u0159elec sv\u00e9 \u0159\u00e1d\u011bn\u00ed nep\u0159e\u017eil, \u00fadajn\u011b sp\u00e1chal sebevra\u017edu, ale to nelze nyn\u00ed p\u0159esn\u011b ur\u010dit, proto\u017ee na videu policie jsou posledn\u00ed z\u00e1b\u011bry p\u0159i st\u0159elb\u011b na st\u0159elce na ochozu st\u0159echy p\u0159eru\u0161en\u00e9 a kamera byla sklon\u011bna. Motiv st\u0159elce lze odvodit z jeho Telegramu, kter\u00fd moskevsk\u00e1 centr\u00e1la soci\u00e1ln\u00ed s\u00edt\u011b okam\u017eit\u011b znep\u0159\u00edstupnila, ale na soci\u00e1ln\u00edch s\u00edt\u00edch jsou kopie obsahu jeho kan\u00e1lu, kter\u00e9 p\u0159in\u00e1\u0161\u00edme n\u00ed\u017ee v tomto \u010dl\u00e1nku.<\/p>\n<h6><span style=\"font-size: 18pt;\">Zvon\u011bn\u00ed v u\u0161\u00edch a zasran\u00fd stv\u016fry<\/span><\/h6>\n<p>David Koz\u00e1k se v jednom p\u0159\u00edsp\u011bvku zmi\u0148oval, \u017ee\u00a0<strong>sly\u0161\u00ed zvon\u011bn\u00ed v u\u0161\u00edch, \u017ee je to k nevydr\u017een\u00ed a cht\u011bl by si u\u0161i nejrad\u011bji utrhnout.<\/strong>\u00a0Podle na\u0161eho kolegy l\u00e9ka\u0159e by zvon\u011bn\u00ed v u\u0161\u00edch s my\u0161lenkami na sebepo\u0161kozen\u00ed mohlo ukazovat na rozvinutou formu schizofrenie v pokro\u010dil\u00e9 f\u00e1zi, kdy zvukov\u00e9 halucinace dosahuj\u00ed u osoby takov\u00fdch \u00farovn\u00ed, \u017ee zp\u016fsobuj\u00ed \u0161\u00edlenstv\u00ed.<\/p>\n<p><strong><em>Je to blb\u00fd den, je to blb\u00fd \u017eivot.<\/em><\/strong><\/p>\n<p><strong><em>Piju \u010daj a chci se zast\u0159elit.<\/em><\/strong><\/p>\n<p><strong><em>Nen\u00e1vid\u00edm sv\u011bt a chci po sob\u011b zanechat co nejv\u00edc bolesti.<\/em><\/strong><\/p>\n<p><strong><em>Zasran\u00fd stv\u016fry.<\/em><\/strong><\/p>\n<p><strong><em>Zvon\u00ed mi v u\u0161\u00edch\u2026 jako n\u011bjak\u00fd zasran\u00fd sv\u011btlu\u0161ky.<\/em><\/strong><\/p>\n<p><strong><em>Cht\u011bl jsem si vyrvat u\u0161i.<\/em><\/strong><\/p>\n<p>S nejv\u011bt\u0161\u00ed pravd\u011bpodobnost\u00ed se podle l\u00e9ka\u0159e nejednalo o\u00a0<em>tinnitus<\/em>, tedy o sluchovou poruchu spojenou s p\u00edsk\u00e1n\u00edm v u\u0161\u00edch, proto\u017ee ta nevede k manick\u00fdm epizod\u00e1m a ani k vyvol\u00e1n\u00ed brut\u00e1ln\u00ed agrese. Ov\u0161em zvon\u011bn\u00ed v u\u0161\u00edch u schizofrenik\u016f zp\u016fsobuje zn\u00e1m\u00e9 a klinicky popsan\u00e9 v\u00fdbuchy agrese, kter\u00e9 se p\u0159en\u00e1\u0161\u00ed na nejbli\u017e\u0161\u00ed okol\u00ed. A pokud se osoba se schizofreni\u00ed nel\u00e9\u010d\u00ed, je zad\u011bl\u00e1no doslova na katastrofu.<\/p>\n<p><a href=\"https:\/\/aeronet.news\/wp-content\/uploads\/KozakAlina.jpg\"><img decoding=\"async\" loading=\"lazy\" class=\"wp-image-58059 aligncenter\" src=\"https:\/\/aeronet.news\/wp-content\/uploads\/KozakAlina.jpg\" sizes=\"(max-width: 1060px) 100vw, 1060px\" srcset=\"https:\/\/aeronet.news\/wp-content\/uploads\/KozakAlina.jpg 1060w, https:\/\/aeronet.news\/wp-content\/uploads\/KozakAlina-155x300.jpg 155w, https:\/\/aeronet.news\/wp-content\/uploads\/KozakAlina-768x1484.jpg 768w, https:\/\/aeronet.news\/wp-content\/uploads\/KozakAlina-530x1024.jpg 530w, https:\/\/aeronet.news\/wp-content\/uploads\/KozakAlina-700x1352.jpg 700w, https:\/\/aeronet.news\/wp-content\/uploads\/KozakAlina-185x357.jpg 185w, https:\/\/aeronet.news\/wp-content\/uploads\/KozakAlina-250x483.jpg 250w\" alt=\"\" width=\"642\" height=\"1240\" \/><\/a><\/p>\n<figure id=\"attachment_58058\" class=\"wp-caption aligncenter\" style=\"width: 632px;\"><a href=\"https:\/\/aeronet.news\/wp-content\/uploads\/KozakAlina2.jpg\"><img decoding=\"async\" loading=\"lazy\" class=\"wp-image-58058 \" src=\"https:\/\/aeronet.news\/wp-content\/uploads\/KozakAlina2.jpg\" sizes=\"(max-width: 1202px) 100vw, 1202px\" srcset=\"https:\/\/aeronet.news\/wp-content\/uploads\/KozakAlina2.jpg 1202w, https:\/\/aeronet.news\/wp-content\/uploads\/KozakAlina2-176x300.jpg 176w, https:\/\/aeronet.news\/wp-content\/uploads\/KozakAlina2-768x1309.jpg 768w, https:\/\/aeronet.news\/wp-content\/uploads\/KozakAlina2-601x1024.jpg 601w, https:\/\/aeronet.news\/wp-content\/uploads\/KozakAlina2-700x1193.jpg 700w, https:\/\/aeronet.news\/wp-content\/uploads\/KozakAlina2-210x357.jpg 210w, https:\/\/aeronet.news\/wp-content\/uploads\/KozakAlina2-283x483.jpg 283w\" alt=\"\" width=\"632\" height=\"1076\" \/><\/a><figcaption class=\"wp-caption-text\">Sn\u00edmky st\u0159elcova den\u00edku<\/figcaption><\/figure>\n<p>David Koz\u00e1k se v den\u00edku na Telegramu sv\u011b\u0159il, \u017ee nen\u00e1vid\u00ed lidi, a \u017ee\u00a0<strong>vzorem pro jeho chystan\u00fd \u00fatok je rusk\u00e1 14-let\u00e1 teroristka Alina Afanaskina, kter\u00e1 7. prosince tohoto roku zast\u0159elila [<a href=\"https:\/\/href.li\/?https:\/\/cs.wikipedia.org\/wiki\/St%C5%99elba_ve_%C5%A1kole_v_Brjansku\" target=\"_blank\" rel=\"nofollow noopener\">2<\/a>] na z\u00e1kladn\u00ed \u0161kole v Brjansku jednoho \u0161kol\u00e1ka, chlapce, kter\u00fd ji \u00fadajn\u011b \u0161ikanoval.<\/strong>\u00a0Afanaskina po jeho zast\u0159elen\u00ed sp\u00e1chala sebevra\u017edu. Nen\u00ed jasn\u00e9, pro\u010d se David Koz\u00e1k inspiroval pr\u00e1v\u011b jej\u00edm \u010dinem, jestli se rovn\u011b\u017e jednalo o n\u011bjak\u00e9 trauma ze \u0161ikany z minulosti, anebo \u0161lo pouze o z\u00e1stupn\u00fd model pro pr\u016fchod manick\u00e9 agrese.<\/p>\n<h6><span style=\"font-size: 18pt;\">\u00dato\u010dn\u00edk svou nemoc z\u0159ejm\u011b skr\u00fdval do posledn\u00ed chv\u00edle<\/span><\/h6>\n<p>Z \u00fato\u010dn\u00edkova den\u00edku je zjevn\u00e9, \u017ee \u00fatok nebyl motivov\u00e1n politickou orientac\u00ed, ale \u0161lo o v\u00fdsledn\u00fd vektor zjevn\u011b nel\u00e9\u010den\u00e9 a velmi v\u00e1\u017en\u00e9 psychick\u00e9 poruchy, kterou mo\u017en\u00e1 \u00fato\u010dn\u00edk skr\u00fdval, co\u017e je v p\u0159\u00edpad\u011b pacient\u016f z \u0159ad schizofrenik\u016f zcela b\u011b\u017en\u00e9 a\u017e u poloviny pacient\u016f, na kter\u00fdch schizofrenie nen\u00ed poznat, ale dostavuje se v epizod\u00e1ch a ve vln\u00e1ch, kdy se st\u0159\u00edd\u00e1 normalita se stavem manick\u00e9 agrese a nen\u00e1visti. Pokud je schizofrenie nel\u00e9\u010den\u00e1, vede po \u010dase k rozpolcen\u00ed osobnosti, kdy zl\u00e1 \u010d\u00e1st lidsk\u00e9ho\u00a0<em>j\u00e1<\/em>\u00a0trvale p\u0159ev\u00e1\u017e\u00ed nad stavem normality. K takov\u00e9mu stavu norm\u00e1ln\u011b nesm\u00ed a nem\u00e1 doj\u00edt, obvykle daleko d\u0159\u00edve dojde k hospitalizaci pacienta, kter\u00e9ho dovedou k l\u00e9ka\u0159i jeho p\u0159\u00edbuzn\u00ed a rodina.<\/p>\n<figure id=\"attachment_58052\" class=\"wp-caption aligncenter\" style=\"width: 774px;\"><a href=\"https:\/\/aeronet.news\/wp-content\/uploads\/DavidKozakPoliceDB.jpg\"><img decoding=\"async\" loading=\"lazy\" class=\"wp-image-58052 \" src=\"https:\/\/aeronet.news\/wp-content\/uploads\/DavidKozakPoliceDB-1024x725.jpg\" sizes=\"(max-width: 700px) 100vw, 700px\" srcset=\"https:\/\/aeronet.news\/wp-content\/uploads\/DavidKozakPoliceDB-1024x725.jpg 1024w, https:\/\/aeronet.news\/wp-content\/uploads\/DavidKozakPoliceDB-300x212.jpg 300w, https:\/\/aeronet.news\/wp-content\/uploads\/DavidKozakPoliceDB-768x544.jpg 768w, https:\/\/aeronet.news\/wp-content\/uploads\/DavidKozakPoliceDB-700x496.jpg 700w, https:\/\/aeronet.news\/wp-content\/uploads\/DavidKozakPoliceDB-504x357.jpg 504w, https:\/\/aeronet.news\/wp-content\/uploads\/DavidKozakPoliceDB-682x483.jpg 682w, https:\/\/aeronet.news\/wp-content\/uploads\/DavidKozakPoliceDB.jpg 1179w\" alt=\"\" width=\"774\" height=\"549\" \/><\/a><figcaption class=\"wp-caption-text\">\u00dato\u010dn\u00edk David Koz\u00e1k<\/figcaption><\/figure>\n<p>Vra\u017eda otce by to vysv\u011btlovala, proto\u017ee p\u0159i pln\u00e9m propuknut\u00ed schizofrenie vnit\u0159n\u00ed hlasy obvykle vel\u00ed pacientovi, \u017ee mus\u00ed zab\u00edt sv\u00e9 rodi\u010de, p\u0159\u00edpadn\u011b sourozence. Pacient je p\u0159esv\u011bd\u010den, \u017ee ho jeho p\u0159\u00edbuzn\u00ed cht\u011bj\u00ed zlikvidovat. V t\u00e9to f\u00e1zi se ji\u017e jedn\u00e1 o pln\u011b rozvinutou paranoidn\u00ed schizofrenii, kter\u00e1 m\u00e1 mnoho pr\u016fvodn\u00edch p\u0159\u00edznak\u016f, z nich\u017e jeden je nesnesiteln\u00e9 zvon\u011bn\u00ed v u\u0161\u00edch.<\/p>\n<figure id=\"attachment_58054\" class=\"wp-caption aligncenter\" style=\"width: 684px;\"><a href=\"https:\/\/aeronet.news\/wp-content\/uploads\/DavidKozakTestament.jpg\"><img decoding=\"async\" loading=\"lazy\" class=\"wp-image-58054 \" src=\"https:\/\/aeronet.news\/wp-content\/uploads\/DavidKozakTestament-1024x1024.jpg\" sizes=\"(max-width: 700px) 100vw, 700px\" srcset=\"https:\/\/aeronet.news\/wp-content\/uploads\/DavidKozakTestament-1024x1024.jpg 1024w, https:\/\/aeronet.news\/wp-content\/uploads\/DavidKozakTestament-150x150.jpg 150w, https:\/\/aeronet.news\/wp-content\/uploads\/DavidKozakTestament-300x300.jpg 300w, https:\/\/aeronet.news\/wp-content\/uploads\/DavidKozakTestament-768x768.jpg 768w, https:\/\/aeronet.news\/wp-content\/uploads\/DavidKozakTestament-700x700.jpg 700w, https:\/\/aeronet.news\/wp-content\/uploads\/DavidKozakTestament-357x357.jpg 357w, https:\/\/aeronet.news\/wp-content\/uploads\/DavidKozakTestament-483x483.jpg 483w, https:\/\/aeronet.news\/wp-content\/uploads\/DavidKozakTestament-210x210.jpg 210w\" alt=\"\" width=\"684\" height=\"684\" \/><\/a><figcaption class=\"wp-caption-text\">Ruskojazy\u010dn\u00fd z\u00e1pis Davidova den\u00edku<\/figcaption><\/figure>\n<p>To b\u00fdv\u00e1 tak nesnesiteln\u00e9, \u017ee vede k dobrovoln\u00e9 amputaci jednoho nebo obou u\u0161\u00ed a v historii jsou takov\u00e9 p\u0159\u00edpady dob\u0159e pops\u00e1ny. Zvon\u011bn\u00edm v u\u0161\u00edch v d\u016fsledku schizofrenie trp\u011bl slavn\u00fd holandsk\u00fd mal\u00ed\u0159 Vincent van Gogh, kter\u00fd si u\u0159\u00edzl vlastn\u00ed ucho. Sv\u016fj stav popisoval, \u017ee m\u00e1 pocit, \u017ee mu n\u011bkdo t\u0159\u00edsk\u00e1 plechov\u00fdmi puklicemi p\u0159\u00edmo u ucha.<\/p>\n<h6><span style=\"font-size: 18pt;\">Sebevra\u017eda spojen\u00e1 s c\u00edlem vz\u00edt s sebou na Onen sv\u011bt co nejv\u00edce lid\u00ed<\/span><\/h6>\n<p>V\u011bdeck\u00e1 obec se pozd\u011bji dostala do rozporu, jestli trp\u011bl schizofreni\u00ed, anebo p\u0159idru\u017eenou bipol\u00e1rn\u00ed poruchou, p\u0159i\u010dem\u017e ob\u011b nemoci v modern\u00ed medic\u00edn\u011b spl\u00fdvaj\u00ed v jedno a maniodepresivn\u00ed stavy spojen\u00e9 se schizofreni\u00ed v paranoidn\u00edm rozvoji se prakticky p\u0159ekr\u00fdvaj\u00ed.<\/p>\n<p><strong>Koz\u00e1k\u016fv z\u00e1pis o pocitu, \u017ee by si cht\u011bl utrhnout u\u0161i, je jasn\u00e9 vod\u00edtko k tomu, \u017ee trp\u011bl schizoifreni\u00ed \/ bipol\u00e1rn\u00ed poruchou, uzav\u00edr\u00e1 n\u00e1\u0161 kolega l\u00e9ka\u0159.<\/strong>\u00a0Samoz\u0159ejm\u011b se d\u00e1 o\u010dek\u00e1vat, \u017ee se za\u010dnou oz\u00fdvat hlasy na zp\u0159\u00edsn\u011bn\u00ed dr\u017een\u00ed zbran\u00ed v \u010cR, ale takov\u00fdm trag\u00e9di\u00edm se v podstat\u011b ned\u00e1 p\u0159edej\u00edt. Pokud se dr\u017eitel zbran\u011b neza\u010dne s\u00e1m dobrovoln\u011b l\u00e9\u010dit se svou psychickou poruchou, policejn\u00ed org\u00e1ny se o potenci\u00e1ln\u00ed hrozb\u011b nedozv\u00ed a\u017e do chv\u00edle, ne\u017e se n\u011bco stane.<\/p>\n<figure id=\"attachment_58056\" class=\"wp-caption aligncenter\" style=\"width: 635px;\"><a href=\"https:\/\/aeronet.news\/wp-content\/uploads\/KozakStudentsEdgeBalcony.jpg\"><img decoding=\"async\" loading=\"lazy\" class=\"wp-image-58056 \" src=\"https:\/\/aeronet.news\/wp-content\/uploads\/KozakStudentsEdgeBalcony.jpg\" sizes=\"(max-width: 700px) 100vw, 700px\" srcset=\"https:\/\/aeronet.news\/wp-content\/uploads\/KozakStudentsEdgeBalcony.jpg 700w, https:\/\/aeronet.news\/wp-content\/uploads\/KozakStudentsEdgeBalcony-211x300.jpg 211w, https:\/\/aeronet.news\/wp-content\/uploads\/KozakStudentsEdgeBalcony-251x357.jpg 251w, https:\/\/aeronet.news\/wp-content\/uploads\/KozakStudentsEdgeBalcony-339x483.jpg 339w\" alt=\"\" width=\"635\" height=\"904\" \/><\/a><figcaption class=\"wp-caption-text\">Studenti FF UK schovan\u00e1 na \u0159\u00edmse terasy<\/figcaption><\/figure>\n<p>St\u0159elec se prost\u011b rozhodl pro sp\u00e1ch\u00e1n\u00ed sebevra\u017edy, proto\u017ee z\u0159ejm\u011b trp\u011bl ji\u017e rozvinut\u00fdmi schizofrenn\u00edmi halucinacemi a vizemi, co\u017e v den\u00edku potvrdil. Napsal pozn\u00e1mku o\u00a0<em>zasran\u00fdch stv\u016fr\u00e1ch<\/em>.\u00a0<strong>U schizofrenik\u016f je to \u010dast\u00e9 ozna\u010den\u00ed postav a bytost\u00ed, kter\u00e9 vid\u00ed okolo sebe, a kter\u00e9 pacienta provokuj\u00ed a psychicky t\u00fdraj\u00ed.<\/strong>\u00a0Podle okultist\u016f jde o entity z unit\u00e1rn\u00edho prostoru, kter\u00e9 vzhledem k poruch\u00e1m v mozku m\u016f\u017ee \u010dlov\u011bk spat\u0159it a sly\u0161et. Obvykle jde o poruchu bezpe\u010dnostn\u00edch filtr\u016f v mozku.<\/p>\n<figure id=\"attachment_58063\" class=\"wp-caption aligncenter\" style=\"width: 606px;\"><a href=\"https:\/\/aeronet.news\/wp-content\/uploads\/KozakAR15-556.jpg\"><img decoding=\"async\" loading=\"lazy\" class=\"wp-image-58063 \" src=\"https:\/\/aeronet.news\/wp-content\/uploads\/KozakAR15-556-774x1024.jpg\" sizes=\"(max-width: 700px) 100vw, 700px\" srcset=\"https:\/\/aeronet.news\/wp-content\/uploads\/KozakAR15-556-774x1024.jpg 774w, https:\/\/aeronet.news\/wp-content\/uploads\/KozakAR15-556-227x300.jpg 227w, https:\/\/aeronet.news\/wp-content\/uploads\/KozakAR15-556-768x1016.jpg 768w, https:\/\/aeronet.news\/wp-content\/uploads\/KozakAR15-556-700x926.jpg 700w, https:\/\/aeronet.news\/wp-content\/uploads\/KozakAR15-556-270x357.jpg 270w, https:\/\/aeronet.news\/wp-content\/uploads\/KozakAR15-556-365x483.jpg 365w\" alt=\"\" width=\"606\" height=\"802\" \/><\/a><figcaption class=\"wp-caption-text\">\u00dato\u010dn\u00edkova zbra\u0148\u00a0ZEV 308 Win AR10 r\u00e1\u017ee 7.62<\/figcaption><\/figure>\n<p>Pokud nel\u00e9\u010den\u00e1 schizofrenie zajde tako daleko, kon\u010d\u00ed podle l\u00e9ka\u0159e v 9 z 10 p\u0159\u00edpad\u016f smrt\u00ed pacienta vlastn\u00ed rukou, anebo rukou policie, proto\u017ee osoba se dopou\u0161t\u00ed brutality a n\u00e1sil\u00ed podle povel\u016f postav, kter\u00e9 ji doprov\u00e1zej\u00ed, ale tyto postavy vid\u00ed jen schizofrenik, nikdo jin\u00fd. Na\u0161e redakce by t\u00edmto cht\u011bla v\u0161em poz\u016fstal\u00fdm a rodin\u00e1m po ob\u011btech vyj\u00e1d\u0159it hlubokou soustrast. Tato trag\u00e9die vstoup\u00ed do d\u011bjin \u010cesk\u00e9 republiky jako nejd\u011bsiv\u011bj\u0161\u00ed teroristick\u00fd \u00fatok v historii zp\u016fsoben\u00fd ale podle v\u0161eho psychicky naru\u0161enou a vy\u0161inutou osobou.<\/p>\n<p><a href=\"https:\/\/aeronet.news\/video-unikatni-zabery-policie-cr-zachytily-okamziky-nejhorsiho-teroristickeho-utoku-v-historii-ceske-republiky-sileny-strelec-vyzbrojeny-karabinou-zev-308-win-ar10-s-dalekohledem-na-nastavci\/\">-VK- \u0160\u00e9fredaktor AE News<\/a><\/p>\n<p>&nbsp;<\/p>\n<p><a href=\"https:\/\/stranapro.cz\/\"><img decoding=\"async\" loading=\"lazy\" class=\"wp-image-40286 aligncenter\" src=\"http:\/\/www.infokuryr.cz\/n\/wp-content\/uploads\/2023\/11\/12pro-300x87.png\" alt=\"\" width=\"969\" height=\"281\" srcset=\"https:\/\/www.infokuryr.cz\/n\/wp-content\/uploads\/2023\/11\/12pro-300x87.png 300w, https:\/\/www.infokuryr.cz\/n\/wp-content\/uploads\/2023\/11\/12pro.png 366w\" sizes=\"(max-width: 969px) 100vw, 969px\" \/><\/a><\/p>\n<p>&nbsp;<\/p>\n<p>&nbsp;<\/p>\n","protected":false},"excerpt":{"rendered":"<p>Unik\u00e1tn\u00ed z\u00e1b\u011bry Policie \u010cR zachytily okam\u017eiky nejhor\u0161\u00edho teroristick\u00e9ho \u00fatoku v historii \u010cesk\u00e9 republiky! \u0160\u00edlen\u00fd st\u0159elec&#8230;<\/p>\n","protected":false},"author":2,"featured_media":43077,"comment_status":"closed","ping_status":"closed","sticky":false,"template":"","format":"standard","meta":[],"categories":[6],"tags":[6532,6531,234,889,656],"_links":{"self":[{"href":"https:\/\/www.infokuryr.cz\/n\/wp-json\/wp\/v2\/posts\/43076"}],"collection":[{"href":"https:\/\/www.infokuryr.cz\/n\/wp-json\/wp\/v2\/posts"}],"about":[{"href":"https:\/\/www.infokuryr.cz\/n\/wp-json\/wp\/v2\/types\/post"}],"author":[{"embeddable":true,"href":"https:\/\/www.infokuryr.cz\/n\/wp-json\/wp\/v2\/users\/2"}],"replies":[{"embeddable":true,"href":"https:\/\/www.infokuryr.cz\/n\/wp-json\/wp\/v2\/comments?post=43076"}],"version-history":[{"count":0,"href":"https:\/\/www.infokuryr.cz\/n\/wp-json\/wp\/v2\/posts\/43076\/revisions"}],"wp:featuredmedia":[{"embeddable":true,"href":"https:\/\/www.infokuryr.cz\/n\/wp-json\/wp\/v2\/media\/43077"}],"wp:attachment":[{"href":"https:\/\/www.infokuryr.cz\/n\/wp-json\/wp\/v2\/media?parent=43076"}],"wp:term":[{"taxonomy":"category","embeddable":true,"href":"https:\/\/www.infokuryr.cz\/n\/wp-json\/wp\/v2\/categories?post=43076"},{"taxonomy":"post_tag","embeddable":true,"href":"https:\/\/www.infokuryr.cz\/n\/wp-json\/wp\/v2\/tags?post=43076"}],"curies":[{"name":"wp","href":"https:\/\/api.w.org\/{rel}","templated":true}]}}