{"id":43074,"date":"2023-12-22T03:16:58","date_gmt":"2023-12-22T02:16:58","guid":{"rendered":"http:\/\/www.infokuryr.cz\/n\/?p=43074"},"modified":"2023-12-22T03:16:58","modified_gmt":"2023-12-22T02:16:58","slug":"scott-ritter-o-tom-jak-se-mluvi-o-putinovi","status":"publish","type":"post","link":"https:\/\/www.infokuryr.cz\/n\/2023\/12\/22\/scott-ritter-o-tom-jak-se-mluvi-o-putinovi\/","title":{"rendered":"Scott Ritter: O tom, jak se mluv\u00ed o Putinovi"},"content":{"rendered":"<div id=\"fb-root\"><\/div>\n<section class=\"perex\">V b\u0159eznu jsem m\u011bl mo\u017enost z\u00fa\u010dastnit se on-line f\u00f3ra, kde zn\u00e1m\u00fd rusk\u00fd expert informoval o \u201e z\u00e1kladn\u00ed pravd\u011b\u201c, jak ji vid\u00ed z Moskvy.<\/p>\n<p>Po tomto briefingu byl d\u00e1n prostor pro dotazy. V\u0161iml jsem si, \u017ee br\u00edf\u00e9r, moder\u00e1tor a vlastn\u011b i publikum opakovan\u011b pou\u017e\u00edvali term\u00edn \u201einvaze\u201c k popisu toho, co Rusko nazvalo \u201especi\u00e1ln\u00ed vojenskou operac\u00ed\u201c.<\/p>\n<\/section>\n<section class=\"clanek-obsah\">Upozornil jsem na omezen\u00e9 c\u00edle rusk\u00e9ho vojensk\u00e9ho \u00fasil\u00ed v dob\u011b jeho zah\u00e1jen\u00ed, konkr\u00e9tn\u011b na c\u00edl donutit Ukrajinu, aby souhlasila s vyjedn\u00e1v\u00e1n\u00edm, a zeptal jsem se, zda term\u00edn \u201especi\u00e1ln\u00ed vojensk\u00e1 operace\u201c nen\u00ed p\u0159esn\u011bj\u0161\u00edm popisem skute\u010dnosti.<\/p>\n<p>Expert mou ot\u00e1zku pochopil a souhlasil, \u017ee term\u00edn \u201especi\u00e1ln\u00ed vojensk\u00e1 operace\u201c s sebou nese specifickou konotaci, kter\u00e1 ji odli\u0161uje od klasick\u00e9 vojensk\u00e9 invaze. Ve skupinov\u00e9m chatu, kde se \u00fa\u010dastn\u00edci mohli vyj\u00e1d\u0159it k pr\u016fb\u011bhu jedn\u00e1n\u00ed, v\u0161ak jeden \u010dlov\u011bk nab\u00eddl n\u00e1sleduj\u00edc\u00ed post\u0159eh: \u201eSpeci\u00e1ln\u00ed vojensk\u00e1 operace? Co to je? J\u00e1 Putinem nemluv\u00edm.\u201c<\/p>\n<p>C\u00edlem tohoto f\u00f3ra bylo l\u00e9pe informovat \u00fa\u010dastn\u00edky o jednom z nejpal\u010div\u011bj\u0161\u00edch probl\u00e9m\u016f sou\u010dasnosti \u2013 konfliktu mezi Ruskem a Ukrajinou \u2013 a l\u00e9pe je p\u0159ipravit na posuzov\u00e1n\u00ed d\u016fsledk\u016f tohoto konfliktu v celosv\u011btov\u00e9m m\u011b\u0159\u00edtku.<\/p>\n<p>Vzhledem k tomu, \u017ee se kolektivn\u00edmu Z\u00e1padu nepoda\u0159ilo prosadit svou v\u016fli v\u016f\u010di Rusku prost\u0159ednictv\u00edm konfliktu, kter\u00fd je v\u0161eobecn\u011b pova\u017eov\u00e1n za z\u00e1stupn\u00fd, by se mohlo zd\u00e1t, \u017ee ur\u010dit\u00e1 forma retrospektivn\u00ed anal\u00fdzy bude na m\u00edst\u011b. Pro konstruktivn\u00ed zapojen\u00ed do takov\u00e9 \u010dinnosti by v\u0161ak bylo zapot\u0159eb\u00ed dohodnut\u00e9ho lexikonu, kter\u00fd by umo\u017enil efektivn\u00ed komunikaci.<\/p>\n<p>Vzhledem k tomu, \u017ee Rusko m\u00e1 v konfliktu p\u0159evahu, lze se domn\u00edvat, \u017ee by m\u011bl b\u00fdt v\u011bnov\u00e1n ur\u010dit\u00fd z\u00e1jem tomu, jak Rusko konflikt definuje. Stru\u010dn\u011b \u0159e\u010deno, ka\u017ed\u00fd, kdo m\u00e1 z\u00e1jem pou\u010dit se z kolektivn\u00edho selh\u00e1n\u00ed Z\u00e1padu na Ukrajin\u011b, by se m\u011bl nau\u010dit \u201emluvit Putinem\u201c.<\/p>\n<h2>Opot\u0159ebovan\u00e9 my\u0161len\u00ed studen\u00e9 v\u00e1lky<\/h2>\n<p>Probl\u00e9m je v tom, \u017ee ti na Z\u00e1pad\u011b, kte\u0159\u00ed by m\u011bli p\u0159ipravovat spr\u00e1vn\u00fd lexikon, z n\u011bho\u017e by bylo mo\u017en\u00e9 rusko-ukrajinsk\u00fd konflikt p\u0159esn\u011bji posoudit, m\u00edsto toho operuj\u00ed se zastaral\u00fdm lexikonem zako\u0159en\u011bn\u00fdm v jazyce a my\u0161len\u00ed doby, kter\u00e1 ji\u017e neexistuje, zrozen\u00fdm z mentality studen\u00e9 v\u00e1lky, kter\u00e1 br\u00e1n\u00ed jak\u00e9koli hlubokomysln\u00e9 a relevantn\u00ed anal\u00fdze skute\u010dn\u00e9 situace mezi Ruskem a Z\u00e1padem.<\/p>\n<p>Spojen\u00e9 st\u00e1ty i NATO ozna\u010duj\u00ed rusko-ukrajinsk\u00fd konflikt za konflikt s existen\u010dn\u00edmi d\u016fsledky pro Evropu a sv\u011bt, p\u0159i\u010dem\u017e gener\u00e1ln\u00ed tajemn\u00edk NATO Jens Stoltenberg za\u0161el v \u0159\u00edjnu 2022 tak daleko, \u017ee prohl\u00e1sil, \u017ee \u201ev\u00edt\u011bzstv\u00ed Ruska ve v\u00e1lce proti Ukrajin\u011b bude por\u00e1\u017ekou NATO\u201c, a zlov\u011bstn\u011b dodal: \u201eTo nelze p\u0159ipustit.\u201c<\/p>\n<p>\u0160patn\u00e1 zpr\u00e1va, pane Stoltenbergu \u2013 Rusko vyhr\u00e1lo. A\u010dkoli \u201especi\u00e1ln\u00ed vojensk\u00e1 operace\u201c je\u0161t\u011b nebyla ukon\u010dena, Rusko se zmocnilo strategick\u00e9 iniciativy ve v\u0161ech oblastech, pokud jde o konflikt s Ukrajinou, a donutilo ukrajinskou arm\u00e1du ukon\u010dit protiofenz\u00edvu, do n\u00ed\u017e ukrajinsk\u00e1 vl\u00e1da a jej\u00ed spojenci z NATO investovali des\u00edtky miliard dolar\u016f vojensk\u00fdch prost\u0159edk\u016f a des\u00edtky tis\u00edc ukrajinsk\u00fdch \u017eivot\u016f v nad\u011bji, \u017ee dos\u00e1hnou rozhoduj\u00edc\u00edho v\u00edt\u011bzstv\u00ed nad ruskou arm\u00e1dou na boji\u0161ti.<\/p>\n<p>Dnes Ukrajina zji\u0161\u0165uje, \u017ee jej\u00ed arm\u00e1da je v d\u016fsledku boj\u016f zdecimovan\u00e1 a nen\u00ed schopna se udr\u017eet jako soudr\u017en\u00e1 bojov\u00e1 s\u00edla na bitevn\u00edm poli. Spojen\u00e9 st\u00e1ty a NATO se rovn\u011b\u017e ocitly v situaci, kdy nejsou schopny a\/nebo ochotny nad\u00e1le dod\u00e1vat Ukrajin\u011b finan\u010dn\u00ed prost\u0159edky a materi\u00e1l pot\u0159ebn\u00fd k udr\u017een\u00ed \u017eivotaschopn\u00e9 vojensk\u00e9 p\u0159\u00edtomnosti na boji\u0161ti.<\/p>\n<p>Rusko v sou\u010dasn\u00e9 dob\u011b p\u0159ech\u00e1z\u00ed z pozice pru\u017en\u00e9 obrany a m\u00edsto toho zahajuje \u00fato\u010dn\u00e9 operace pod\u00e9l linie dotyku, jejich\u017e c\u00edlem je vyu\u017e\u00edt p\u0159\u00edle\u017eitost\u00ed, kter\u00e9 nab\u00edz\u00ed st\u00e1le v\u00edce vy\u010derpan\u00e1 a pora\u017een\u00e1 ukrajinsk\u00e1 arm\u00e1da.<\/p>\n<p>Americk\u00fd prezident Joe Biden podobn\u011b tvrdil, \u017ee rusk\u00e9 v\u00edt\u011bzstv\u00ed je nep\u0159ijateln\u00e9.<\/p>\n<p>\u201e<i>Nem\u016f\u017eeme nechat Putina vyhr\u00e1t<\/i>,\u201c \u0159ekl Biden na za\u010d\u00e1tku tohoto m\u011bs\u00edce, aby vyvinul tlak na americk\u00fd Kongres, kter\u00fd dovolil, aby se ukrajinsk\u00fd konflikt zapletl do dom\u00e1c\u00ed americk\u00e9 politiky, p\u0159i\u010dem\u017e kl\u00ed\u010dov\u00ed republik\u00e1ni v Sen\u00e1tu i ve Sn\u011bmovn\u011b reprezentant\u016f odm\u00edtli podpo\u0159it n\u00e1vrh z\u00e1kona o financov\u00e1n\u00ed, kter\u00fd spojuje p\u0159ibli\u017en\u011b 60 miliard dolar\u016f na pomoc Ukrajin\u011b s pen\u011bzi pro Izrael a imigra\u010dn\u00ed reformou.<\/p>\n<p>\u201eJak\u00e9koli naru\u0161en\u00ed na\u0161\u00ed schopnosti z\u00e1sobovat Ukrajinu jasn\u011b posiluje Putinovu pozici,\u201c uzav\u0159el Biden.<\/p>\n<p>Bidenova formulace sv\u00edzeln\u00e9 situace, kter\u00e9 \u010del\u00ed jeho administrativa, podtrhuje, do jak\u00e9 m\u00edry si USA a jejich evrop\u0161t\u00ed spojenci osobuj\u00ed rusko-ukrajinsk\u00fd konflikt. V jejich o\u010d\u00edch je to v\u00e1lka rusk\u00e9ho prezidenta Vladimira Putina.<\/p>\n<p>Samotn\u00e9 Rusko bylo ve skute\u010dnosti redukov\u00e1no na pouh\u00fd p\u0159\u00edv\u011bsek rusk\u00e9ho prezidenta. Biden v tom nen\u00ed s\u00e1m. Cel\u00e1 t\u0159\u00edda n\u011bkdej\u0161\u00edch \u201eexpert\u016f\u201c na Rusko \u2013 v\u010detn\u011b takov\u00fdch, jako je b\u00fdval\u00fd velvyslanec USA v Rusku Michael McFaul, Pulitzerovou cenou ocen\u011bn\u00e1 histori\u010dka Anne Applebaumov\u00e1 a \u0159ada takzvan\u00fdch expert\u016f na n\u00e1rodn\u00ed bezpe\u010dnost, v\u010detn\u011b b\u00fdval\u00e9 z\u00e1stupkyn\u011b n\u00e1rodn\u00edho zpravodajsk\u00e9ho d\u016fstojn\u00edka pro Rusko Andrey Kendallov\u00e9-Taylorov\u00e9 a b\u00fdval\u00e9 \u0159editelky pro Rusko v Rad\u011b n\u00e1rodn\u00ed bezpe\u010dnosti Fiony Hillov\u00e9 \u2013 u\u010dinila z prob\u00edhaj\u00edc\u00edho konfliktu mezi Ukrajinou a Ruskem pouze Putin\u016fv probl\u00e9m.<\/p>\n<p>V ned\u00e1vn\u00e9m rozhovoru pro Politico Hillov\u00e1, spoluautorka knihy\u00a0<i>Mr. Putin: Operative in the Kremlin<\/i>, vydan\u00e9 v roce 2015, zrcadlila prohl\u00e1\u0161en\u00ed Stoltenberga a Bidena, kte\u0159\u00ed definovali rusko-ukrajinsk\u00fd konflikt jako existen\u010dn\u00ed krizi.<\/p>\n<p>Kendall-Taylor, kter\u00fd byl v roce 2022 spoluautorem \u010dl\u00e1nku v \u010dasopise Foreign Affairs s n\u00e1zvem \u201eZa\u010d\u00e1tek konce Putina?\u201c, podobn\u011b pova\u017euje konflikt za roz\u0161\u00ed\u0159en\u00ed pot\u0159eb Putina jako jednotlivce, v\u00edce ne\u017e pot\u0159eb Ruska jako n\u00e1roda.<\/p>\n<p>\u201ePutin,\u201c \u0159ekl Kendall-Taylor v lednu 2022, p\u0159ed zah\u00e1jen\u00edm speci\u00e1ln\u00ed vojensk\u00e9 operace, pro NPR,<\/p>\n<p><em>\u201eskute\u010dn\u011b usiluje o to, aby Ukrajina z\u016fstala na rusk\u00e9m orbitu. Po dvaceti letech, kdy byl u moci, p\u0159em\u00fd\u0161l\u00ed o sv\u00e9m odkazu a chce b\u00fdt v\u016fdcem, kter\u00fd vr\u00e1til Rusku velikost. A aby toho dos\u00e1hl, mus\u00ed obnovit rusk\u00fd vliv na Ukrajin\u011b.<\/em><\/p>\n<p><em>A pro n\u011bj je to mysl\u00edm opravdu osobn\u00ed. Putin se za 20 let \u2013 nyn\u00ed 22 let u moci \u2013 opakovan\u011b pokou\u0161el p\u0159iv\u00e9st Ukrajinu zp\u011bt do sv\u00e9ho vlivu a neusp\u011bl. A mysl\u00edm, \u017ee c\u00edt\u00ed, \u017ee te\u010f je to \u2013 jeho \u010das, aby se postaral o tuto nedokon\u010denou z\u00e1le\u017eitost.\u201c<\/em><\/p>\n<p>Takov\u00fd v\u00fdsledek je podle Kendall-Taylorov\u00e9 samoz\u0159ejm\u011b nep\u0159ijateln\u00fd. \u201eM<i>ysl\u00edm, \u017ee nep\u0159eh\u00e1n\u00edm, kdy\u017e zd\u016frazn\u00edm, jak d\u016fle\u017eit\u00e1 je americk\u00e1 pomoc,<\/i>\u201c \u0159ekla ned\u00e1vno listu The New York Times. \u201e<i>Pokud pomoc nebude pokra\u010dovat, pak tato v\u00e1lka z\u00edsk\u00e1 radik\u00e1ln\u011b odli\u0161n\u00fd charakter, pokud jde o dal\u0161\u00ed v\u00fdvoj.<\/i>\u201c<\/p>\n<p>Applebaumov\u00e1 v listopadu napsala pro The Atlantic \u010dl\u00e1nek s n\u00e1zvem \u201e<i>Rusk\u00e9 imp\u00e9rium mus\u00ed zem\u0159\u00edt<\/i>\u201c, v n\u011bm\u017e tvrdila, \u017ee \u201e<i>lep\u0161\u00ed budoucnost vy\u017eaduje Putinovu por\u00e1\u017eku \u2013 a konec imperi\u00e1ln\u00edch aspirac\u00ed<\/i>\u201c. Ned\u00e1vno se vyj\u00e1d\u0159ila k Putinovu odkazu v souvislosti s konfliktem na Ukrajin\u011b.<\/p>\n<p>\u201e<i>Mysl\u00edm, \u017ee nen\u00ed pochyb o tom, \u017ee na Putina se bude vzpom\u00ednat jako na \u010dlov\u011bka, kter\u00fd se skute\u010dn\u011b rozhodl zni\u010dit svou vlastn\u00ed zemi,<\/i>\u201c \u0159ekla Applebaumov\u00e1 v rozhovoru pro R\u00e1dio Svobodn\u00e1 Evropa\/R\u00e1dio Svoboda loni v srpnu. Putin, prohl\u00e1sila Applebaumov\u00e1,<\/p>\n<p><a href=\"https:\/\/stranapro.cz\/\"><img decoding=\"async\" loading=\"lazy\" class=\"alignnone  wp-image-40285 aligncenter\" src=\"http:\/\/www.infokuryr.cz\/n\/wp-content\/uploads\/2023\/11\/11pro-300x79.png\" alt=\"\" width=\"475\" height=\"125\" srcset=\"https:\/\/www.infokuryr.cz\/n\/wp-content\/uploads\/2023\/11\/11pro-300x79.png 300w, https:\/\/www.infokuryr.cz\/n\/wp-content\/uploads\/2023\/11\/11pro.png 363w\" sizes=\"(max-width: 475px) 100vw, 475px\" \/><\/a><\/p>\n<p><em>\u201eje to n\u011bkdo, kdo zhor\u0161il \u017eivotn\u00ed \u00farove\u0148, svobodu a kulturu samotn\u00e9ho Ruska. Nezd\u00e1 se, \u017ee by mu z\u00e1le\u017eelo na blahobytu nebo prosperit\u011b oby\u010dejn\u00fdch Rus\u016f. Jsou pro n\u011bj jen potravou pro d\u011bla. Nezaj\u00edmaj\u00ed ho, v\u00edte, rusk\u00e9 \u00fasp\u011bchy v infrastruktu\u0159e nebo um\u011bn\u00ed nebo v literatu\u0159e a v \u010demkoli jin\u00e9m. Rusov\u00e9 jsou pro n\u011bj chud\u00ed. A tak\u00e9 vr\u00e1til zp\u011bt formu diktatury, o kter\u00e9 si mysl\u00edm, \u017ee si v\u011bt\u0161ina Rus\u016f myslela, \u017ee ji nechala za sebou.\u201c<\/em>To, co rusk\u00fd prezident d\u011bl\u00e1, podle Applebaumov\u00e9 \u201eskute\u010dn\u011b ni\u010d\u00ed modern\u00ed Rusko. A mysl\u00edm, \u017ee to je to, za co si ho budeme celkov\u011b pamatovat.\u201c<\/p>\n<h2>\u201eRusko je probl\u00e9m, proto\u017ee posiluje Putina\u201c<\/h2>\n<p>McFaul, b\u00fdval\u00fd americk\u00fd velvyslanec v Rusku, napsal memo\u00e1ry Od studen\u00e9 v\u00e1lky k hork\u00e9mu m\u00edru: V knize se p\u00ed\u0161e: Americk\u00fd velvyslanec v Putinov\u011b Rusku. V ned\u00e1vn\u00e9m rozhovoru pro R\u00e1dio Svobodn\u00e1 Evropa\/R\u00e1dio Svoboda McFaul uvedl: \u201e<i>Zm\u011bnil jsem sv\u00e9 n\u00e1zory v d\u016fsledku t\u00e9to stra\u0161liv\u00e9, barbarsk\u00e9 v\u00e1lky na Ukrajin\u011b, proto\u017ee Putin u\u010dinil rozhodnut\u00ed napadnout Ukrajinu.<\/i>\u201c McFaul nyn\u00ed tvrd\u00ed, \u017ee probl\u00e9mem je Rusko, proto\u017ee Rusko Putina zmocnilo.<\/p>\n<p>McFaul sv\u00e9 hodnocen\u00ed podporuje trochou revizionistick\u00e9 historie.<\/p>\n<p>McFaul ozna\u010dil Putina za \u201ezcela n\u00e1hodn\u00e9ho v\u016fdce Ruska\u201c a ozna\u010dil ho za \u201ekreaturu st\u00e1vaj\u00edc\u00edho re\u017eimu\u201c, kterou jmenoval Boris Jelcin, prvn\u00ed prezident Ruska, a kter\u00e1 postr\u00e1d\u00e1 jakoukoli smysluplnou politickou voli\u010dskou z\u00e1kladnu.<\/p>\n<p>Putin, tvrd\u00ed McFaul, \u201e<i>chce vytvo\u0159it m\u00fdtus, \u017ee &#8218;v 90. letech byl chaos a j\u00e1 jsem p\u0159i\u0161el jako hrdina&#8216;. To je naprost\u00fd nesmysl,<\/i>\u201c tvrd\u00ed McFaul. \u201e<i>To nen\u00ed historie takov\u00e1, jak\u00e1 byla ve skute\u010dnosti.<\/i>\u201c<\/p>\n<p>Vzhledem k tomu, \u017ee Putin nem\u00e1 politick\u00fd rodokmen, McFaul \u0159\u00edk\u00e1, \u017ee \u201e<i>nemus\u00edme nutn\u011b v\u011bd\u011bt, zda ho Rusov\u00e9 podporuj\u00ed. Jak to m\u016f\u017eete v\u011bd\u011bt, kdy\u017e tam nejsou skute\u010dn\u00e9 svobodn\u00e9 a spravedliv\u00e9 volby, kdy\u017e tam nejsou skute\u010dn\u00e1 m\u00e9dia? Za t\u011bchto podm\u00ednek nem\u016f\u017eete v\u011bd\u011bt, zda je popul\u00e1rn\u00ed, nebo ne<\/i>.\u201c<\/p>\n<p>McFaul \u0159\u00edk\u00e1, \u017ee \u201e<i>jsem zm\u011bnil n\u00e1zor<\/i>\u201c na vinu rusk\u00e9ho lidu za Putina.<\/p>\n<p><em>\u201ev d\u016fsledku t\u00e9to stra\u0161liv\u00e9, barbarsk\u00e9 v\u00e1lky na Ukrajin\u011b, proto\u017ee Putin u\u010dinil rozhodnut\u00ed o invazi na Ukrajinu. Nebylo \u017e\u00e1dn\u00e9 hlasov\u00e1n\u00ed, nen\u00ed \u017e\u00e1dn\u00e9 referendum. Nev\u00edme, co si Rusov\u00e9 o tomto rozhodnut\u00ed skute\u010dn\u011b mysleli. Existuj\u00ed p\u0159ed n\u00edm pr\u016fzkumy ve\u0159ejn\u00e9ho m\u00edn\u011bn\u00ed, kter\u00e9 nazna\u010duj\u00ed, \u017ee ten boj necht\u011bli, a to i od nez\u00e1visl\u00fdch organizac\u00ed, dokonce i z\u00e1padn\u00edch.<\/em><\/p>\n<p><em>Ale jakmile tam vstoupil, m\u011bl podporu \u2013 jak to obvykle b\u00fdv\u00e1, kdy\u017e jdou zem\u011b do v\u00e1lky \u2013 a te\u010f jsou tam Rusov\u00e9, kte\u0159\u00ed zn\u00e1sil\u0148uj\u00ed ukrajinsk\u00e9 \u017eeny a d\u011bti; jsou tam Rusov\u00e9, kte\u0159\u00ed p\u00e1chaj\u00ed obrovsk\u00e1 zv\u011brstva uvnit\u0159 Ukrajiny. Tak\u017ee Putin nem\u016f\u017ee d\u011blat tyto v\u011bci bez podpory Rus\u016f. A proto ta v\u00fdmluva, \u017ee Rusov\u00e9 nejsou vinni a \u017ee by se s nimi nem\u011blo zach\u00e1zet \u0161patn\u011b a \u017ee by nem\u011bli b\u00fdt sankcionov\u00e1ni kv\u016fli autokracii, s t\u00edm nesouhlas\u00edm.\u201c<\/em><\/p>\n<p>McFaul uzav\u00edr\u00e1, \u017ee Putinova v\u00e1lka je nyn\u00ed v\u00e1lkou Ruska.<\/p>\n<p>McFaulova nepodlo\u017een\u00e1 tvrzen\u00ed o rusk\u00fdch zv\u011brstvech poskytuj\u00ed jasn\u00fd obraz o tom, na jak\u00e9m z\u00e1klad\u011b bez fakt\u016f b\u00fdval\u00fd velvyslanec utv\u00e1\u0159\u00ed sv\u016fj narativ o Putinov\u011b Rusku.<\/p>\n<p>McFaulovo tvrzen\u00ed o zn\u00e1sil\u0148ov\u00e1n\u00ed je obzvl\u00e1\u0161t\u011b k\u0159iklav\u00e9, uv\u00e1\u017e\u00edme-li, \u017ee v dob\u011b jeho rozhovoru \u2013 v \u010dervenci 2023 \u2013 byla tato tvrzen\u00ed potla\u010dena samotnou Ukrajinou po odhalen\u00ed, \u017ee zmocn\u011bnkyn\u011b ukrajinsk\u00e9ho parlamentu pro lidsk\u00e1 pr\u00e1va Ljudmila Denisov\u00e1 vydala ofici\u00e1ln\u00ed prohl\u00e1\u0161en\u00ed s pou\u017eit\u00edm neov\u011b\u0159en\u00fdch informac\u00ed.<\/p>\n<p>V dopise adresovan\u00e9m parlamentu ukrajin\u0161t\u00ed novin\u00e1\u0159i uvedli, \u017ee zpr\u00e1vy Denisovov\u00e9 Ukrajinu po\u0161kozuj\u00ed, a poznamenali, \u017ee informace, kter\u00e9 \u00fa\u0159ad Denisovov\u00e9 zve\u0159ejnil, m\u00e9dia pova\u017eovala za faktick\u00e9 a \u201en\u00e1sledn\u011b je pou\u017eila v \u010dl\u00e1nc\u00edch a projevech ve\u0159ejn\u00fdch \u010dinitel\u016f\u201c.<\/p>\n<p>Denisovov\u00e1 byla propu\u0161t\u011bna v kv\u011btnu 2022 \u2013 v\u00edce ne\u017e rok p\u0159edt\u00edm, ne\u017e McFaul zopakoval jej\u00ed zdiskreditovan\u00e1 tvrzen\u00ed v \u017eiv\u00e9m projevu opatrnosti, kterou vyty\u010dili ukrajin\u0161t\u00ed novin\u00e1\u0159i.<\/p>\n<p>McFaul sv\u016fj zm\u011bn\u011bn\u00fd n\u00e1zor na spoluzodpov\u011bdnost rusk\u00e9ho lidu za konflikt s Ukrajinou do zna\u010dn\u00e9 m\u00edry zalo\u017eil na sv\u00e9m ch\u00e1p\u00e1n\u00ed ud\u00e1lost\u00ed z 90. let a na tom, jak tyto ud\u00e1losti formovaly vzestup Vladimira Putina na politickou sc\u00e9nu.<\/p>\n<p>Je zaj\u00edmav\u00e9, \u017ee McFaul tvrd\u00ed, \u017ee jak\u00e1koli p\u0159edstava o desetilet\u00ed 90. let jako o desetilet\u00ed \u201echaosu\u201c pro Rusko je m\u00fdtus. Toto tvrzen\u00ed je obzvl\u00e1\u0161t\u011b zvl\u00e1\u0161tn\u00ed proto, \u017ee McFaul s\u00e1m byl osobn\u011b zapojen do d\u011bn\u00ed v Rusku 90. let a m\u011bl by to v\u011bd\u011bt l\u00e9pe.<\/p>\n<p>McFaul p\u0159ijel do Moskvy v roce 1990 jako hostuj\u00edc\u00ed v\u011bdeck\u00fd pracovn\u00edk na Moskevsk\u00e9 st\u00e1tn\u00ed univerzit\u011b. Pozd\u011bji p\u0159ijal m\u00edsto konzultanta v N\u00e1rodn\u00edm demokratick\u00e9m institutu (NDI), kter\u00fd s\u00e1m sebe ozna\u010duje za \u201e<i>neziskovou, nestranickou, nevl\u00e1dn\u00ed organizaci, kter\u00e1 podporuje demokratick\u00e9 instituce a postupy ve v\u0161ech regionech sv\u011bta<\/i>\u201c, \u010d\u00edm\u017e se st\u00edr\u00e1 hranice mezi akademickou a aktivistickou \u010dinnost\u00ed.<\/p>\n<p>NDI byla zalo\u017eena v roce 1983 s c\u00edlem podporovat operace \u201eve\u0159ejn\u00e9 diplomacie\u201c na podporu n\u00e1rodn\u00edch bezpe\u010dnostn\u00edch z\u00e1jm\u016f USA. Jako z\u00e1stupce NDI v Moskv\u011b McFaul aktivn\u011b podporoval \u201eDemokratick\u00e9 Rusko\u201c, koalici rusk\u00fdch politik\u016f vedenou Jelcinem, kter\u00e9ho McFaul pozd\u011bji ozna\u010dil za \u201ekatalyz\u00e1tor konce studen\u00e9 v\u00e1lky\u201c.<\/p>\n<p>Ve sv\u00e9 knize Russia&#8217;s Unfinished Revolution (Nedokon\u010den\u00e1 revoluce v Rusku) z roku 2001: McFaul se otev\u0159en\u011b hl\u00e1sil ke konceptu \u201edemokracie\u201c, kter\u00fd se projevoval v podob\u011b Jelcina, a\u010dkoli McFaul a\u017e p\u0159\u00edli\u0161 dob\u0159e v\u011bd\u011bl, \u017ee Jelcin nen\u00ed nic v\u00edc ne\u017e loutka vybran\u00e1 Spojen\u00fdmi st\u00e1ty.<\/p>\n<p>McFaul se pohor\u0161oval nad Putinov\u00fdm vzestupem k moci a m\u00edsto toho nab\u00edzel alternativn\u00ed realitu, podle n\u00ed\u017e Jelcin, kter\u00fd na Silvestra 1999 odstoupil z funkce rusk\u00e9ho prezidenta, jmenoval m\u00edsto Putina sv\u00fdm n\u00e1stupcem Borise N\u011bmcova (kter\u00e9ho McFaul ozna\u010duje za \u201ezjevn\u00e9ho d\u011bdice\u201c).<\/p>\n<p>McFaul nikdy neodpustil Rusku h\u0159\u00edch Putinova jmenov\u00e1n\u00ed \u2013 v knize\u00a0<i>Russia&#8217;s Unfinished Revolution<\/i>\u00a0(Nedokon\u010den\u00e1 revoluce v Rusku) prohl\u00e1sil, \u017ee b\u00fdval\u00fd d\u016fstojn\u00edk KGB \u201ezp\u016fsobil zna\u010dn\u00e9 \u0161kody demokratick\u00fdm instituc\u00edm\u201c v Rusku, co\u017e je pozoruhodn\u00fd p\u0159\u00edklad osobn\u00ed zaujatosti, uv\u00e1\u017e\u00edme-li, \u017ee Putin se ujal moci v roce 2000 a McFaulova kniha vy\u0161la v roce 2001.<\/p>\n<p>McFaul se nav\u00edc dopustil zna\u010dn\u00e9ho historick\u00e9ho revizionismu, vzhledem k tomu, \u017ee za Jelcina v Rusku \u017e\u00e1dn\u00e9 \u201edemokratick\u00e9 instituce\u201c neexistovaly \u2013 rusk\u00e9 tanky st\u0159\u00edlej\u00edc\u00ed v \u0159\u00edjnu 1993 na rusk\u00fd parlament na Jelcin\u016fv rozkaz spolu s otev\u0159en\u00fdm zfal\u0161ov\u00e1n\u00edm voleb v roce 1996 s podporou Spojen\u00fdch st\u00e1t\u016f to zaru\u010dovaly.<\/p>\n<p>McFaul byl s touto histori\u00ed v\u00edce ne\u017e obezn\u00e1men \u2013 pom\u00e1hal utv\u00e1\u0159et podm\u00ednky, kter\u00e9 ji zp\u016fsobily -, tak\u017ee jeho sou\u010dasn\u00e1 amn\u00e9zie je podez\u0159el\u00e1.<\/p>\n<div class=\"podcarou\">\n<p><a href=\"https:\/\/informationclearinghouse.blog\/2023\/12\/20\/scott-ritter-on-speaking-plain-putin\/\" target=\"_blank\" rel=\"external noopener\">On Speaking Plain \u2018Putin\u2019<\/a> vy\u0161el na ICH 20.12.2023. P\u0159eklad\u00a0<a href=\"https:\/\/zvedavec.news\/komentare\/2023\/12\/9915-o-tom-jak-se-mluvi-o-putinovi.htm\">Zvedavec.org<\/a><\/p>\n<\/div>\n<p>&nbsp;<\/p>\n<\/section>\n","protected":false},"excerpt":{"rendered":"<p>V b\u0159eznu jsem m\u011bl mo\u017enost z\u00fa\u010dastnit se on-line f\u00f3ra, kde zn\u00e1m\u00fd rusk\u00fd expert informoval o&#8230;<\/p>\n","protected":false},"author":2,"featured_media":36262,"comment_status":"closed","ping_status":"closed","sticky":false,"template":"","format":"standard","meta":[],"categories":[7],"tags":[29,122,102,276],"_links":{"self":[{"href":"https:\/\/www.infokuryr.cz\/n\/wp-json\/wp\/v2\/posts\/43074"}],"collection":[{"href":"https:\/\/www.infokuryr.cz\/n\/wp-json\/wp\/v2\/posts"}],"about":[{"href":"https:\/\/www.infokuryr.cz\/n\/wp-json\/wp\/v2\/types\/post"}],"author":[{"embeddable":true,"href":"https:\/\/www.infokuryr.cz\/n\/wp-json\/wp\/v2\/users\/2"}],"replies":[{"embeddable":true,"href":"https:\/\/www.infokuryr.cz\/n\/wp-json\/wp\/v2\/comments?post=43074"}],"version-history":[{"count":0,"href":"https:\/\/www.infokuryr.cz\/n\/wp-json\/wp\/v2\/posts\/43074\/revisions"}],"wp:featuredmedia":[{"embeddable":true,"href":"https:\/\/www.infokuryr.cz\/n\/wp-json\/wp\/v2\/media\/36262"}],"wp:attachment":[{"href":"https:\/\/www.infokuryr.cz\/n\/wp-json\/wp\/v2\/media?parent=43074"}],"wp:term":[{"taxonomy":"category","embeddable":true,"href":"https:\/\/www.infokuryr.cz\/n\/wp-json\/wp\/v2\/categories?post=43074"},{"taxonomy":"post_tag","embeddable":true,"href":"https:\/\/www.infokuryr.cz\/n\/wp-json\/wp\/v2\/tags?post=43074"}],"curies":[{"name":"wp","href":"https:\/\/api.w.org\/{rel}","templated":true}]}}