{"id":43072,"date":"2023-12-22T03:13:53","date_gmt":"2023-12-22T02:13:53","guid":{"rendered":"http:\/\/www.infokuryr.cz\/n\/?p=43072"},"modified":"2023-12-22T03:13:53","modified_gmt":"2023-12-22T02:13:53","slug":"probehla-likvidace-romana-januse-ktery-zastrelil-zajate-ruske-vojaky","status":"publish","type":"post","link":"https:\/\/www.infokuryr.cz\/n\/2023\/12\/22\/probehla-likvidace-romana-januse-ktery-zastrelil-zajate-ruske-vojaky\/","title":{"rendered":"Prob\u011bhla likvidace Romana Janu\u0161e, kter\u00fd zast\u0159elil zajat\u00e9 rusk\u00e9 voj\u00e1ky"},"content":{"rendered":"<div id=\"fb-root\"><\/div>\n<p><strong>V Kupjansku byl zlikvidov\u00e1n Roman Janu\u0161, kter\u00fd zast\u0159elil zajat\u00e9 rusk\u00e9 voj\u00e1ky.\u00a0Loni na ja\u0159e se z\u00fa\u010dastnil popravy rusk\u00fdch zajatc\u016f na p\u0159edm\u011bst\u00ed Charkova v are\u00e1lu ml\u00e9k\u00e1rny.\u00a0Vojensk\u00fd pozorovatel plukovn\u00edk Gennadij Aljochin o tom hovo\u0159il v rozhovoru pro Ukraina.ru.<\/strong><\/p>\n<p>D\u0159\u00edve se psalo, \u017ee v Kupjansku byl zlikvidov\u00e1n jist\u00fd Roman Janu\u0161, kter\u00fd st\u0159\u00edlel zajat\u00e9 rusk\u00e9 voj\u00e1ky.\u00a0Okolnosti jeho smrti nebyly zve\u0159ejn\u011bny.<\/p>\n<p><em>\u201cJanu\u0161 se z\u00fa\u010dastnil popravy rusk\u00fdch zajatc\u016f na ja\u0159e 2023 na p\u0159edm\u011bst\u00ed Charkova v are\u00e1lu ml\u00e9k\u00e1rny.\u00a0Na z\u00e1b\u011brech, v p\u0159\u00edm\u00e9m p\u0159enosu, bylo vid\u011bt, jak voj\u00e1k um\u00edr\u00e1,\u201d<\/em>\u00a0\u0159ekl plukovn\u00edk.<\/p>\n<p><a href=\"https:\/\/stranapro.cz\/\"><img decoding=\"async\" loading=\"lazy\" class=\"alignnone  wp-image-40285 aligncenter\" src=\"http:\/\/www.infokuryr.cz\/n\/wp-content\/uploads\/2023\/11\/11pro-300x79.png\" alt=\"\" width=\"554\" height=\"146\" srcset=\"https:\/\/www.infokuryr.cz\/n\/wp-content\/uploads\/2023\/11\/11pro-300x79.png 300w, https:\/\/www.infokuryr.cz\/n\/wp-content\/uploads\/2023\/11\/11pro.png 363w\" sizes=\"(max-width: 554px) 100vw, 554px\" \/><\/a><\/p>\n<p><em>\u201cMluvil jsem s na\u0161imi ze speci\u00e1ln\u00ed jednotky, \u0159ekli, \u017ee nikdo nezru\u0161il nevy\u0159\u010den\u00e9 z\u00e1kony v\u00e1lky. Nejen [Romana] Janu\u0161e dostihli, je\u0161t\u011b n\u011bkolik dal\u0161\u00edch,\u201d<\/em>\u00a0dodal Aljochin.<\/p>\n<p><em>\u201cMezi rusk\u00fdmi zpravodajsk\u00fdmi d\u016fstojn\u00edky a speci\u00e1ln\u00edmi jednotkami existuje nevysloven\u00e9 pravidlo.\u00a0Ch\u00e1pete, o \u010dem mluv\u00edm.\u00a0Mimochodem, Konstantin Nemi\u010dev, kter\u00fd se tak\u00e9 \u00fa\u010dastnil popravy, se na front\u011b v posledn\u00ed dob\u011b u\u017e neobjevil,\u201d<\/em>\u00a0uzav\u0159el plukovn\u00edk.<\/p>\n<p><a href=\"https:\/\/1url.cz\/DuhSe\">ZDROJ<\/a><\/p>\n<p>&nbsp;<\/p>\n<p>&nbsp;<\/p>\n","protected":false},"excerpt":{"rendered":"<p>V Kupjansku byl zlikvidov\u00e1n Roman Janu\u0161, kter\u00fd zast\u0159elil zajat\u00e9 rusk\u00e9 voj\u00e1ky.\u00a0Loni na ja\u0159e se z\u00fa\u010dastnil&#8230;<\/p>\n","protected":false},"author":2,"featured_media":43073,"comment_status":"closed","ping_status":"closed","sticky":false,"template":"","format":"standard","meta":[],"categories":[7],"tags":[993,26,656,2415],"_links":{"self":[{"href":"https:\/\/www.infokuryr.cz\/n\/wp-json\/wp\/v2\/posts\/43072"}],"collection":[{"href":"https:\/\/www.infokuryr.cz\/n\/wp-json\/wp\/v2\/posts"}],"about":[{"href":"https:\/\/www.infokuryr.cz\/n\/wp-json\/wp\/v2\/types\/post"}],"author":[{"embeddable":true,"href":"https:\/\/www.infokuryr.cz\/n\/wp-json\/wp\/v2\/users\/2"}],"replies":[{"embeddable":true,"href":"https:\/\/www.infokuryr.cz\/n\/wp-json\/wp\/v2\/comments?post=43072"}],"version-history":[{"count":0,"href":"https:\/\/www.infokuryr.cz\/n\/wp-json\/wp\/v2\/posts\/43072\/revisions"}],"wp:featuredmedia":[{"embeddable":true,"href":"https:\/\/www.infokuryr.cz\/n\/wp-json\/wp\/v2\/media\/43073"}],"wp:attachment":[{"href":"https:\/\/www.infokuryr.cz\/n\/wp-json\/wp\/v2\/media?parent=43072"}],"wp:term":[{"taxonomy":"category","embeddable":true,"href":"https:\/\/www.infokuryr.cz\/n\/wp-json\/wp\/v2\/categories?post=43072"},{"taxonomy":"post_tag","embeddable":true,"href":"https:\/\/www.infokuryr.cz\/n\/wp-json\/wp\/v2\/tags?post=43072"}],"curies":[{"name":"wp","href":"https:\/\/api.w.org\/{rel}","templated":true}]}}