{"id":4306,"date":"2021-08-25T03:33:06","date_gmt":"2021-08-25T01:33:06","guid":{"rendered":"http:\/\/www.infokuryr.cz\/n\/?p=4306"},"modified":"2021-08-25T03:33:06","modified_gmt":"2021-08-25T01:33:06","slug":"usa-se-vzdy-snazi-pravidlem-a-radem-k-ospravedlneni-sve-sobeckosti-a-sikany","status":"publish","type":"post","link":"https:\/\/www.infokuryr.cz\/n\/2021\/08\/25\/usa-se-vzdy-snazi-pravidlem-a-radem-k-ospravedlneni-sve-sobeckosti-a-sikany\/","title":{"rendered":"USA se v\u017edy sna\u017e\u00ed pravidlem a \u0159\u00e1dem k ospravedln\u011bn\u00ed sv\u00e9 sobeckosti a \u0161ikany"},"content":{"rendered":"<div id=\"fb-root\"><\/div>\n<p>Mluv\u010d\u00ed \u010d\u00ednsk\u00e9ho ministerstva zahrani\u010d\u00ed Wang Wenbin (Wang Wen-pin) 24. srpna na pravideln\u00e9 tiskov\u00e9 konferenci konstatoval, \u017ee Spojen\u00e9 st\u00e1ty mohou sv\u00e9voln\u011b diskreditovat, potla\u010dovat a \u0161ikanovat jin\u00e9 zem\u011b, ani\u017e by musely platit jakoukoli cenu. Toto je \u0159\u00e1d, kter\u00fd si Spojen\u00e9 st\u00e1ty p\u0159ej\u00ed.<\/p>\n<p>P\u0159i odpov\u011bdi na souvisej\u00edc\u00ed ot\u00e1zky Wang Wenbin uvedl, \u017ee to, co se d\u011bje v Afgh\u00e1nist\u00e1nu, nyn\u00ed lidem jasn\u011b ukazuje, jak\u00e1 jsou pravidla podle Spojen\u00fdch st\u00e1t\u016f a jak\u00fd je takzvan\u00fd \u0159\u00e1d podle USA: Spojen\u00e9 st\u00e1ty mohou libovoln\u011b zasahovat do suver\u00e9nn\u00ed zem\u011b, ani\u017e by nesly odpov\u011bdnost za utrpen\u00ed, kter\u00e9 to lidem v t\u00e9to zemi zp\u016fsobilo.<\/p>\n<p>Wang Wenbin t\u00e9ho\u017e dne na tiskov\u00e9 konferenci dodal, \u017ee Afgh\u00e1nist\u00e1n je nez\u00e1visl\u00e1 a suver\u00e9nn\u00ed zem\u011b. USA a jejich spojenci by si m\u011bli vz\u00edt ponau\u010den\u00ed z historie, zamyslet se nad ot\u00e1zkami souvisej\u00edc\u00edmi s Afgh\u00e1nist\u00e1nem a jednat opatrn\u011b.<\/p>\n<p>Podle zpr\u00e1v uspo\u0159\u00e1d\u00e1 skupina G7 dne 24. srpna videokonferenci, na kter\u00e9 bude diskutovat o krizi v Afgh\u00e1nist\u00e1nu. Velk\u00e1 Brit\u00e1nie pl\u00e1nuje na sch\u016fzce podpo\u0159it to, aby \u010dlensk\u00e9 zem\u011b G7 zv\u00e1\u017eily uvalen\u00ed nov\u00fdch sankc\u00ed na T\u00e1lib\u00e1n.<\/p>\n<p>Wang Wenbin v odpov\u011bdi na souvisej\u00edc\u00ed ot\u00e1zky \u0159ekl, \u017ee mezin\u00e1rodn\u00ed spole\u010denstv\u00ed by m\u011blo podporovat rozvoj situace v Afgh\u00e1nist\u00e1nu pozitivn\u00edm sm\u011brem, m\u011blo by podporovat m\u00edrovou obnovu Afgh\u00e1nist\u00e1nu, zlep\u0161en\u00ed \u017eivobyt\u00ed a pohody m\u00edstn\u00edch lid\u00ed a pos\u00edlen\u00ed jejich schopnosti nez\u00e1visl\u00e9ho rozvoje. Uch\u00fdlen\u00ed se k sankc\u00edm a n\u00e1tlaku probl\u00e9my nevy\u0159e\u0161\u00ed a bude to pouze kontraproduktivn\u00ed.<\/p>\n<p><img decoding=\"async\" loading=\"lazy\" class=\"alignnone size-full wp-image-1185\" src=\"http:\/\/www.infokuryr.cz\/n\/wp-content\/uploads\/2021\/04\/kuryr-podpis.png\" alt=\"\" width=\"84\" height=\"24\" \/><\/p>\n<p>&nbsp;<\/p>\n","protected":false},"excerpt":{"rendered":"<p>Mluv\u010d\u00ed \u010d\u00ednsk\u00e9ho ministerstva zahrani\u010d\u00ed Wang Wenbin (Wang Wen-pin) 24. srpna na pravideln\u00e9 tiskov\u00e9 konferenci konstatoval,&#8230;<\/p>\n","protected":false},"author":2,"featured_media":2212,"comment_status":"closed","ping_status":"closed","sticky":false,"template":"","format":"standard","meta":[],"categories":[7],"tags":[108,30,323,37],"_links":{"self":[{"href":"https:\/\/www.infokuryr.cz\/n\/wp-json\/wp\/v2\/posts\/4306"}],"collection":[{"href":"https:\/\/www.infokuryr.cz\/n\/wp-json\/wp\/v2\/posts"}],"about":[{"href":"https:\/\/www.infokuryr.cz\/n\/wp-json\/wp\/v2\/types\/post"}],"author":[{"embeddable":true,"href":"https:\/\/www.infokuryr.cz\/n\/wp-json\/wp\/v2\/users\/2"}],"replies":[{"embeddable":true,"href":"https:\/\/www.infokuryr.cz\/n\/wp-json\/wp\/v2\/comments?post=4306"}],"version-history":[{"count":0,"href":"https:\/\/www.infokuryr.cz\/n\/wp-json\/wp\/v2\/posts\/4306\/revisions"}],"wp:featuredmedia":[{"embeddable":true,"href":"https:\/\/www.infokuryr.cz\/n\/wp-json\/wp\/v2\/media\/2212"}],"wp:attachment":[{"href":"https:\/\/www.infokuryr.cz\/n\/wp-json\/wp\/v2\/media?parent=4306"}],"wp:term":[{"taxonomy":"category","embeddable":true,"href":"https:\/\/www.infokuryr.cz\/n\/wp-json\/wp\/v2\/categories?post=4306"},{"taxonomy":"post_tag","embeddable":true,"href":"https:\/\/www.infokuryr.cz\/n\/wp-json\/wp\/v2\/tags?post=4306"}],"curies":[{"name":"wp","href":"https:\/\/api.w.org\/{rel}","templated":true}]}}