{"id":43050,"date":"2023-12-22T00:49:31","date_gmt":"2023-12-21T23:49:31","guid":{"rendered":"http:\/\/www.infokuryr.cz\/n\/?p=43050"},"modified":"2023-12-21T18:12:21","modified_gmt":"2023-12-21T17:12:21","slug":"angola-vysvetluje-proc-opousti-opec","status":"publish","type":"post","link":"https:\/\/www.infokuryr.cz\/n\/2023\/12\/22\/angola-vysvetluje-proc-opousti-opec\/","title":{"rendered":"Angola vysv\u011btluje, pro\u010d opou\u0161t\u00ed OPEC"},"content":{"rendered":"<div id=\"fb-root\"><\/div>\n<p><span style=\"font-size: 18pt;\"><strong>Angola opou\u0161t\u00ed alianci po 16 letech \u010dlenstv\u00ed<\/strong><\/span><\/p>\n<p><span>Angola opou\u0161t\u00ed Organizaci zem\u00ed vyv\u00e1\u017eej\u00edc\u00edch ropu (OPEC), proto\u017ee \u010dlenstv\u00ed neslou\u017e\u00ed jej\u00edm z\u00e1jm\u016fm, ozn\u00e1mil ve \u010dtvrtek ministr ropy Diamantino Azevedo.<\/span><\/p>\n<p><span>Africk\u00fd n\u00e1rod, kter\u00fd se k alianci p\u0159ipojil v roce 2007, \u00fadajn\u011b produkuje asi 1,1 milionu barel\u016f ropy denn\u011b (bpd), ve srovn\u00e1n\u00ed s 28 miliony barel\u016f denn\u011b pro celou skupinu.<\/span><\/p>\n<p><span>Ministr potvrdil d\u0159\u00edv\u011bj\u0161\u00ed zpr\u00e1vu m\u00edstn\u00ed tiskov\u00e9 agentury ANGOP a uvedl, \u017ee\u00a0<\/span><em><span>\u201enebylo to rozhodnut\u00ed u\u010din\u011bn\u00e9 lehkov\u00e1\u017en\u011b \u2013 p\u0159i\u0161el \u010das\u201c.<\/span><\/em><\/p>\n<p><em><span>&#8222;Na\u0161e role v organizaci nebyla pova\u017eov\u00e1na za relevantn\u00ed,&#8220;<\/span><\/em><span>\u00a0dodal Azevedo, jak cituje Bloomberg.<\/span><\/p>\n<p><a href=\"https:\/\/stranapro.cz\/\"><img decoding=\"async\" loading=\"lazy\" class=\"alignnone  wp-image-40285 aligncenter\" src=\"http:\/\/www.infokuryr.cz\/n\/wp-content\/uploads\/2023\/11\/11pro-300x79.png\" alt=\"\" width=\"532\" height=\"140\" srcset=\"https:\/\/www.infokuryr.cz\/n\/wp-content\/uploads\/2023\/11\/11pro-300x79.png 300w, https:\/\/www.infokuryr.cz\/n\/wp-content\/uploads\/2023\/11\/11pro.png 363w\" sizes=\"(max-width: 532px) 100vw, 532px\" \/><\/a><\/p>\n<p><span>Tento krok n\u00e1sleduje po neshod\u011b s veden\u00edm OPEC, kter\u00e1 za\u010dala v l\u00e9t\u011b, kdy byla Angola po\u017e\u00e1d\u00e1na, aby sn\u00ed\u017eila svou t\u011b\u017eebn\u00ed kv\u00f3tu pro rok 2024. Na sv\u00e9m posledn\u00edm zased\u00e1n\u00ed minul\u00fd m\u011bs\u00edc OPEC zavedl ni\u017e\u0161\u00ed kv\u00f3tu 1,1 milionu barel\u016f denn\u011b, co\u017e je pod sou\u010dasnou t\u011b\u017ebou zem\u011b. .<\/span><\/p>\n<p><em><span>&#8222;Jako zem\u011b, kdy\u017e se \u00fa\u010dastn\u00edme, je to p\u0159isp\u00edvat a o\u010dek\u00e1vat v\u00fdsledky, kter\u00e9 jsou v souladu s na\u0161imi z\u00e1jmy,&#8220;<\/span><\/em><span>\u00a0\u0159ekl Azevedo, jeho\u017e \u00fa\u0159ad protestoval proti rozhodnut\u00ed OPEC.\u00a0<\/span><em><span>&#8222;Kdy\u017e k tomu nedojde, staneme se nadbyte\u010dn\u00edmi a u\u017e pro n\u00e1s nem\u00e1 smysl z\u016fst\u00e1vat v organizaci.&#8220;<\/span><\/em><\/p>\n<p><span>Angola je po Nig\u00e9rii druh\u00fdm nejv\u011bt\u0161\u00edm producentem ropy v Africe.\u00a0Podle agentury Bloomberg se t\u011b\u017eba ropy Angoly za posledn\u00edch osm let propadla o p\u0159ibli\u017en\u011b 40 % na p\u0159ibli\u017en\u011b 1,14 milionu barel\u016f denn\u011b,\u00a0<\/span><em><span>\u201eproto\u017ee se j\u00ed neda\u0159\u00ed dostate\u010dn\u011b investovat do st\u00e1rnouc\u00edch hlubinn\u00fdch ropn\u00fdch pol\u00ed\u201c.<\/span><\/em><\/p>\n<p><span>N\u011bkolik \u010dlen\u016f OPEC v posledn\u00edch letech skupinu z r\u016fzn\u00fdch d\u016fvod\u016f opustilo, v\u010detn\u011b Kataru, Indon\u00e9sie a Ekv\u00e1doru.<\/span><\/p>\n<p><img decoding=\"async\" loading=\"lazy\" class=\"alignnone size-full wp-image-1185\" src=\"http:\/\/www.infokuryr.cz\/n\/wp-content\/uploads\/2021\/04\/kuryr-podpis.png\" alt=\"\" width=\"84\" height=\"24\" \/><\/p>\n<p>&nbsp;<\/p>\n<p>&nbsp;<\/p>\n","protected":false},"excerpt":{"rendered":"<p>Angola opou\u0161t\u00ed alianci po 16 letech \u010dlenstv\u00ed Angola opou\u0161t\u00ed Organizaci zem\u00ed vyv\u00e1\u017eej\u00edc\u00edch ropu (OPEC), proto\u017ee&#8230;<\/p>\n","protected":false},"author":2,"featured_media":16599,"comment_status":"closed","ping_status":"closed","sticky":false,"template":"","format":"standard","meta":[],"categories":[7],"tags":[6530,831,310],"_links":{"self":[{"href":"https:\/\/www.infokuryr.cz\/n\/wp-json\/wp\/v2\/posts\/43050"}],"collection":[{"href":"https:\/\/www.infokuryr.cz\/n\/wp-json\/wp\/v2\/posts"}],"about":[{"href":"https:\/\/www.infokuryr.cz\/n\/wp-json\/wp\/v2\/types\/post"}],"author":[{"embeddable":true,"href":"https:\/\/www.infokuryr.cz\/n\/wp-json\/wp\/v2\/users\/2"}],"replies":[{"embeddable":true,"href":"https:\/\/www.infokuryr.cz\/n\/wp-json\/wp\/v2\/comments?post=43050"}],"version-history":[{"count":0,"href":"https:\/\/www.infokuryr.cz\/n\/wp-json\/wp\/v2\/posts\/43050\/revisions"}],"wp:featuredmedia":[{"embeddable":true,"href":"https:\/\/www.infokuryr.cz\/n\/wp-json\/wp\/v2\/media\/16599"}],"wp:attachment":[{"href":"https:\/\/www.infokuryr.cz\/n\/wp-json\/wp\/v2\/media?parent=43050"}],"wp:term":[{"taxonomy":"category","embeddable":true,"href":"https:\/\/www.infokuryr.cz\/n\/wp-json\/wp\/v2\/categories?post=43050"},{"taxonomy":"post_tag","embeddable":true,"href":"https:\/\/www.infokuryr.cz\/n\/wp-json\/wp\/v2\/tags?post=43050"}],"curies":[{"name":"wp","href":"https:\/\/api.w.org\/{rel}","templated":true}]}}