{"id":43049,"date":"2023-12-22T00:48:05","date_gmt":"2023-12-21T23:48:05","guid":{"rendered":"http:\/\/www.infokuryr.cz\/n\/?p=43049"},"modified":"2023-12-21T18:08:25","modified_gmt":"2023-12-21T17:08:25","slug":"ukrajine-dochazi-tankove-posadky","status":"publish","type":"post","link":"https:\/\/www.infokuryr.cz\/n\/2023\/12\/22\/ukrajine-dochazi-tankove-posadky\/","title":{"rendered":"Ukrajin\u011b doch\u00e1z\u00ed tankov\u00e9 pos\u00e1dky"},"content":{"rendered":"<div id=\"fb-root\"><\/div>\n<p><span style=\"font-size: 18pt;\"><strong>K v\u00fdcviku v provozu tank\u016f Leopard 2 se hl\u00e1s\u00ed m\u00e9n\u011b lid\u00ed, hl\u00e1s\u00ed n\u011bmeck\u00fd list<\/strong><\/span><\/p>\n<p><span>Ukrajinsk\u00e9 ozbrojen\u00e9 s\u00edly \u00fadajn\u011b poci\u0165uj\u00ed nedostatek person\u00e1lu pro v\u00fdcvik v provozu tank\u016f Leopard 2, uv\u00e1d\u00ed zpr\u00e1va novin\u00e1\u0159e Die Welt v Kyjev\u011b Paula Ronzheimera.<\/span><\/p>\n<p><span>Vypl\u00fdv\u00e1 to z \u00fatern\u00edho ozn\u00e1men\u00ed ukrajinsk\u00e9ho prezidenta Vladimira Zelensk\u00e9ho, \u017ee gener\u00e1ln\u00ed \u0161t\u00e1b ozbrojen\u00fdch sil Ukrajiny po\u017e\u00e1dal o mobilizaci dal\u0161\u00edch 450 000 a\u017e 500 000 lid\u00ed.\u00a0N\u011bkte\u0159\u00ed z\u00e1konod\u00e1rci dokonce navrhli navrhnout \u017eeny, pokud to bude pova\u017eovat za nutn\u00e9.<\/span><\/p>\n<p><span>Kyjevsk\u00e9 s\u00edly utrp\u011bly t\u011b\u017ek\u00e9 ztr\u00e1ty b\u011bhem prob\u00edhaj\u00edc\u00ed ukrajinsk\u00e9 protiofenz\u00edvy, p\u0159i\u010dem\u017e rusk\u00e9 ministerstvo obrany za\u010d\u00e1tkem tohoto t\u00fddne odhalilo, \u017ee ukrajinsk\u00e1 arm\u00e1da ztratila od \u00fanora 2022 t\u00e9m\u011b\u0159 400 000 voj\u00e1k\u016f.<\/span><\/p>\n<p><span>Ronzheimer ve sv\u00e9 zpr\u00e1v\u011b poznamenal, \u017ee pl\u00e1ny Kyjeva na mobilizaci p\u016fl milionu lid\u00ed zp\u016fsobily mezi Ukrajinci\u00a0<\/span><em><span>\u201e\u0161ok\u201c<\/span><\/em><span>\u00a0a uk\u00e1zaly, jak\u00a0<\/span><em><span>\u201eobt\u00ed\u017en\u00e1 je situace pro Ukrajinu\u201c.<\/span><\/em><\/p>\n<p><a href=\"https:\/\/stranapro.cz\/\"><img decoding=\"async\" loading=\"lazy\" class=\"alignnone  wp-image-40285 aligncenter\" src=\"http:\/\/www.infokuryr.cz\/n\/wp-content\/uploads\/2023\/11\/11pro-300x79.png\" alt=\"\" width=\"627\" height=\"165\" srcset=\"https:\/\/www.infokuryr.cz\/n\/wp-content\/uploads\/2023\/11\/11pro-300x79.png 300w, https:\/\/www.infokuryr.cz\/n\/wp-content\/uploads\/2023\/11\/11pro.png 363w\" sizes=\"(max-width: 627px) 100vw, 627px\" \/><\/a><\/p>\n<p><span>Novin\u00e1\u0159 poznamenal, \u017ee nedostatek voj\u00e1k\u016f na Ukrajin\u011b a pot\u00ed\u017ee s mobilizac\u00ed dal\u0161\u00edch sil jsou probl\u00e9my, kter\u00e9 existuj\u00ed ji\u017e dlouhou dobu.\u00a0Jako jeden p\u0159\u00edklad t\u011bchto dlouhodob\u00fdch probl\u00e9m\u016f Ronzheimer pouk\u00e1zal na to, \u017ee v\u00fdcvikov\u00e1 st\u0159ediska v N\u011bmecku pro v\u00fduku ukrajinsk\u00fdch voj\u00e1k\u016f ovl\u00e1dat tanky Leopard 2 v sou\u010dasnosti funguj\u00ed na polovi\u010dn\u00ed kapacitu.<\/span><\/p>\n<p><em><span>\u201eTo znamen\u00e1, \u017ee v tuto chv\u00edli nen\u00ed dostatek lid\u00ed na v\u00fdcvik, a pokud tato v\u00e1lka bude trvat d\u00e9le, p\u0159irozen\u011b to zp\u016fsob\u00ed probl\u00e9my.\u00a0Proto\u017ee nakonec v\u0161e z\u00e1vis\u00ed na tom, kolik voj\u00e1k\u016f m\u00e1 ka\u017ed\u00e1 strana k dispozici,\u201c<\/span><\/em><span>\u00a0\u0159ekl Ronzheimer.<\/span><\/p>\n<p><span>Ukrajina od roku 2014 provedla n\u011bkolik vln mobilizace a po zah\u00e1jen\u00ed rusk\u00e9 vojensk\u00e9 operace v zemi v lo\u0148sk\u00e9m roce ofici\u00e1ln\u011b vyhl\u00e1sila stann\u00e9 pr\u00e1vo.\u00a0Snahy Kyjeva o mobilizaci v\u0161ak brzdila rozs\u00e1hl\u00e1 korupce, kter\u00e1 Zelensk\u00e9ho p\u0159im\u011bla v srpnu propustit \u0161\u00e9fy v\u0161ech region\u00e1ln\u00edch odvodn\u00edch kancel\u00e1\u0159\u00ed.<\/span><\/p>\n<p><span>Krom\u011b toho se odhaduje, \u017ee des\u00edtky tis\u00edc nepovolan\u00fdch osob bu\u010f opustily zemi, nebo se ukryly p\u0159ed vojensk\u00fdmi n\u00e1bor\u00e1\u0159i.<\/span><\/p>\n<p><span>V pr\u016fzkumu na Facebooku, kter\u00fd v pond\u011bl\u00ed zve\u0159ejnila ukrajinsk\u00e1 poslankyn\u011b Mariana Bezuglaya, drtiv\u00e1 v\u011bt\u0161ina Ukrajinc\u016f tak\u00e9 uvedla, \u017ee by byli ochotni vzd\u00e1t se sv\u00e9ho ob\u010danstv\u00ed, aby se vyhnuli povol\u00e1n\u00ed do arm\u00e1dy.\u00a0Z p\u0159ibli\u017en\u011b 4 300 mu\u017e\u016f, kte\u0159\u00ed se z\u00fa\u010dastnili pr\u016fzkumu, 73 % uvedlo, \u017ee dr\u017eet si ukrajinsk\u00fd pas nestoj\u00ed za riziko.\u00a0Z 3 800 \u017een, kter\u00e9 odpov\u011bd\u011bly na podobnou ot\u00e1zku, 65 % uvedlo, \u017ee by pro sv\u00e9 ob\u010danstv\u00ed neriskovaly \u017eivot.<\/span><\/p>\n<p><img decoding=\"async\" loading=\"lazy\" class=\"alignnone size-full wp-image-1185\" src=\"http:\/\/www.infokuryr.cz\/n\/wp-content\/uploads\/2021\/04\/kuryr-podpis.png\" alt=\"\" width=\"84\" height=\"24\" \/><\/p>\n<p>&nbsp;<\/p>\n<p>&nbsp;<\/p>\n","protected":false},"excerpt":{"rendered":"<p>K v\u00fdcviku v provozu tank\u016f Leopard 2 se hl\u00e1s\u00ed m\u00e9n\u011b lid\u00ed, hl\u00e1s\u00ed n\u011bmeck\u00fd list Ukrajinsk\u00e9&#8230;<\/p>\n","protected":false},"author":2,"featured_media":32433,"comment_status":"closed","ping_status":"closed","sticky":false,"template":"","format":"standard","meta":[],"categories":[7],"tags":[80,6529,1549,26],"_links":{"self":[{"href":"https:\/\/www.infokuryr.cz\/n\/wp-json\/wp\/v2\/posts\/43049"}],"collection":[{"href":"https:\/\/www.infokuryr.cz\/n\/wp-json\/wp\/v2\/posts"}],"about":[{"href":"https:\/\/www.infokuryr.cz\/n\/wp-json\/wp\/v2\/types\/post"}],"author":[{"embeddable":true,"href":"https:\/\/www.infokuryr.cz\/n\/wp-json\/wp\/v2\/users\/2"}],"replies":[{"embeddable":true,"href":"https:\/\/www.infokuryr.cz\/n\/wp-json\/wp\/v2\/comments?post=43049"}],"version-history":[{"count":0,"href":"https:\/\/www.infokuryr.cz\/n\/wp-json\/wp\/v2\/posts\/43049\/revisions"}],"wp:featuredmedia":[{"embeddable":true,"href":"https:\/\/www.infokuryr.cz\/n\/wp-json\/wp\/v2\/media\/32433"}],"wp:attachment":[{"href":"https:\/\/www.infokuryr.cz\/n\/wp-json\/wp\/v2\/media?parent=43049"}],"wp:term":[{"taxonomy":"category","embeddable":true,"href":"https:\/\/www.infokuryr.cz\/n\/wp-json\/wp\/v2\/categories?post=43049"},{"taxonomy":"post_tag","embeddable":true,"href":"https:\/\/www.infokuryr.cz\/n\/wp-json\/wp\/v2\/tags?post=43049"}],"curies":[{"name":"wp","href":"https:\/\/api.w.org\/{rel}","templated":true}]}}