{"id":43047,"date":"2023-12-22T00:47:32","date_gmt":"2023-12-21T23:47:32","guid":{"rendered":"http:\/\/www.infokuryr.cz\/n\/?p=43047"},"modified":"2023-12-21T18:03:30","modified_gmt":"2023-12-21T17:03:30","slug":"irsko-zahaji-rizeni-o-lidskych-pravech-proti-velke-britanii","status":"publish","type":"post","link":"https:\/\/www.infokuryr.cz\/n\/2023\/12\/22\/irsko-zahaji-rizeni-o-lidskych-pravech-proti-velke-britanii\/","title":{"rendered":"Irsko zah\u00e1j\u00ed \u0159\u00edzen\u00ed o lidsk\u00fdch pr\u00e1vech proti Velk\u00e9 Brit\u00e1nii"},"content":{"rendered":"<div id=\"fb-root\"><\/div>\n<p><span style=\"font-size: 18pt;\"><strong>Dublin podnik\u00e1 kroky kv\u016fli z\u00e1konu, kter\u00fd potenci\u00e1ln\u011b poskytuje imunitu za zlo\u010diny sp\u00e1chan\u00e9 b\u011bhem \u201eTroubles\u201c v Severn\u00edm Irsku<\/strong><\/span><\/p>\n<p><span>Irsk\u00e1 vl\u00e1da podnik\u00e1 pr\u00e1vn\u00ed kroky proti Spojen\u00e9mu kr\u00e1lovstv\u00ed kv\u016fli kontroverzn\u00edmu z\u00e1konu, kter\u00fd zastavuje nov\u00e9 vy\u0161et\u0159ov\u00e1n\u00ed zlo\u010din\u016f sp\u00e1chan\u00fdch b\u011bhem desetilet\u00ed trvaj\u00edc\u00edho konfliktu v Severn\u00edm Irsku a potenci\u00e1ln\u011b poskytuje pachatel\u016fm imunitu.<\/span><\/p>\n<p><span>Irsk\u00fd Taoiseach (premi\u00e9r) Leo Varadkar tento krok ozn\u00e1mil ve st\u0159edu s t\u00edm, \u017ee mezist\u00e1tn\u00ed p\u0159\u00edpad bude p\u0159edlo\u017een Evropsk\u00e9mu soudu pro lidsk\u00e1 pr\u00e1va ve \u0160trasburku ve Francii.<\/span><\/p>\n<p><span>P\u0159\u00edpad se t\u00fdk\u00e1 z\u00e1kona o probl\u00e9mech Severn\u00edho Irska (Legacy and Reconciliation), kter\u00fd ve Spojen\u00e9m kr\u00e1lovstv\u00ed vstoupil v platnost v z\u00e1\u0159\u00ed.\u00a0Legislativa se vztahuje na zlo\u010diny sp\u00e1chan\u00e9 b\u011bhem n\u00e1siln\u00e9ho konfliktu v Severn\u00edm Irsku v letech 1966 a\u017e 1998, zn\u00e1m\u00e9ho jako\u00a0<\/span><em><span>\u201eTroubles\u201c.<\/span><\/em><\/p>\n<p><span>Podle z\u00e1kona budou v\u0161echny takov\u00e9 p\u0159\u00edpady m\u00edsto policie vy\u0161et\u0159ovat Nez\u00e1visl\u00e1 komise pro usm\u00ed\u0159en\u00ed a obnovu informac\u00ed (ICRIR) a pachatel\u016fm m\u016f\u017ee b\u00fdt ud\u011blena imunita, pokud souhlas\u00ed s poskytnut\u00edm sv\u011bdectv\u00ed.<\/span><\/p>\n<p><span>Irsk\u00e1 vl\u00e1da se\u00a0<\/span><em><span>\u201eob\u00e1v\u00e1\u201c<\/span><\/em><span>\u00a0, \u017ee n\u011bkter\u00e1 ustanoven\u00ed z\u00e1kona\u00a0<\/span><em><span>\u201euzav\u0159e st\u00e1vaj\u00edc\u00ed cesty k pravd\u011b a spravedlnosti pro historick\u00e9 p\u0159\u00edpady, v\u010detn\u011b vy\u0161et\u0159ov\u00e1n\u00ed, policejn\u00edho vy\u0161et\u0159ov\u00e1n\u00ed, vy\u0161et\u0159ov\u00e1n\u00ed policejn\u00edho ombudsmana a ob\u010danskopr\u00e1vn\u00edch \u017ealob,\u201c<\/span><\/em><span>\u00a0uvedl ve st\u0159edu vicepremi\u00e9r Micheal Martin.<\/span><\/p>\n<p><a href=\"https:\/\/stranapro.cz\/\"><img decoding=\"async\" loading=\"lazy\" class=\"alignnone  wp-image-40285 aligncenter\" src=\"http:\/\/www.infokuryr.cz\/n\/wp-content\/uploads\/2023\/11\/11pro-300x79.png\" alt=\"\" width=\"592\" height=\"156\" srcset=\"https:\/\/www.infokuryr.cz\/n\/wp-content\/uploads\/2023\/11\/11pro-300x79.png 300w, https:\/\/www.infokuryr.cz\/n\/wp-content\/uploads\/2023\/11\/11pro.png 363w\" sizes=\"(max-width: 592px) 100vw, 592px\" \/><\/a><\/p>\n<p><span>Uvedl tak\u00e9, \u017ee proti legislativ\u011b nesouhlas\u00ed mnoho lid\u00ed v Severn\u00edm Irsku,\u00a0<\/span><em><span>\u201ezejm\u00e9na ob\u011bti a rodiny, kter\u00e9 budou nejv\u00edce zasa\u017eeny\u201c.<\/span><\/em><\/p>\n<p><em><span>\u201eBritsk\u00e1 vl\u00e1da odstranila politickou mo\u017enost a ponechala n\u00e1m pouze tuto pr\u00e1vn\u00ed cestu,\u201c<\/span><\/em><span>\u00a0dodal Martin a trval na tom, \u017ee vyu\u017eil\u00a0<\/span><em><span>\u201eka\u017ed\u00e9 p\u0159\u00edle\u017eitosti\u201c<\/span><\/em><span>\u00a0, aby p\u0159im\u011bl Spojen\u00e9 kr\u00e1lovstv\u00ed k pozastaven\u00ed legislativy.<\/span><\/p>\n<p><span>Britsk\u00fd ministr zahrani\u010d\u00ed pro Severn\u00ed Irsko Chris Heaton-Harris v reakci uvedl, \u017ee vl\u00e1da Spojen\u00e9ho kr\u00e1lovstv\u00ed\u00a0<\/span><em><span>\u201ehluboce lituje\u201c<\/span><\/em><span>\u00a0rozhodnut\u00ed Dublinu a ozna\u010dila pr\u00e1vn\u00ed p\u0159\u00edpad za\u00a0<\/span><em><span>\u201ezbyte\u010dn\u00fd\u201c.\u00a0<\/span><\/em><span>Zd\u016fraznil, \u017ee z\u00e1kon Legacy Act je navr\u017een tak,\u00a0<\/span><em><span>aby \u201ev\u00edce ob\u011btem a p\u0159e\u017eiv\u0161\u00edm umo\u017enil z\u00edskat v\u00edce informac\u00ed rychleji, ne\u017e je mo\u017en\u00e9 dos\u00e1hnout pomoc\u00ed sou\u010dasn\u00fdch mechanism\u016f d\u011bdictv\u00ed\u201c.<\/span><\/em><\/p>\n<p><span>Z\u00e1kon Troubles Legacy Act byl\u00a0<\/span><em><span>\u201edrtivou v\u011bt\u0161inou odm\u00edtnut\u201c<\/span><\/em><span>\u00a0\u0159adou lidskopr\u00e1vn\u00edch skupin i ob\u011bt\u00ed konfliktu v Severn\u00edm Irsku, uvedla ve st\u0159edu Amnesty International.\u00a0Z\u00e1stupkyn\u011b britsk\u00e9ho \u0159editele pro Severn\u00ed Irsko Grainne Teggartov\u00e1 uvedla, \u017ee rozhodnut\u00ed Dublinu v\u00edt\u00e1.\u00a0Tvrdilo, \u017ee Spojen\u00e9 kr\u00e1lovstv\u00ed\u00a0<\/span><em><span>\u201etvrd\u011b prosazovalo\u201c<\/span><\/em><span>\u00a0legislativu, kter\u00e1\u00a0<\/span><em><span>\u201e\u0161t\u00edt\u00ed pachatele v\u00e1\u017en\u00e9ho poru\u0161ov\u00e1n\u00ed lidsk\u00fdch pr\u00e1v p\u0159ed t\u00edm, aby byli pohn\u00e1ni k odpov\u011bdnosti\u201c.<\/span><\/em><\/p>\n<p><span>The Troubles byl n\u00e1siln\u00fd konflikt v Severn\u00edm Irsku mezi protestantsk\u00fdmi unionisty, kte\u0159\u00ed cht\u011bli, aby region z\u016fstal sou\u010d\u00e1st\u00ed Spojen\u00e9ho kr\u00e1lovstv\u00ed, a \u0159\u00edmskokatolick\u00fdmi nacionalisty, kte\u0159\u00ed cht\u011bli, aby se p\u0159ipojilo k Irsk\u00e9 republice.\u00a0Podle r\u016fzn\u00fdch odhad\u016f bylo zabito v\u00edce ne\u017e 3 600 lid\u00ed a 30 000 a\u017e 50 000 zran\u011bno.<\/span><\/p>\n<p><img decoding=\"async\" loading=\"lazy\" class=\"alignnone size-full wp-image-1185\" src=\"http:\/\/www.infokuryr.cz\/n\/wp-content\/uploads\/2021\/04\/kuryr-podpis.png\" alt=\"\" width=\"84\" height=\"24\" \/><\/p>\n<p>&nbsp;<\/p>\n","protected":false},"excerpt":{"rendered":"<p>Dublin podnik\u00e1 kroky kv\u016fli z\u00e1konu, kter\u00fd potenci\u00e1ln\u011b poskytuje imunitu za zlo\u010diny sp\u00e1chan\u00e9 b\u011bhem \u201eTroubles\u201c v&#8230;<\/p>\n","protected":false},"author":2,"featured_media":43048,"comment_status":"closed","ping_status":"closed","sticky":false,"template":"","format":"standard","meta":[],"categories":[7],"tags":[1414,144,303],"_links":{"self":[{"href":"https:\/\/www.infokuryr.cz\/n\/wp-json\/wp\/v2\/posts\/43047"}],"collection":[{"href":"https:\/\/www.infokuryr.cz\/n\/wp-json\/wp\/v2\/posts"}],"about":[{"href":"https:\/\/www.infokuryr.cz\/n\/wp-json\/wp\/v2\/types\/post"}],"author":[{"embeddable":true,"href":"https:\/\/www.infokuryr.cz\/n\/wp-json\/wp\/v2\/users\/2"}],"replies":[{"embeddable":true,"href":"https:\/\/www.infokuryr.cz\/n\/wp-json\/wp\/v2\/comments?post=43047"}],"version-history":[{"count":0,"href":"https:\/\/www.infokuryr.cz\/n\/wp-json\/wp\/v2\/posts\/43047\/revisions"}],"wp:featuredmedia":[{"embeddable":true,"href":"https:\/\/www.infokuryr.cz\/n\/wp-json\/wp\/v2\/media\/43048"}],"wp:attachment":[{"href":"https:\/\/www.infokuryr.cz\/n\/wp-json\/wp\/v2\/media?parent=43047"}],"wp:term":[{"taxonomy":"category","embeddable":true,"href":"https:\/\/www.infokuryr.cz\/n\/wp-json\/wp\/v2\/categories?post=43047"},{"taxonomy":"post_tag","embeddable":true,"href":"https:\/\/www.infokuryr.cz\/n\/wp-json\/wp\/v2\/tags?post=43047"}],"curies":[{"name":"wp","href":"https:\/\/api.w.org\/{rel}","templated":true}]}}