{"id":42986,"date":"2023-12-21T00:21:01","date_gmt":"2023-12-20T23:21:01","guid":{"rendered":"http:\/\/www.infokuryr.cz\/n\/?p=42986"},"modified":"2023-12-21T06:47:29","modified_gmt":"2023-12-21T05:47:29","slug":"brana-slz-na-rudem-mori-jako-vzdy-na-to-doplaceji-eurovazalove-strycka-sama","status":"publish","type":"post","link":"https:\/\/www.infokuryr.cz\/n\/2023\/12\/21\/brana-slz-na-rudem-mori-jako-vzdy-na-to-doplaceji-eurovazalove-strycka-sama\/","title":{"rendered":"Br\u00e1na slz na Rud\u00e9m mo\u0159i&#8230; Jako v\u017edy na to dopl\u00e1cej\u00ed eurovazalov\u00e9 str\u00fd\u010dka Sama"},"content":{"rendered":"<div id=\"fb-root\"><\/div>\n<div class=\"elementor-element elementor-element-1fb4c2c elementor-widget elementor-widget-theme-post-content\" data-id=\"1fb4c2c\" data-element_type=\"widget\" data-widget_type=\"theme-post-content.default\">\n<div class=\"elementor-widget-container\">\n<p>Velk\u00e9 evropsk\u00e9 st\u00e1ty kone\u010dn\u011b volaj\u00ed po p\u0159\u00edm\u011b\u0159\u00ed za izraelskou genocidu v Gaze.\u00a0Pro\u010d to trvalo tak dlouho?<\/p>\n<p>Hlavn\u00ed evropsk\u00e9 st\u00e1ty kone\u010dn\u011b \u2013 kone\u010dn\u011b \u2013 volaj\u00ed po p\u0159\u00edm\u011b\u0159\u00ed izraelsk\u00e9 genocidy v Gaze.\u00a0Pro\u010d to trvalo tak dlouho?<\/p>\n<p>Po\u017eadavek je st\u00e1le \u017ealostn\u011b nedostate\u010dn\u00fd a zdaleka nedosahuje v\u00fdzvy Izraele, aby ukon\u010dil sv\u00e9 neomezen\u00e9 vra\u017ed\u011bn\u00ed Palestinc\u016f, z nich\u017e 20 000 bylo zabito b\u011bhem v\u00edce ne\u017e 70 dn\u016f nel\u00edtostn\u00e9ho bombardov\u00e1n\u00ed.<\/p>\n<p>Nyn\u00ed v\u0161ak Brit\u00e1nie, Francie a N\u011bmecko volaj\u00ed po p\u0159\u00edm\u011b\u0159\u00ed.\u00a0Abych tak \u0159ekl.\u00a0Minist\u0159i zahrani\u010d\u00ed Brit\u00e1nie a N\u011bmecka, David Cameron a Annalena Baerbock, napsali spole\u010dn\u00fd \u010dl\u00e1nek do britsk\u00e9ho Sunday Times, v n\u011bm\u017e uvedli, \u017ee mus\u00ed b\u00fdt \u201etrval\u00e9 p\u0159\u00edm\u011b\u0159\u00ed\u201c, ale dodali, \u017ee ne nyn\u00ed.<\/p>\n<p>Jej\u00ed francouzsk\u00fd prot\u011bj\u0161ek Catherine Colonna byl o n\u011bco p\u0159\u00edm\u011bj\u0161\u00ed.\u00a0B\u011bhem ned\u011bln\u00ed n\u00e1v\u0161t\u011bvy Tel Avivu vyj\u00e1d\u0159ila p\u0159esv\u011bd\u010den\u00ed o nutnosti okam\u017eit\u00e9ho p\u0159\u00edm\u011b\u0159\u00ed.<\/p>\n<p>Pon\u011bkud tvrd\u0161\u00ed postoj Francie p\u0159edznamenala atent\u00e1t na jednoho z jej\u00edch diplomatick\u00fdch zam\u011bstnanc\u016f v P\u00e1smu Gazy o p\u00e1r dn\u00ed d\u0159\u00edve.<\/p>\n<p>Ale navzdory rozho\u0159\u010den\u00ed nad zabit\u00edm byla slova francouzsk\u00e9ho ministra tich\u00e1 a doprov\u00e1zen\u00e1 k\u00fdvnut\u00edm na takzvan\u00e9 pr\u00e1vo Izraele na sebeobranu.\u00a0Kdyby byl zabit\u00fdm diplomatem francouzsk\u00fd ob\u010dan a ne Palestinec pracuj\u00edc\u00ed pro Francii, Pa\u0159\u00ed\u017e by mo\u017en\u00e1 odpov\u011bd\u011bla d\u016frazn\u011bj\u0161\u00edm odsouzen\u00edm.<\/p>\n<p>Jakkoli je evropsk\u00e1 reakce \u017ealostn\u00e1, kdy\u017e dojde na po\u017eadavek, aby Izrael dodr\u017eoval mezin\u00e1rodn\u00ed pr\u00e1vo a ukon\u010dil masakry civilist\u016f, rozd\u00edl oproti postoji USA je markantn\u00ed.\u00a0Ve Washingtonu jsou tak\u00e9 zn\u00e1mky toho, \u017ee mezin\u00e1rodn\u00ed pok\u0159ik nad izraelskou genocidou vyv\u00edj\u00ed tlak vol\u00e1n\u00edm po \u201eum\u00edrn\u011bnosti\u201c.\u00a0Vl\u00e1da americk\u00e9ho prezidenta Joea Bidena ale nad\u00e1le odm\u00edt\u00e1 v\u0161echny v\u00fdzvy k zastaven\u00ed palby a bez v\u00fdhrad pokra\u010duje ve vyzbrojov\u00e1n\u00ed izraelsk\u00e9 vra\u017ed\u00edc\u00ed ma\u0161in\u00e9rie.<\/p>\n<p>Kde je evropsk\u00fd v\u00fdpo\u010det?\u00a0Ostatn\u011b nebyl to jen minul\u00fd t\u00fdden, kdy Evropan\u00e9 volali po p\u0159\u00edm\u011b\u0159\u00ed.\u00a0Brit\u00e1nie a N\u011bmecko se zdr\u017eely hlasov\u00e1n\u00ed na Valn\u00e9m shrom\u00e1\u017ed\u011bn\u00ed OSN po\u017eaduj\u00edc\u00edho p\u0159\u00edm\u011b\u0159\u00ed.\u00a0USA a Izrael hlasovaly proti, 153 zem\u00ed hlasovalo pro.<\/p>\n<p>N\u00e1hl\u00e1 zm\u011bna n\u00e1zoru Evropan\u016f je pravd\u011bpodobn\u011b zp\u016fsobena obavami z ekonomick\u00fdch probl\u00e9m\u016f.<\/p>\n<p>Uzav\u0159en\u00ed rudomo\u0159sk\u00e9 lodn\u00ed trasy, kter\u00e9 provedli Jemenci v solidarit\u011b s Palestinci, za\u010d\u00edn\u00e1 uvalovat zna\u010dn\u00e9 ekonomick\u00e9 n\u00e1klady na glob\u00e1ln\u00ed obchod.\u00a0Jemenci varovali, \u017ee jak\u00e9koli lodi ozna\u010den\u00e9 jako izraelsk\u00e9 nebo spojen\u00e9 s Izraelem nebudou moci proplout.\u00a0Toto riziko odrazuje ve\u0161kerou lodn\u00ed dopravu.<\/p>\n<p>Jemen le\u017e\u00ed na Bab el-Mandeb, 32 kilometr\u016f \u0161irok\u00e9m kan\u00e1lu na ji\u017en\u00edm konci Rud\u00e9ho mo\u0159e, kter\u00fd spojuje Evropu s Asi\u00ed.\u00a0Proplouvaj\u00ed j\u00edm v\u0161echny lod\u011b cestuj\u00edc\u00ed z Asie do Evropy na sv\u00e9 cest\u011b k Suezsk\u00e9mu pr\u016fplavu v Egypt\u011b a odtud do St\u0159edomo\u0159\u00ed a pevninsk\u00e9 Evropy.<\/p>\n<p>Bab el-Mandeb (\u201eBr\u00e1na slz\u201c) je klasick\u00fdm \u00fazk\u00fdm hrdlem.\u00a0Odhaduje se, \u017ee zde je \u0159\u00edzeno 12 procent celosv\u011btov\u00e9 lodn\u00ed dopravy.\u00a0A Jemenci zav\u0159eli br\u00e1nu.<\/p>\n<p>Po jemensk\u00fdch vojensk\u00fdch \u00fatoc\u00edch na n\u011bkolik izraelsk\u00fdch lod\u00ed minul\u00fd t\u00fdden pozastavily \u010dty\u0159i velk\u00e9 mezin\u00e1rodn\u00ed n\u00e1kladn\u00ed spole\u010dnosti sv\u00e9 lod\u011b na trase Rud\u00e9ho mo\u0159e.<\/p>\n<p>V\u0161echny \u010dty\u0159i lodn\u00ed spole\u010dnosti s\u00eddl\u00ed v Evrop\u011b.\u00a0Jedn\u00e1 se o \u0161v\u00fdcarskou spole\u010dnost Mediterranean Shipping Company &#8211; nejv\u011bt\u0161\u00ed na sv\u011bt\u011b &#8211; d\u00e1nsk\u00fd Maersk, n\u011bmeck\u00fd Hapag-Lloyd a francouzskou CMA CGM.<\/p>\n<p><img decoding=\"async\" loading=\"lazy\" class=\" wp-image-40285 aligncenter\" src=\"http:\/\/www.infokuryr.cz\/n\/wp-content\/uploads\/2023\/11\/11pro-300x79.png\" alt=\"\" width=\"630\" height=\"166\" srcset=\"https:\/\/www.infokuryr.cz\/n\/wp-content\/uploads\/2023\/11\/11pro-300x79.png 300w, https:\/\/www.infokuryr.cz\/n\/wp-content\/uploads\/2023\/11\/11pro.png 363w\" sizes=\"(max-width: 630px) 100vw, 630px\" \/><\/p>\n<p>P\u00e1t\u00fdm glob\u00e1ln\u00edm hr\u00e1\u010dem, kter\u00fd ji\u017e nepos\u00edl\u00e1 sv\u00e9 lod\u011b p\u0159es Rud\u00e9 mo\u0159e, je spole\u010dnost Evergreen se s\u00eddlem na Tchaj-wanu.<\/p>\n<p>Britsk\u00e1 ropn\u00e1 a plyn\u00e1rensk\u00e1 spole\u010dnost BP v pond\u011bl\u00ed rovn\u011b\u017e ozn\u00e1mila, \u017ee na\u0159\u00eddila sv\u00fdm tanker\u016fm, aby ji\u017e nejezdily stejnou trasou.<\/p>\n<p>V\u0161echny spole\u010dnosti zd\u016fvod\u0148uj\u00ed sv\u00e9 rozhodnut\u00ed zastavit lodn\u00ed dopravu zhor\u0161uj\u00edc\u00ed se bezpe\u010dnostn\u00ed situac\u00ed.<\/p>\n<p>Uzav\u0159en\u00ed lodi Bab el-Mandeb znamen\u00e1, \u017ee n\u00e1kladn\u00ed lod\u011b budou muset obeplout africk\u00fd kontinent kolem mysu Dobr\u00e9 nad\u011bje na dalek\u00e9m jihu.\u00a0Tato alternativn\u00ed trasa vede k prodlou\u017een\u00ed lodn\u00ed trasy o 6 000 kilometr\u016f a t\u00edm k v\u00fdrazn\u011b vy\u0161\u0161\u00edm p\u0159epravn\u00edm n\u00e1klad\u016fm v d\u016fsledku vy\u0161\u0161\u00ed spot\u0159eby paliva, pobyt\u016f v p\u0159\u00edstavech a logistiky z\u00e1sobov\u00e1n\u00ed.\u00a0Tyto dodate\u010dn\u00e9 n\u00e1klady povedou ke zv\u00fd\u0161en\u00ed spot\u0159ebitelsk\u00e9 inflace a zat\u00ed\u017e\u00ed ji\u017e tak slab\u00e9 evropsk\u00e9 ekonomiky.<\/p>\n<p>Asijsko-evropsk\u00fd obchod je nejv\u00edce ovlivn\u011bn uzav\u0159en\u00edm Rud\u00e9ho mo\u0159e.\u00a0\u010c\u00edna je nejv\u011bt\u0161\u00edm obchodn\u00edm partnerem EU.\u00a0Spojen\u00e9 st\u00e1ty jsou tak\u00e9 ve sv\u00e9m dovozu masivn\u011b z\u00e1visl\u00e9 na \u010c\u00edn\u011b, ale na rozd\u00edl od evropsk\u00fdch ekonomik USA obchoduj\u00ed s Asi\u00ed p\u0159es Tichomo\u0159\u00ed.<\/p>\n<p>Jemenci uvedli, \u017ee budou pokra\u010dovat ve sv\u00fdch akc\u00edch na podporu sv\u00fdch \u201epalestinsk\u00fdch bratr\u016f\u201c, dokud izraelsk\u00fd re\u017eim neukon\u010d\u00ed svou genocidu.<\/p>\n<p>Jemen m\u016f\u017ee b\u00fdt nejchud\u0161\u00ed arabskou zem\u00ed, ale je esem, tla\u010d\u00ed na \u00fazk\u00e9 hrdlo Rud\u00e9ho mo\u0159e, kter\u00e9 by mohlo v\u00e1\u017en\u011b po\u0161kodit izraelskou i evropskou ekonomiku.<\/p>\n<p>To by vysv\u011btlovalo, pro\u010d velk\u00e9 evropsk\u00e9 st\u00e1ty najednou nach\u00e1zej\u00ed hlas, kter\u00fd by vyzval k p\u0159\u00edm\u011b\u0159\u00ed v Gaze.\u00a0Evropan\u00e9 poznamen\u00e1vaj\u00ed, \u017ee jejich ekonomika je v\u00e1\u017en\u011b ohro\u017eena naru\u0161en\u00edm lodn\u00ed dopravy v d\u016fsledku uzav\u0159en\u00ed Rud\u00e9ho mo\u0159e Jemenci.\u00a0P\u0159esto\u017ee Spojen\u00e9 kr\u00e1lovstv\u00ed ji\u017e nen\u00ed \u010dlenem EU, je st\u00e1le siln\u011b z\u00e1visl\u00e9 na obchodu mezi Asi\u00ed a Evropou.<\/p>\n<p>Evropan\u00e9 si op\u011bt mus\u00ed uv\u011bdomit, \u017ee plat\u00ed vysokou cenu za to, \u017ee jsou vazaly USA a neprov\u00e1d\u011bj\u00ed nez\u00e1vislou zahrani\u010dn\u00ed politiku.<\/p>\n<p>Z\u00e1stupn\u00e1 v\u00e1lka USA proti Rusku na Ukrajin\u011b po\u0161kodila Evropu mnohem v\u00edce ne\u017e Ameri\u010dany.\u00a0Evropan\u00e9 otrocky n\u00e1sledovali agresi Washingtonu proti Rusku zaveden\u00edm \u0159ady ekonomick\u00fdch sankc\u00ed a p\u0159eru\u0161en\u00edm \u017eivotn\u011b d\u016fle\u017eit\u00e9ho obchodu s energi\u00ed.\u00a0Zejm\u00e9na n\u011bmeckou ekonomiku po\u0161kodil \u00fabytek rusk\u00e9ho zemn\u00edho plynu, kter\u00fd slou\u017e\u00ed jako palivo pro n\u011bmeck\u00fd pr\u016fmysl.<\/p>\n<p>Evropan\u00e9 tak\u00e9 poslu\u0161n\u011b n\u00e1sledovali americkou politiku, kdy\u017e do\u0161lo k podb\u00edzen\u00ed se Izraeli a poskytov\u00e1n\u00ed politick\u00e9 a diplomatick\u00e9 podpory Tel Avivu pro genocidu v Gaze.\u00a0A stejn\u011b jako v p\u0159\u00edpad\u011b ukrajinsko-rusk\u00e9ho debaklu Evropan\u00e9 nyn\u00ed \u010del\u00ed je\u0161t\u011b z\u00e1va\u017en\u011bj\u0161\u00edm ekonomick\u00fdm d\u016fsledk\u016fm, proto\u017ee Jemenci poci\u0165uj\u00ed \u0161petku zv\u00fd\u0161en\u00fdch n\u00e1klad\u016f na dopravu.<\/p>\n<p>Jak pr\u00fd \u0159ekl star\u00fd v\u00e1le\u010dn\u00fd zlo\u010dinec Henry Kissinger: B\u00fdt nep\u0159\u00edtelem Spojen\u00fdch st\u00e1t\u016f je nebezpe\u010dn\u00e9, ale b\u00fdt spojencem je smrt\u00edc\u00ed.<\/p>\n<p><em>Finian Cunningham<\/em><\/p>\n<\/div>\n<\/div>\n<div class=\"elementor-element elementor-element-8c57238 quelle dc-has-condition dc-condition-empty elementor-widget elementor-widget-heading\" data-id=\"8c57238\" data-element_type=\"widget\" data-widget_type=\"heading.default\">\n<div class=\"elementor-widget-container\">\n<h3 class=\"elementor-heading-title elementor-size-default\"><span style=\"font-size: 10pt;\"><a href=\"https:\/\/strategic-culture.su\/news\/2023\/12\/19\/red-sea-gateway-of-tears-as-usual-uncle-sam-euro-vassals-pay-price\/\" target=\"_blank\" rel=\"nofollow noopener\">ZDROJ<\/a><\/span><\/h3>\n<\/div>\n<\/div>\n","protected":false},"excerpt":{"rendered":"<p>Velk\u00e9 evropsk\u00e9 st\u00e1ty kone\u010dn\u011b volaj\u00ed po p\u0159\u00edm\u011b\u0159\u00ed za izraelskou genocidu v Gaze.\u00a0Pro\u010d to trvalo tak&#8230;<\/p>\n","protected":false},"author":2,"featured_media":40627,"comment_status":"closed","ping_status":"closed","sticky":false,"template":"","format":"standard","meta":[],"categories":[7],"tags":[41,29,6528],"_links":{"self":[{"href":"https:\/\/www.infokuryr.cz\/n\/wp-json\/wp\/v2\/posts\/42986"}],"collection":[{"href":"https:\/\/www.infokuryr.cz\/n\/wp-json\/wp\/v2\/posts"}],"about":[{"href":"https:\/\/www.infokuryr.cz\/n\/wp-json\/wp\/v2\/types\/post"}],"author":[{"embeddable":true,"href":"https:\/\/www.infokuryr.cz\/n\/wp-json\/wp\/v2\/users\/2"}],"replies":[{"embeddable":true,"href":"https:\/\/www.infokuryr.cz\/n\/wp-json\/wp\/v2\/comments?post=42986"}],"version-history":[{"count":0,"href":"https:\/\/www.infokuryr.cz\/n\/wp-json\/wp\/v2\/posts\/42986\/revisions"}],"wp:featuredmedia":[{"embeddable":true,"href":"https:\/\/www.infokuryr.cz\/n\/wp-json\/wp\/v2\/media\/40627"}],"wp:attachment":[{"href":"https:\/\/www.infokuryr.cz\/n\/wp-json\/wp\/v2\/media?parent=42986"}],"wp:term":[{"taxonomy":"category","embeddable":true,"href":"https:\/\/www.infokuryr.cz\/n\/wp-json\/wp\/v2\/categories?post=42986"},{"taxonomy":"post_tag","embeddable":true,"href":"https:\/\/www.infokuryr.cz\/n\/wp-json\/wp\/v2\/tags?post=42986"}],"curies":[{"name":"wp","href":"https:\/\/api.w.org\/{rel}","templated":true}]}}