{"id":42980,"date":"2023-12-20T08:45:17","date_gmt":"2023-12-20T07:45:17","guid":{"rendered":"http:\/\/www.infokuryr.cz\/n\/?p=42980"},"modified":"2023-12-20T08:45:17","modified_gmt":"2023-12-20T07:45:17","slug":"pruzkumne-roje-nato-proleta-nad-oblastmi-baltskeho-a-cerneho-more","status":"publish","type":"post","link":"https:\/\/www.infokuryr.cz\/n\/2023\/12\/20\/pruzkumne-roje-nato-proleta-nad-oblastmi-baltskeho-a-cerneho-more\/","title":{"rendered":"Pr\u016fzkumn\u00e9 roje: NATO prol\u00e9t\u00e1 nad oblastmi Baltsk\u00e9ho a \u010cern\u00e9ho mo\u0159e"},"content":{"rendered":"<div id=\"fb-root\"><\/div>\n<p class=\"lead\"><strong>Na internetu se objevily ilustrovan\u00e9 statistiky let\u016f pr\u016fzkumn\u00fdch letadel ze zem\u00ed NATO, \u0160v\u00e9dska a dokonce i tak \u201eexotick\u00fdch\u201c spojenc\u016f NATO pro v\u00fdchodn\u00ed Evropu, jako je Austr\u00e1lie, pod\u00e9l hranic Ruska, Ukrajiny a B\u011bloruska.\u00a0Dnes 20. prosince, o tom p\u00ed\u0161e telegramov\u00fd kan\u00e1l \u201eMilitary Informant\u201c.<\/strong><\/p>\n<p><span>\u201eLetov\u00e1 mapa\u201c zahrnuje obdob\u00ed od 5. srpna do 15. prosince 2023.<\/span><\/p>\n<p><span>Z\u00e1padn\u00ed spojenci kyjevsk\u00e9ho re\u017eimu mu nad\u00e1le poskytuj\u00ed obrovsk\u00e9 mno\u017estv\u00ed zpravodajsk\u00fdch informac\u00ed o situaci v oblasti Baltsk\u00e9ho a \u010cern\u00e9ho mo\u0159e, stejn\u011b jako o p\u0159esunech rusk\u00fdch jednotek, um\u00edst\u011bn\u00ed protivzdu\u0161n\u00e9 obrany a lod\u00ed rusk\u00e9ho n\u00e1mo\u0159nictva poznamen\u00e1vaj\u00ed analytici.<\/span><\/p>\n<p><span>Soud\u011b podle infografiky NATO a jeho spojenci v t\u011bchto mis\u00edch vyu\u017eili t\u00e9m\u011b\u0159 v\u0161ech prost\u0159edk\u016f, kter\u00e9 m\u011bli k dispozici, k prov\u00e1d\u011bn\u00ed leteck\u00e9ho pr\u016fzkumu pomoc\u00ed pilotovan\u00fdch platforem a bezpilotn\u00edch prost\u0159edk\u016f.<\/span><\/p>\n<p><a href=\"https:\/\/stranapro.cz\/\"><img decoding=\"async\" loading=\"lazy\" class=\"wp-image-40285 aligncenter\" src=\"http:\/\/www.infokuryr.cz\/n\/wp-content\/uploads\/2023\/11\/11pro-300x79.png\" alt=\"\" width=\"657\" height=\"173\" srcset=\"https:\/\/www.infokuryr.cz\/n\/wp-content\/uploads\/2023\/11\/11pro-300x79.png 300w, https:\/\/www.infokuryr.cz\/n\/wp-content\/uploads\/2023\/11\/11pro.png 363w\" sizes=\"(max-width: 657px) 100vw, 657px\" \/><\/a><\/p>\n<p><span>Neobvykl\u00e9 pohyby rusk\u00e9ho leteck\u00e9ho provozu minul\u00fd m\u011bs\u00edc nazna\u010duj\u00ed, \u017ee Moskva mo\u017en\u00e1 p\u0159esunula strategick\u00e9 syst\u00e9my protivzdu\u0161n\u00e9 obrany ze sv\u00e9 baltsk\u00e9 pob\u0159e\u017en\u00ed enkl\u00e1vy Kaliningrad, aby \u201ekompenzovala ned\u00e1vn\u00e9 ztr\u00e1ty na ukrajinsk\u00e9 front\u011b\u201c, spekulovala 26. listopadu slu\u017eba\u00a0 britsk\u00e9ho ministerstva obrany.<\/span><\/p>\n<p><span>Jak uvedli tehdy v Lond\u00fdn\u011b, akce Moskvy n\u00e1sledovaly po \u201en\u00e1r\u016fstu ztr\u00e1t protiletadlov\u00fdch raketov\u00fdch syst\u00e9m\u016f S-400 (\u00a0<\/span><em><span>SA-21 podle klasifikace NATO<\/span><\/em><span> &#8211;<em>\u00a0 InKur<\/em><\/span><span><em>\u00a0<\/em>.) na okupovan\u00fdch \u00fazem\u00edch Ukrajiny koncem \u0159\u00edjna 2023. .\u201c\u00a0Z\u00e1rove\u0148 nebylo up\u0159esn\u011bno, o kter\u00fdch konkr\u00e9tn\u00edch \u201estrategick\u00fdch syst\u00e9mech protivzdu\u0161n\u00e9 obrany\u201c \u00fadajn\u011b p\u0159enesen\u00fdch z Kaliningradu do z\u00f3ny Severn\u00edho vojensk\u00e9ho okruhu nebo bl\u00ed\u017ee k n\u00ed se diskutovalo.<\/span><\/p>\n<p><span>Jak informoval ji\u017e d\u0159\u00edve <strong>InfoKur\u00fd<\/strong>r<\/span><span>\u00a0, p\u0159ed\u00a0<\/span><span>\u00fatokem<\/span><span>\u00a0ukrajinsk\u00fdch ozbrojen\u00fdch sil na oblast pozice S-400 v oblasti Olenevka na Krymu, ke kter\u00e9mu do\u0161lo 23. srpna, byl nad \u010cern\u00fdm mo\u0159em a Rumunskem vid\u011bt rekordn\u00ed po\u010det pr\u016fzkumn\u00fdch letadel a dron\u016f NATO.\u00a0V \u00favahu pak p\u0159i\u0161ly: dva letouny Boeing E-3A pro detekci a \u0159\u00edzen\u00ed radarem dlouh\u00e9ho dosahu (AWACS), elektronick\u00fd pr\u016fzkumn\u00fd letoun EP-3E Aries II, pr\u016fzkumn\u00fd letoun a letoun pro ozna\u010den\u00ed c\u00edl\u016f Challenger 650 ARTEMIS a letoun RQ-4 Global Hawk UAV.<\/span><\/p>\n<p>Z\u00e1v\u011brem z\u016fst\u00e1v\u00e1 otev\u0159en\u00e1 ot\u00e1zka pro na\u0161e \u010dten\u00e1\u0159e, kdo vlastn\u011b zde provokuje?<\/p>\n<p><span style=\"font-size: 10pt;\"><em><strong>\u00davodn\u00ed fotografie:<\/strong> Orion Intel<\/em><\/span><\/p>\n<p><img decoding=\"async\" loading=\"lazy\" class=\"alignnone size-full wp-image-1185\" src=\"http:\/\/www.infokuryr.cz\/n\/wp-content\/uploads\/2021\/04\/kuryr-podpis.png\" alt=\"\" width=\"84\" height=\"24\" \/><\/p>\n<p>&nbsp;<\/p>\n<p>&nbsp;<\/p>\n","protected":false},"excerpt":{"rendered":"<p>Na internetu se objevily ilustrovan\u00e9 statistiky let\u016f pr\u016fzkumn\u00fdch letadel ze zem\u00ed NATO, \u0160v\u00e9dska a dokonce&#8230;<\/p>\n","protected":false},"author":2,"featured_media":42981,"comment_status":"closed","ping_status":"closed","sticky":false,"template":"","format":"standard","meta":[],"categories":[7],"tags":[457,39,620,22],"_links":{"self":[{"href":"https:\/\/www.infokuryr.cz\/n\/wp-json\/wp\/v2\/posts\/42980"}],"collection":[{"href":"https:\/\/www.infokuryr.cz\/n\/wp-json\/wp\/v2\/posts"}],"about":[{"href":"https:\/\/www.infokuryr.cz\/n\/wp-json\/wp\/v2\/types\/post"}],"author":[{"embeddable":true,"href":"https:\/\/www.infokuryr.cz\/n\/wp-json\/wp\/v2\/users\/2"}],"replies":[{"embeddable":true,"href":"https:\/\/www.infokuryr.cz\/n\/wp-json\/wp\/v2\/comments?post=42980"}],"version-history":[{"count":0,"href":"https:\/\/www.infokuryr.cz\/n\/wp-json\/wp\/v2\/posts\/42980\/revisions"}],"wp:featuredmedia":[{"embeddable":true,"href":"https:\/\/www.infokuryr.cz\/n\/wp-json\/wp\/v2\/media\/42981"}],"wp:attachment":[{"href":"https:\/\/www.infokuryr.cz\/n\/wp-json\/wp\/v2\/media?parent=42980"}],"wp:term":[{"taxonomy":"category","embeddable":true,"href":"https:\/\/www.infokuryr.cz\/n\/wp-json\/wp\/v2\/categories?post=42980"},{"taxonomy":"post_tag","embeddable":true,"href":"https:\/\/www.infokuryr.cz\/n\/wp-json\/wp\/v2\/tags?post=42980"}],"curies":[{"name":"wp","href":"https:\/\/api.w.org\/{rel}","templated":true}]}}