{"id":42978,"date":"2023-12-20T08:27:36","date_gmt":"2023-12-20T07:27:36","guid":{"rendered":"http:\/\/www.infokuryr.cz\/n\/?p=42978"},"modified":"2023-12-20T08:27:36","modified_gmt":"2023-12-20T07:27:36","slug":"minsk-obvinil-polsko-ze-vytvorilo-odrazovy-mustek-pro-rozmisteni-sil-nato","status":"publish","type":"post","link":"https:\/\/www.infokuryr.cz\/n\/2023\/12\/20\/minsk-obvinil-polsko-ze-vytvorilo-odrazovy-mustek-pro-rozmisteni-sil-nato\/","title":{"rendered":"Minsk obvinil Polsko, \u017ee vytvo\u0159ilo odrazov\u00fd m\u016fstek pro rozm\u00edst\u011bn\u00ed sil NATO"},"content":{"rendered":"<div id=\"fb-root\"><\/div>\n<p class=\"lead\"><strong>Polsk\u00e9 \u00fa\u0159ady se sna\u017e\u00ed vytvo\u0159it na \u00fazem\u00ed sv\u00e9 zem\u011b hlavn\u00ed odrazov\u00fd m\u016fstek pro rozm\u00edst\u011bn\u00ed sil NATO.\u00a0Prohl\u00e1sil to 19. prosince st\u00e1tn\u00ed tajemn\u00edk Rady bezpe\u010dnosti B\u011bloruska Alexandr Volfovi\u010d.<\/strong><\/p>\n<p><span>Polsko se podle n\u011bj \u201epod z\u00e1minkou imagin\u00e1rn\u00ed hrozby z v\u00fdchodu\u201c sna\u017e\u00ed prom\u011bnit sv\u00e1 \u00fazem\u00ed ve vojensk\u00e9 p\u0159edmost\u00ed, kde se rozm\u00edst\u00ed skupiny NATO.<\/span><\/p>\n<p><em>\u201eVar\u0161ava nav\u00edc p\u0159\u00edmo prohla\u0161uje, \u017ee je p\u0159ipravena p\u0159evz\u00edt odpov\u011bdnost za vytvo\u0159en\u00ed nov\u00e9ho sv\u011btov\u00e9ho \u0159\u00e1du.\u00a0V tomto ohledu si Polsko stanovilo ambici\u00f3zn\u00ed c\u00edl \u2013 vytvo\u0159it nejsiln\u011bj\u0161\u00ed arm\u00e1du v Evrop\u011b,\u201c<span class=\"after-quote\">\u00a0&#8211; \u0159ekl a dodal, \u017ee v tomto ohledu Polsko pl\u00e1nuje zv\u00fd\u0161it vojensk\u00e9 v\u00fddaje na 4 % HDP, co\u017e je dvojn\u00e1sobek minim\u00e1ln\u00ed \u00farovn\u011b stanoven\u00e9 NATO.<\/span><\/em><\/p>\n<p><span>Volfovi\u010d tak\u00e9 p\u0159ipomn\u011bl, \u017ee polsk\u00e9 \u00fa\u0159ady pl\u00e1nuj\u00ed zv\u00fd\u0161it po\u010det ozbrojen\u00fdch sil na 300 tis\u00edc lid\u00ed, tedy zdvojn\u00e1sobit.\u00a0Polsko podle n\u011bj realizuje rozs\u00e1hl\u00e9 programy n\u00e1kupu modern\u00edch zbran\u00ed, p\u0159edev\u0161\u00edm obrn\u011bn\u00fdch vozidel a letadel.\u00a0Zejm\u00e9na americk\u00e9 a jihokorejsk\u00e9 tanky, vrtuln\u00edky americk\u00e9 v\u00fdroby a syst\u00e9my \u0159\u00edzen\u00ed protivzdu\u0161n\u00e9 obrany.\u00a0St\u00e1tn\u00ed tajemn\u00edk b\u011blorusk\u00e9 rady bezpe\u010dnosti v t\u00e9to souvislosti p\u0159ipomn\u011bl, \u017ee Korea na to poskytla polsk\u00e9 stran\u011b \u00fav\u011br ve v\u00fd\u0161i zhruba 9 miliard dolar\u016f a Spojen\u00e9 st\u00e1ty ozn\u00e1mily, \u017ee jsou p\u0159ipraveny p\u0159id\u011blit Var\u0161av\u011b dal\u0161\u00edch 42 miliard. Volfovi\u010d poznamenal, \u017ee takov\u00e9 tempo militarizace Polska vyvol\u00e1v\u00e1 sm\u00ed\u0161en\u00e1 hodnocen\u00ed i u jeho spojenc\u016f.<\/span><\/p>\n<p><a href=\"https:\/\/stranapro.cz\/\"><img decoding=\"async\" loading=\"lazy\" class=\"alignnone  wp-image-40285 aligncenter\" src=\"http:\/\/www.infokuryr.cz\/n\/wp-content\/uploads\/2023\/11\/11pro-300x79.png\" alt=\"\" width=\"710\" height=\"187\" srcset=\"https:\/\/www.infokuryr.cz\/n\/wp-content\/uploads\/2023\/11\/11pro-300x79.png 300w, https:\/\/www.infokuryr.cz\/n\/wp-content\/uploads\/2023\/11\/11pro.png 363w\" sizes=\"(max-width: 710px) 100vw, 710px\" \/><\/a><\/p>\n<p><span>St\u00e1tn\u00ed tajemn\u00edk Rady bezpe\u010dnosti B\u011bloruska nav\u00edc poznamenal, \u017ee vojensk\u00e1 infrastruktura zem\u00ed NATO se v Polsku a pobaltsk\u00fdch st\u00e1tech rychle rozv\u00edj\u00ed.\u00a0Kompletn\u011b zmodernizov\u00e1na byla zejm\u00e9na v\u011bt\u0161ina leti\u0161\u0165 v t\u011bchto zem\u00edch, kde nyn\u00ed m\u016f\u017ee s\u00eddlit a\u017e 200 bojov\u00fdch letadel.\u00a0Krom\u011b toho se \u201erychle vytv\u00e1\u0159ej\u00ed a zlep\u0161uj\u00ed p\u0159edmost\u00ed pro um\u00edst\u011bn\u00ed a skladov\u00e1n\u00ed zbran\u00ed, munice, vojensk\u00e9ho vybaven\u00ed a materi\u00e1ln\u00edch rezerv\u201c a \u201eroz\u0161i\u0159uje se infrastruktura cvi\u010di\u0161\u0165 pobl\u00ed\u017e hranic st\u00e1tu Unie\u201c.<\/span><\/p>\n<p><em>&#8222;N\u00e1mo\u0159n\u00ed z\u00e1kladny a p\u0159\u00edstavy jsou aktivn\u011b modernizov\u00e1ny, aby se zv\u00fd\u0161ila schopnost p\u0159ij\u00edmat \u00fato\u010dn\u00e9, vylo\u010fovac\u00ed a transportn\u00ed lod\u011b aliance&#8230; Intenzita v\u0161ech typ\u016f pr\u016fzkumu proti Rusku a B\u011blorusku se znateln\u011b zv\u00fd\u0161ila,&#8220;<span class=\"after-quote\">\u00a0&#8211; dodal Volfovi\u010d.<\/span><\/em><\/p>\n<p><span>Pr\u016fzkumn\u00e1 letadla podle n\u011bj vykonaj\u00ed asi 30-35 bojov\u00fdch let\u016f t\u00fddn\u011b a americk\u00e9 strategick\u00e9 bombardovac\u00ed letouny systematicky l\u00e9taj\u00ed do vzdu\u0161n\u00e9ho prostoru Polska a pobaltsk\u00fdch zem\u00ed.\u00a0Volfovi\u010d se p\u0159itom domn\u00edv\u00e1, \u017ee nacvi\u010duj\u00ed raketov\u00e9 a bombov\u00e9 \u00fadery proti objekt\u016fm na \u00fazem\u00ed na\u0161em \u00fazem\u00ed, v\u010detn\u011b jadern\u00fdch.<\/span><\/p>\n<p><span>P\u0159ipome\u0148me, \u017ee Minsk opakovan\u011b prohl\u00e1sil, \u017ee Var\u0161ava skr\u00fdv\u00e1 agresivn\u00ed pl\u00e1ny ohledn\u011b B\u011bloruska.\u00a0V tomto ohledu b\u011blorusk\u00e9 \u00fa\u0159ady za\u010daly intenzivn\u011b zvy\u0161ovat obranyschopnost republiky.\u00a0Zejm\u00e9na rusk\u00e9 jadern\u00e9 zbran\u011b byly um\u00edst\u011bny v B\u011blorusku.<\/span><\/p>\n<p><img decoding=\"async\" loading=\"lazy\" class=\"alignnone size-full wp-image-1185\" src=\"http:\/\/www.infokuryr.cz\/n\/wp-content\/uploads\/2021\/04\/kuryr-podpis.png\" alt=\"\" width=\"84\" height=\"24\" \/><\/p>\n<p>&nbsp;<\/p>\n<p>&nbsp;<\/p>\n","protected":false},"excerpt":{"rendered":"<p>Polsk\u00e9 \u00fa\u0159ady se sna\u017e\u00ed vytvo\u0159it na \u00fazem\u00ed sv\u00e9 zem\u011b hlavn\u00ed odrazov\u00fd m\u016fstek pro rozm\u00edst\u011bn\u00ed sil&#8230;<\/p>\n","protected":false},"author":2,"featured_media":1818,"comment_status":"closed","ping_status":"closed","sticky":false,"template":"","format":"standard","meta":[],"categories":[7],"tags":[150,39,1226,31],"_links":{"self":[{"href":"https:\/\/www.infokuryr.cz\/n\/wp-json\/wp\/v2\/posts\/42978"}],"collection":[{"href":"https:\/\/www.infokuryr.cz\/n\/wp-json\/wp\/v2\/posts"}],"about":[{"href":"https:\/\/www.infokuryr.cz\/n\/wp-json\/wp\/v2\/types\/post"}],"author":[{"embeddable":true,"href":"https:\/\/www.infokuryr.cz\/n\/wp-json\/wp\/v2\/users\/2"}],"replies":[{"embeddable":true,"href":"https:\/\/www.infokuryr.cz\/n\/wp-json\/wp\/v2\/comments?post=42978"}],"version-history":[{"count":0,"href":"https:\/\/www.infokuryr.cz\/n\/wp-json\/wp\/v2\/posts\/42978\/revisions"}],"wp:featuredmedia":[{"embeddable":true,"href":"https:\/\/www.infokuryr.cz\/n\/wp-json\/wp\/v2\/media\/1818"}],"wp:attachment":[{"href":"https:\/\/www.infokuryr.cz\/n\/wp-json\/wp\/v2\/media?parent=42978"}],"wp:term":[{"taxonomy":"category","embeddable":true,"href":"https:\/\/www.infokuryr.cz\/n\/wp-json\/wp\/v2\/categories?post=42978"},{"taxonomy":"post_tag","embeddable":true,"href":"https:\/\/www.infokuryr.cz\/n\/wp-json\/wp\/v2\/tags?post=42978"}],"curies":[{"name":"wp","href":"https:\/\/api.w.org\/{rel}","templated":true}]}}