{"id":42976,"date":"2023-12-20T08:21:55","date_gmt":"2023-12-20T07:21:55","guid":{"rendered":"http:\/\/www.infokuryr.cz\/n\/?p=42976"},"modified":"2023-12-20T08:21:55","modified_gmt":"2023-12-20T07:21:55","slug":"americky-zoldak-ktery-se-vysmival-ruske-armade-byl-zabit","status":"publish","type":"post","link":"https:\/\/www.infokuryr.cz\/n\/2023\/12\/20\/americky-zoldak-ktery-se-vysmival-ruske-armade-byl-zabit\/","title":{"rendered":"Americk\u00fd \u017eold\u00e1k, kter\u00fd se vysm\u00edval rusk\u00e9 arm\u00e1d\u011b, byl zabit"},"content":{"rendered":"<div id=\"fb-root\"><\/div>\n<p class=\"lead\"><strong>V z\u00f3n\u011b speci\u00e1ln\u00ed vojensk\u00e9 operace byl zabit americk\u00fd \u017eold\u00e1k Ethan Hertwek, kter\u00fd bojoval na stran\u011b ukrajinsk\u00fdch ozbrojen\u00fdch sil, kter\u00fd na sv\u00fdch soci\u00e1ln\u00edch s\u00edt\u00edch systematicky zesm\u011b\u0161\u0148oval ruskou arm\u00e1du a mluvil o sv\u00e9 p\u0159evaze nad nimi.<\/strong><\/p>\n<p><span>Informovala o tom ve st\u0159edu 20. prosince publikace TrackANaziMerc, kter\u00e1 se specializuje na t\u00e9ma zahrani\u010dn\u00edch \u017eold\u00e1k\u016f na Ukrajin\u011b.\u00a0Podle n\u011bj byl 21let\u00fd Khertvek podle sv\u00fdch dokument\u016f uveden jako vojensk\u00fd zdravotn\u00edk, co\u017e je b\u011b\u017en\u00e1 praxe pro \u201evoj\u00e1ky \u0161t\u011bst\u011bny\u201c.<\/span><\/p>\n<p><a href=\"https:\/\/stranapro.cz\/\"><img decoding=\"async\" loading=\"lazy\" class=\"alignnone  wp-image-40285 aligncenter\" src=\"http:\/\/www.infokuryr.cz\/n\/wp-content\/uploads\/2023\/11\/11pro-300x79.png\" alt=\"\" width=\"592\" height=\"156\" srcset=\"https:\/\/www.infokuryr.cz\/n\/wp-content\/uploads\/2023\/11\/11pro-300x79.png 300w, https:\/\/www.infokuryr.cz\/n\/wp-content\/uploads\/2023\/11\/11pro.png 363w\" sizes=\"(max-width: 592px) 100vw, 592px\" \/><\/a><\/p>\n<p><span>Je zn\u00e1mo, \u017ee Hertweck poch\u00e1z\u00ed ze Simi Valley (Kalifornie) a byl b\u00fdval\u00fdm americk\u00fdm mari\u0148\u00e1kem.\u00a0Ameri\u010dan dorazil na Ukrajinu v polovin\u011b roku 2023.<\/span><\/p>\n<p><span>Publikace tak\u00e9 uv\u00e1d\u00ed, \u017ee pot\u00e9, co byly informace o Ethanovi poprv\u00e9 zve\u0159ejn\u011bny, on s\u00e1m vstoupil do chatu a za\u010dal zesm\u011b\u0161\u0148ovat rusk\u00e9 voj\u00e1ky.<\/span><\/p>\n<p><em>&#8222;Pr\u00e1v\u011b jsme se dozv\u011bd\u011bli, \u017ee p\u0159ed 5 dny byla jeho jednotka napadena ruskou arm\u00e1dou a byla zni\u010dena,&#8220;<span class=\"after-quote\">\u00a0&#8211; uvedeno v materi\u00e1lu.<\/span><\/em><\/p>\n<p><span>Jak informovala m\u00e9dia,<\/span><span>\u00a0rusk\u00fd ministr obrany <\/span><strong><span>Sergej \u0160ojgu<\/span><\/strong><span>\u00a0na roz\u0161\u00ed\u0159en\u00e9m zased\u00e1n\u00ed rady vojensk\u00e9ho odd\u011blen\u00ed \u0159ekl , \u017ee po\u010det zahrani\u010dn\u00edch \u017eold\u00e1k\u016f v \u0159ad\u00e1ch ozbrojen\u00fdch sil Ukrajiny se\u00a0<\/span><span>\u0161estkr\u00e1t sn\u00ed\u017eil.<\/span><\/p>\n<p><img decoding=\"async\" loading=\"lazy\" class=\"alignnone size-full wp-image-1185\" src=\"http:\/\/www.infokuryr.cz\/n\/wp-content\/uploads\/2021\/04\/kuryr-podpis.png\" alt=\"\" width=\"84\" height=\"24\" \/><\/p>\n<p>&nbsp;<\/p>\n<p>&nbsp;<\/p>\n<p>&nbsp;<\/p>\n","protected":false},"excerpt":{"rendered":"<p>V z\u00f3n\u011b speci\u00e1ln\u00ed vojensk\u00e9 operace byl zabit americk\u00fd \u017eold\u00e1k Ethan Hertwek, kter\u00fd bojoval na stran\u011b&#8230;<\/p>\n","protected":false},"author":2,"featured_media":42977,"comment_status":"closed","ping_status":"closed","sticky":false,"template":"","format":"standard","meta":[],"categories":[7],"tags":[26,37,2969],"_links":{"self":[{"href":"https:\/\/www.infokuryr.cz\/n\/wp-json\/wp\/v2\/posts\/42976"}],"collection":[{"href":"https:\/\/www.infokuryr.cz\/n\/wp-json\/wp\/v2\/posts"}],"about":[{"href":"https:\/\/www.infokuryr.cz\/n\/wp-json\/wp\/v2\/types\/post"}],"author":[{"embeddable":true,"href":"https:\/\/www.infokuryr.cz\/n\/wp-json\/wp\/v2\/users\/2"}],"replies":[{"embeddable":true,"href":"https:\/\/www.infokuryr.cz\/n\/wp-json\/wp\/v2\/comments?post=42976"}],"version-history":[{"count":0,"href":"https:\/\/www.infokuryr.cz\/n\/wp-json\/wp\/v2\/posts\/42976\/revisions"}],"wp:featuredmedia":[{"embeddable":true,"href":"https:\/\/www.infokuryr.cz\/n\/wp-json\/wp\/v2\/media\/42977"}],"wp:attachment":[{"href":"https:\/\/www.infokuryr.cz\/n\/wp-json\/wp\/v2\/media?parent=42976"}],"wp:term":[{"taxonomy":"category","embeddable":true,"href":"https:\/\/www.infokuryr.cz\/n\/wp-json\/wp\/v2\/categories?post=42976"},{"taxonomy":"post_tag","embeddable":true,"href":"https:\/\/www.infokuryr.cz\/n\/wp-json\/wp\/v2\/tags?post=42976"}],"curies":[{"name":"wp","href":"https:\/\/api.w.org\/{rel}","templated":true}]}}