{"id":42974,"date":"2023-12-20T08:16:05","date_gmt":"2023-12-20T07:16:05","guid":{"rendered":"http:\/\/www.infokuryr.cz\/n\/?p=42974"},"modified":"2023-12-20T08:16:05","modified_gmt":"2023-12-20T07:16:05","slug":"udajny-valecny-zlocin-eu-stale-nema-seznam-zabitych-v-buci","status":"publish","type":"post","link":"https:\/\/www.infokuryr.cz\/n\/2023\/12\/20\/udajny-valecny-zlocin-eu-stale-nema-seznam-zabitych-v-buci\/","title":{"rendered":"\u00dadajn\u00fd v\u00e1le\u010dn\u00fd zlo\u010din: EU st\u00e1le nem\u00e1 seznam zabit\u00fdch v Bu\u010di"},"content":{"rendered":"<div id=\"fb-root\"><\/div>\n<p><span style=\"font-size: 18pt;\"><strong>Kyjev a Z\u00e1pad obvi\u0148uj\u00ed Rusko z masakru civilist\u016f v Bu\u010di v b\u0159eznu 2022. Ofici\u00e1ln\u00ed vy\u0161et\u0159ov\u00e1n\u00ed ale st\u00e1le nen\u00ed a Kyjev nezve\u0159ejnil ani seznam civilist\u016f \u00fadajn\u011b zavra\u017ed\u011bn\u00fdch Ruskem<\/strong><\/span><\/p>\n<p><span>Za\u010d\u00e1tkem dubna 2022 se objevily zpr\u00e1vy o \u00fadajn\u00e9m masakru v Bu\u010di, co\u017e okam\u017eit\u011b vyvolalo n\u00e1sleduj\u00edc\u00ed ot\u00e1zku: St\u00e1hlo by Rusko sv\u00e9 jednotky, ani\u017e by zakrylo stopy po takov\u00e9m zlo\u010dinu?\u00a0R\u00e1d bych p\u0159ipomn\u011bl, \u017ee ohledn\u011b Bu\u010de je mnoho ot\u00e1zek, proto\u017ee Rusov\u00e9 se tehdy dobrovoln\u011b st\u00e1hli z oblasti Kyjeva a m\u011bli tedy \u010das vz\u00edt t\u011bla\u00a0 sebou nebo je zlikvidovat jin\u00fdm zp\u016fsobem.<\/span><\/p>\n<h3><span style=\"font-size: 18pt;\">Otev\u0159en\u00e9 ot\u00e1zky o Bu\u010di<\/span><\/h3>\n<p><span>Starosta Bu\u010di informoval o rusk\u00e9m sta\u017een\u00ed 31. b\u0159ezna ve vesel\u00e9m videovzkazu, ve kter\u00e9m <strong>ne\u0159ekl ani slovo o masakrech<\/strong>. Teprve 2. dubna vstoupila ukrajinsk\u00e1 arm\u00e1da do Bu\u010de, aby provedla \u201eo\u010distnou operaci\u201c a o\u010distila Bu\u010du od \u201erusk\u00fdch spolupachatel\u016f\u201c. O den pozd\u011bji oblet\u011bly sv\u011bt z\u00e1b\u011bry mrtvol v ulic\u00edch Bu\u010di. Podrobnosti v\u010detn\u011b v\u0161ech tehdy zve\u0159ejn\u011bn\u00fdch vide\u00ed, kter\u00e1 ji\u017e nejsou dostupn\u00e1 online, najdete v <\/span><a href=\"https:\/\/www.anti-spiegel.ru\/2023\/anti-spiegel-tv-14-ueber-die-vorgeschichte-der-eskalation-in-der-ukraine\/\" target=\"_blank\" rel=\"noreferrer noopener\"><span>tomto vyd\u00e1n\u00ed Anti-Spiegel-TV<\/span><\/a><span>\u00a0od 22. minuty .<\/span><\/p>\n<p><span>Rusko n\u00e1sledn\u011b opakovan\u011b vyzvalo k neutr\u00e1ln\u00edmu mezin\u00e1rodn\u00edmu vy\u0161et\u0159ov\u00e1n\u00ed ud\u00e1lost\u00ed v Bu\u010di, k takov\u00e9mu vy\u0161et\u0159ov\u00e1n\u00ed v\u0161ak<strong> dodnes nedo\u0161lo<\/strong>. Rusko tak\u00e9 upozornilo, \u017ee Kyjev ani nezve\u0159ejnil seznam jmen \u00fadajn\u00fdch ob\u011bt\u00ed a nep\u0159edal jej nap\u0159\u00edklad OSN.\u00a0To je zvl\u00e1\u0161tn\u00ed, pot\u00e9, co byla v\u0161echna t\u011bla p\u0159edstavena mezin\u00e1rodn\u00edmu tisku a pokud to byli skute\u010dn\u011b obyvatel\u00e9 Bu\u010de, jejich jm\u00e9na by m\u011bla b\u00fdt zn\u00e1m\u00e1.<\/span><\/p>\n<p><span>Rusk\u00e1 tiskov\u00e1 agentura TASS s odvol\u00e1n\u00edm na zdroj v Bruselu dnes uvedla, \u017ee EU dosud neobdr\u017eela seznam jmen \u00fadajn\u00fdch ob\u011bt\u00ed.\u00a0<\/span><a href=\"https:\/\/tass.ru\/mezhdunarodnaya-panorama\/19578313\" target=\"_blank\" rel=\"noreferrer noopener\"><span>TASS citoval zdroj takto<\/span><\/a><span>\u00a0:<\/span><\/p>\n<p><em>\u201eSt\u00e1le nem\u00e1me \u017e\u00e1dn\u00e9 informace o tom, co se v Bu\u010di skute\u010dn\u011b stalo, i kdy\u017e od t\u00e9 doby uplynulo v\u00edce ne\u017e rok a p\u016fl. Po prvn\u00ed vln\u011b medi\u00e1ln\u00edch zpr\u00e1v se tato ot\u00e1zka v instituc\u00edch EU nikdy neprojedn\u00e1vala.\u00a0Neexistuj\u00ed \u017e\u00e1dn\u00e9 informace o pr\u016fb\u011bhu vy\u0161et\u0159ov\u00e1n\u00ed ani o toto\u017enosti ob\u011bt\u00ed, a\u010dkoli EU povolila vysl\u00e1n\u00ed mise Eurojustu na Ukrajinu v roce 2022 s c\u00edlem usnadnit vy\u0161et\u0159ov\u00e1n\u00ed v\u00e1le\u010dn\u00fdch zlo\u010din\u016f, zejm\u00e9na v Bu\u010de. Tato mise tak\u00e9 neposkytla \u017e\u00e1dn\u00e9 informace.\u00a0Ve\u0161ker\u00e9 informace o t\u011bchto ud\u00e1lostech jsou omezeny na zpr\u00e1vy m\u00e9di\u00ed a ofici\u00e1ln\u00ed prohl\u00e1\u0161en\u00ed z lo\u0148sk\u00e9ho jara.\u201c<\/em><\/p>\n<p><span>TASS se na to pot\u00e9 zeptal mluv\u010d\u00edho Evropsk\u00e9 slu\u017eby pro vn\u011bj\u0161\u00ed \u010dinnost Petera Stana.\u00a0<\/span><a href=\"https:\/\/tass.ru\/mezhdunarodnaya-panorama\/19580991\" target=\"_blank\" rel=\"noreferrer noopener\"><span>Jeho odpov\u011b\u010f byla<\/span><\/a><span> , \u017ee Evropsk\u00e1 slu\u017eba pro vn\u011bj\u0161\u00ed \u010dinnost se nem\u016f\u017ee vyj\u00e1d\u0159it k chyb\u011bj\u00edc\u00edmu seznamu jmen zabit\u00fdch v Bu\u010di, proto\u017ee vy\u0161et\u0159ov\u00e1n\u00ed prob\u00edh\u00e1 a pr\u00e1va ob\u011bt\u00ed mus\u00ed b\u00fdt respektov\u00e1na:<\/span><\/p>\n<p><em>\u201eMasakr st\u00e1le vy\u0161et\u0159uje Mezin\u00e1rodn\u00ed trestn\u00ed soud, Ukrajina a dal\u0161\u00ed, a je obecn\u00fdm pravidlem, \u017ee prob\u00edhaj\u00edc\u00ed vy\u0161et\u0159ov\u00e1n\u00ed nekomentujeme.\u00a0EU podporuje vnitrost\u00e1tn\u00ed a mezin\u00e1rodn\u00ed snahy pohnat odpov\u011bdn\u00e9 osoby k odpov\u011bdnosti.\u00a0Tyto procesy vy\u017eaduj\u00ed soulad s mezin\u00e1rodn\u00edmi procesn\u00edmi standardy a pr\u00e1vy ob\u011bt\u00ed.\u00a0Ve spravedlnosti neexistuj\u00ed \u017e\u00e1dn\u00e9 zkratky, proces mus\u00ed b\u00fdt proveden podle nejvy\u0161\u0161\u00edch standard\u016f a jeho dokon\u010den\u00ed bude n\u011bjakou dobu trvat.\u201c<\/em><\/p>\n<p><span>P\u0159esto\u017ee neexistuje \u017e\u00e1dn\u00e9 mezin\u00e1rodn\u00ed vy\u0161et\u0159ov\u00e1n\u00ed ud\u00e1lost\u00ed v Bu\u010di, pouze zpr\u00e1vy m\u00e9di\u00ed a nepotvrzen\u00e1 obvin\u011bn\u00ed z Kyjeva, z\u00e1padn\u00ed vl\u00e1dy hovo\u0159\u00ed o \u00fadajn\u00e9m rusk\u00e9m v\u00e1le\u010dn\u00e9m zlo\u010dinu jako o prok\u00e1zan\u00e9m faktu. Nap\u0159\u00edklad v N\u011bmecku se dokonce m\u016f\u017eete dostat do trestn\u011bpr\u00e1vn\u00edch probl\u00e9m\u016f, pokud pop\u00edr\u00e1te, \u017ee ud\u00e1losti v Bu\u010de byly rusk\u00fdm v\u00e1le\u010dn\u00fdm zlo\u010dinem (t<em>o sam\u00e9 v \u010cesk\u00e9 republice m\u016f\u017eete j\u00edt k soudu za pop\u00edr\u00e1n\u00ed tohoto \u00fadajn\u00e9ho zlo\u010dinu. Opravdu pikantn\u00ed spravedlnost a soudnictv\u00ed &#8211; pozn. InKur<\/em>).\u00a0<\/span><\/p>\n<h3><span style=\"font-size: 18pt;\">Rusko po\u017eaduje informace o \u201efale\u0161n\u00e9m \u00fatoku\u201c<\/span><\/h3>\n<p><span>Rusk\u00fd ministr zahrani\u010d\u00ed Sergej Lavrov v pond\u011bl\u00ed v rozhovoru pro ruskou televizi First Channel \u0159ekl, \u017ee po ud\u00e1lostech v Bu\u010di Rusko \u010dekalo na zah\u00e1jen\u00ed vy\u0161et\u0159ov\u00e1n\u00ed, aby z\u00edskalo alespo\u0148 seznam jmen mrtv\u00fdch, ale nic se nestalo:<\/span><\/p>\n<p><em>&#8222;\u010cekali jsme na vy\u0161et\u0159ov\u00e1n\u00ed, proto\u017ee zlo\u010din, jako je tento, nem\u016f\u017ee z\u016fstat bez vy\u0161et\u0159ov\u00e1n\u00ed.&#8220;\u00a0Po\u017e\u00e1dali jsme o vy\u0161et\u0159ov\u00e1n\u00ed ty, kte\u0159\u00ed pomohli Ukrajinc\u016fm tato t\u011bla naj\u00edt.\u00a0Nikdo n\u00e1m nic ne\u0159ekl.\u00a0Ji\u017e jsem apeloval na autoritu gener\u00e1ln\u00edho tajemn\u00edka OSN Ant\u00f3nia Guterrese (na zased\u00e1n\u00ed Rady bezpe\u010dnosti OSN v z\u00e1\u0159\u00ed 2022) a po\u017e\u00e1dal jsem ho, aby tuto pravomoc vyu\u017eil alespo\u0148 k z\u00edsk\u00e1n\u00ed jmen t\u011bch, jejich\u017e t\u011bla byla uk\u00e1z\u00e1na v Bu\u010di. Nic nen\u00e1sledovalo.&#8220;<\/em><\/p>\n<p><span>Rusk\u00e9 ministerstvo obrany pop\u00edr\u00e1 obvin\u011bn\u00ed z Kyjeva od t\u00e9 doby, co se objevila.\u00a0Ministerstvo uvedlo, \u017ee rusk\u00e9 s\u00edly ji\u017e zcela opustily Bu\u010du 30. b\u0159ezna a \u017ee \u00fadajn\u00e9 d\u016fkazy o zlo\u010dinech se objevily a\u017e o \u010dty\u0159i dny pozd\u011bji, kdy\u017e do m\u011bsta dorazily ukrajinsk\u00e9 bezpe\u010dnostn\u00ed slu\u017eby. Rusk\u00fd ministr zahrani\u010d\u00ed Sergej Lavrov ozna\u010dil Bu\u010du za \u201efale\u0161n\u00fd \u00fatok\u201c.<\/span><\/p>\n<h3><span style=\"font-size: 18pt;\">Pozad\u00ed ud\u00e1lost\u00ed v Bu\u010di<\/span><\/h3>\n<p><span>V b\u0159eznu 2022 prob\u011bhla m\u00edrov\u00e1 jedn\u00e1n\u00ed mezi Kyjevem a Moskvou, kter\u00e1 se na konci b\u0159ezna 2022 bl\u00ed\u017eila dohod\u011b.\u00a0Kyjev p\u0159edlo\u017eil Moskv\u011b n\u00e1vrh, kter\u00fd byl pro Moskvu p\u0159ijateln\u00fd a kter\u00fd mohl za\u010d\u00e1tkem dubna 2022 ukon\u010dit nep\u0159\u00e1telsk\u00e9 akce pro Ukrajinu za mnohem lep\u0161\u00edch podm\u00ednek, ne\u017e jsou dnes re\u00e1ln\u00e9.\u00a0Nav\u00edc, pokud by tehdy byl m\u00edr, statis\u00edce lid\u00ed, kte\u0159\u00ed zem\u0159eli pot\u00e9, by st\u00e1le mohly b\u00fdt na\u017eivu.<\/span><\/p>\n<p><span>USA v\u0161ak byly proti m\u00edru, proto\u017ee v\u011b\u0159ily, \u017ee by mohly v\u00fdrazn\u011b oslabit Rusko prost\u0159ednictv\u00edm z\u00e1stupn\u00e9 v\u00e1lky.<\/span><\/p>\n<p><span>USA nikdy ne\u0161lo o Ukrajinu, ale sp\u00ed\u0161e o jej\u00ed geostrategick\u00e9 soupe\u0159en\u00ed s Ruskem.\u00a0USA proto na 24. b\u0159ezna 2022 svolaly speci\u00e1ln\u00ed summit NATO, na kter\u00fd americk\u00fd prezident Biden odcestoval speci\u00e1ln\u011b proto, aby \u201enarovnal\u201c evropsk\u00e9 zem\u011b, kter\u00e9 st\u00e1le po\u010d\u00edtaly s m\u00edrov\u00fdm \u0159e\u0161en\u00edm.\u00a0To se tak\u00e9 poda\u0159ilo.<\/span><\/p>\n<p><span>Proto\u017ee se Zelenskij n\u00e1sledn\u011b vyslovil proti pokra\u010dov\u00e1n\u00ed boj\u016f a ve prosp\u011bch vyjednan\u00e9ho \u0159e\u0161en\u00ed, Rusko st\u00e1hlo sv\u00e9 jednotky z oblasti Kyjeva a dal\u0161\u00edch region\u016f (<em>u n\u00e1s prezentov\u00e1no v tisku jako selh\u00e1n\u00ed a neschopnost rusk\u00e9 arm\u00e1dy &#8211; pozn. InKur<\/em>) na znamen\u00ed dobr\u00e9 v\u016fle Kyjevu. Rusk\u00e1 arm\u00e1da opustila Bu\u010du nesporn\u011b 30. b\u0159ezna. Teprve o \u010dty\u0159i dny pozd\u011bji se n\u00e1hle objevily zpr\u00e1vy o \u201emasakru\u201c v Bu\u010di.<\/span><\/p>\n<p><a href=\"https:\/\/stranapro.cz\/\"><img decoding=\"async\" loading=\"lazy\" class=\"alignnone  wp-image-40285 aligncenter\" src=\"http:\/\/www.infokuryr.cz\/n\/wp-content\/uploads\/2023\/11\/11pro-300x79.png\" alt=\"\" width=\"627\" height=\"165\" srcset=\"https:\/\/www.infokuryr.cz\/n\/wp-content\/uploads\/2023\/11\/11pro-300x79.png 300w, https:\/\/www.infokuryr.cz\/n\/wp-content\/uploads\/2023\/11\/11pro.png 363w\" sizes=\"(max-width: 627px) 100vw, 627px\" \/><\/a><\/p>\n<p><span>Britsk\u00fd premi\u00e9r Johnson pot\u00e9 po\u010d\u00e1tkem dubna 2022 nav\u0161t\u00edvil Kyjev a teprve pot\u00e9 Zelenskij zm\u011bnil n\u00e1zor, st\u00e1hl ukrajinsk\u00fd m\u00edrov\u00fd n\u00e1vrh a od t\u00e9 doby se muselo rozhodovat na boji\u0161ti.\u00a0Mnoho lid\u00ed zapojen\u00fdch do jedn\u00e1n\u00ed nyn\u00ed prohl\u00e1silo, \u017ee to byly USA, kdo zabr\u00e1nil podpisu m\u00edrov\u00e9 dohody.\u00a0Z Kyjeva tak\u00e9 bylo hl\u00e1\u0161eno, \u017ee Johnson p\u0159\u00edmo zak\u00e1zal Zelensk\u00e9mu uzav\u0159\u00edt m\u00edrovou dohodu.\u00a0Podrobnosti o tom v\u0161em najdete\u00a0<\/span><a href=\"https:\/\/www.anti-spiegel.ru\/2023\/die-friedensverhandlungen-zwischen-russland-und-der-ukraine-im-maerz-2022\/\" target=\"_blank\" rel=\"noreferrer noopener\"><span>zde<\/span><\/a><span>\u00a0.<\/span><\/p>\n<p><span>Ud\u00e1losti kolem Bu\u010di se st\u00e1vaj\u00ed obzvl\u00e1\u0161t\u011b p\u016fsobiv\u00fdmi p\u0159i pohledu v chronologii ud\u00e1lost\u00ed ukrajinsk\u00e9 krize, a proto zde tuto chronologii znovu uk\u00e1\u017eu.<\/span><\/p>\n<h3><span style=\"font-size: 18pt;\">Chronologie eskalace<\/span><\/h3>\n<p><span>Pokud byste rad\u011bji sledovali tuto chronologii jako video, m\u016f\u017eete tyto informace tak\u00e9 naj\u00edt v\u00a0\u00a0<\/span><a href=\"https:\/\/www.anti-spiegel.ru\/2023\/anti-spiegel-tv-14-ueber-die-vorgeschichte-der-eskalation-in-der-ukraine\/\" target=\"_blank\" rel=\"noreferrer noopener\"><span>tomto programu od Anti-Spiegel-TV<\/span><\/a><span>\u00a0.<\/span><\/p>\n<p><a href=\"https:\/\/www.anti-spiegel.ru\/2019\/nach-dem-normandie-gipfel-wieder-tricksereien-in-kiew\/\" target=\"_blank\" rel=\"noreferrer noopener\"><span>Posledn\u00ed normandsk\u00fd summit<\/span><\/a><span>\u00a0\u00a0se konal\u00a0\u00a0\u00a0v Pa\u0159\u00ed\u017ei\u00a0<strong>na za\u010d\u00e1tku prosince 2019 .\u00a0<\/strong>Zelenskyj se pot\u00e9 vr\u00e1til do Kyjeva a za zav\u0159en\u00fdmi dve\u0159mi ozn\u00e1mil sv\u00fdm lidem, \u017ee minskou dohodu neuplatn\u00ed.\u00a0V\u0161em z\u00fa\u010dastn\u011bn\u00fdm na Ukrajin\u011b bylo jasn\u00e9, \u017ee v\u00e1lka s Ruskem se stala nevyhnutelnou a Kyjev zah\u00e1jil konkr\u00e9tn\u00ed p\u0159\u00edpravy na v\u00e1lku.\u00a0\u0160\u00e9f ukrajinsk\u00e9 bezpe\u010dnostn\u00ed rady Alexej Danilov\u00a0\u00a0<\/span><a href=\"https:\/\/www.anti-spiegel.ru\/2022\/kiew-hat-2019-beschlossen-minsk-ii-nicht-umzusetzen-und-krieg-mit-russland-vorbereitet\/\" target=\"_blank\" rel=\"noreferrer noopener\"><span>to otev\u0159en\u011b \u0159ekl<\/span><\/a><span>\u00a0v rozhovoru v srpnu 2022 \u00a0a Zelenskij to nyn\u00ed potvrdil v rozhovoru pro Spiegel.<\/span><\/p>\n<p><strong><span>V lednu 2021<\/span><\/strong><span>\u00a0\u00a0se americk\u00fdm prezidentem stal Joe Biden.\u00a0Na rozd\u00edl od sv\u00e9ho p\u0159edch\u016fdce Trumpa, kter\u00fd si nep\u0159\u00e1l eskalaci na Ukrajin\u011b, dal Biden Zelensk\u00e9mu zelenou.\u00a0Zelenskyj pak v \u00fanoru 2021 za\u010dal\u00a0\u00a0<\/span><a href=\"https:\/\/www.anti-spiegel.ru\/2021\/wie-die-ukraine-in-kuerzester-zeit-zur-diktatur-absurdistan-geworden-ist\/\" target=\"_blank\" rel=\"noreferrer noopener\"><span>tvrd\u011b zasahovat proti opozici<\/span><\/a><span>\u00a0, na\u010de\u017e byl \u0161\u00e9f nejv\u011bt\u0161\u00ed opozi\u010dn\u00ed strany um\u00edst\u011bn do dom\u00e1c\u00edho v\u011bzen\u00ed a v\u0161echna opozi\u010dn\u00ed m\u00e9dia byla zak\u00e1z\u00e1na.<\/span><\/p>\n<p><strong><span>V b\u0159eznu 2021<\/span><\/strong><span>\u00a0Zelenskyj uvedl v platnost \u00a0novou\u00a0\u00a0<\/span><a href=\"https:\/\/www.president.gov.ua\/documents\/1212021-37661\" target=\"_blank\" rel=\"noreferrer noopener\"><span>ukrajinskou<\/span><\/a><span>\u00a0vojenskou doktr\u00ednu \u00a0, kter\u00e1 stanovila v\u00e1lku s Ruskem s c\u00edlem dob\u00fdt Krym silou a vy\u0159e\u0161it konflikt na Donbasu silou.<\/span><\/p>\n<p><strong><span>V polovin\u011b dubna 2021<\/span><\/strong><span>\u00a0\u00a0Bidenova administrativa ozn\u00e1mila sta\u017een\u00ed z Afgh\u00e1nist\u00e1nu do 11. z\u00e1\u0159\u00ed.<\/span><\/p>\n<p><strong><span>V dubnu a kv\u011btnu 2021<\/span><\/strong><span>\u00a0\u00a0byla Ukrajina na pokraji v\u00e1lky s Ruskem, ale byla op\u011bt povol\u00e1na zp\u011bt ze strany USA.\u00a0Bylo d\u016fvodem to, \u017ee ameri\u010dt\u00ed voj\u00e1ci byli st\u00e1le v Afgh\u00e1nist\u00e1nu, a tud\u00ed\u017e zraniteln\u00ed, nebo to, \u017ee USA nemohly Ukrajinu tak rozs\u00e1hle podporovat, dokud byly st\u00e1le v\u00e1z\u00e1ny v Afgh\u00e1nist\u00e1nu?<\/span><\/p>\n<p><span>\u00a0Summit\u00a0\u00a0<\/span><a href=\"https:\/\/www.anti-spiegel.ru\/2021\/der-komplette-wortlaut-von-bidens-pressekonferenz\/\" target=\"_blank\" rel=\"noreferrer noopener\"><span>mezi prezidenty Putinem a Bidenem se konal\u00a0<\/span><\/a><span><strong>v polovin\u011b \u010dervna 2021<\/strong>\u00a0\u00a0, ale k \u017e\u00e1dn\u00e9mu sbl\u00ed\u017een\u00ed nedo\u0161lo.<\/span><\/p>\n<p><span>\u00a0K urychlen\u00e9mu \u00fat\u011bku jednotek NATO a USA z Afgh\u00e1nist\u00e1nu do\u0161lo\u00a0<strong>v srpnu 2021 .<\/strong><\/span><\/p>\n<p><span>Zat\u00edmco Kyjev\u00a0\u00a0<\/span><strong><span>od konce roku 2021<\/span><\/strong><span>\u00a0\u00a0op\u011bt eskaloval situaci na Donbasu\u00a0 a NATO pod z\u00e1minkou man\u00e9vr\u016f a v\u00fdcvikov\u00fdch mis\u00ed zv\u00fd\u0161ilo svou p\u0159\u00edtomnost voj\u00e1k\u016f na Ukrajin\u011b, N\u011bmecko a Francie\u00a0<a href=\"https:\/\/www.anti-spiegel.ru\/2021\/kein-wort-in-den-medien-der-westen-hat-das-minsker-abkommen-beerdigt\/\" target=\"_blank\" rel=\"noreferrer noopener\">ofici\u00e1ln\u011b poh\u0159bily Minskou dohodu\u00a0<\/a><\/span><strong><span>v listopadu 2021<\/span><\/strong>\u00a0<span> , i kdy\u017e o n\u00ed informovala pozd\u011bji z\u00e1padn\u00ed m\u00e9dia.<\/span><\/p>\n<p><span>Jak Politico informovalo v \u0159\u00edjnu 2022, rusk\u00e9 sankce se ji\u017e\u00a0\u00a0<a href=\"https:\/\/deutsch.rt.com\/international\/150999-sanktionsentscheidung-eu-war-eng-mit\/\" target=\"_blank\" rel=\"noreferrer noopener\">p\u0159ipravovaly<\/a>\u00a0\u00a0v rozhovorech mezi Washingtonem a Bruselem\u00a0 po\u010d\u00ednaje minim\u00e1ln\u011b\u00a0<\/span><strong><span>v listopadu 2021<\/span><\/strong><span>\u00a0.\u00a0To bylo t\u0159i m\u011bs\u00edce p\u0159ed za\u010d\u00e1tkem rusk\u00e9 intervence na Ukrajin\u011b a pr\u00e1v\u011b v dob\u011b, kdy Berl\u00edn a Pa\u0159\u00ed\u017e poh\u0159b\u00edvaly Minskou dohodu.\u00a0Rozhod\u010d\u00edm ve Washingtonu a Bruselu (a pravd\u011bpodobn\u011b i v Berl\u00edn\u011b a Pa\u0159\u00ed\u017ei) bylo z\u0159ejm\u011b jasn\u00e9, \u017ee opu\u0161t\u011bn\u00ed Minsk\u00e9 dohody povede k v\u00e1lce na Ukrajin\u011b, a proto z\u00e1rove\u0148 p\u0159ipravili odpov\u00eddaj\u00edc\u00ed sankce.\u00a0Afgh\u00e1nist\u00e1n byl minulost\u00ed a USA m\u011bly voln\u00e9 ruce pro nov\u00fd konflikt.<\/span><\/p>\n<p><strong><span>V prosinci 2021 Rusko nakonec po\u017eadovalo\u00a0<\/span><\/strong><a href=\"https:\/\/www.anti-spiegel.ru\/2021\/was-russland-den-usa-und-der-nato-als-gegenseitige-sicherheitsgarantien-vorschlaegt\/\" target=\"_blank\" rel=\"noreferrer noopener\"><span>vz\u00e1jemn\u00e9 bezpe\u010dnostn\u00ed z\u00e1ruky<\/span><\/a><span>\u00a0\u00a0od Spojen\u00fdch st\u00e1t\u016f a NATO\u00a0\u00a0\u00a0a sta\u017een\u00ed jednotek NATO z Ukrajiny s t\u00edm, \u017ee v p\u0159\u00edpad\u011b odm\u00edtnut\u00ed vz\u00e1jemn\u00fdch bezpe\u010dnostn\u00edch z\u00e1ruk bude nuceno reagovat \u201evojensky\u201c.\u00a0Bylo tedy jasn\u00e9, \u017ee Rusko na dal\u0161\u00ed snahy o zata\u017een\u00ed Ukrajiny do NATO odpov\u00ed vojensky.\u00a0To byl okam\u017eik, kdy si v\u0161ichni odpov\u011bdn\u00ed politici uv\u011bdomili, \u017ee odm\u00edtnut\u00ed jedn\u00e1n\u00ed s Ruskem by vedlo k v\u00e1lce na Ukrajin\u011b.\u00a0V\u00e1lce a ve\u0161ker\u00e9 b\u00edd\u011b by se dalo p\u0159edej\u00edt, kdyby USA byly ochotny trvale p\u0159ijmout a garantovat Ukrajin\u011b neutr\u00e1ln\u00ed status.<\/span><\/p>\n<p><strong><span>8. ledna 2022<\/span><\/strong><span>\u00a0\u00a0byl Scott Miller jmenov\u00e1n americk\u00fdm velvyslancem ve \u0160v\u00fdcarsku.\u00a0V\u00a0\u00a0<\/span><a href=\"https:\/\/www.rts.ch\/info\/suisse\/13570600-lambassadeur-scott-miller-a-quoi-peuvent-servir-les-munitions-suisses.html\" target=\"_blank\" rel=\"noreferrer noopener\"><span>rozhovoru z listopadu 2022<\/span><\/a><span>\u00a0\u00a0otev\u0159en\u011b \u0159ekl, \u017ee USA\u00a0m\u011bly \u201e\u00a0<\/span><em><span>zpravodajsk\u00e9 informace o invazi \u201c a \u017ee je \u0161v\u00fdcarsk\u00e9 vl\u00e1d\u011b uk\u00e1zal okam\u017eit\u011b, tedy za\u010d\u00e1tkem ledna 2022.\u00a0<\/span><\/em><span>Vzhledem k tomu, \u017ee v t\u00e9 dob\u011b st\u00e1le prob\u00edhaly rozhovory mezi Ruskem a USA o tom, zda budou jedn\u00e1n\u00ed o vz\u00e1jemn\u00fdch bezpe\u010dnostn\u00edch z\u00e1ruk\u00e1ch po\u017eadovan\u00fdch Ruskem, Millerovo prohl\u00e1\u0161en\u00ed ukazuje, \u017ee USA se ji\u017e rozhodly nevstupovat do jedn\u00e1n\u00ed, byly si pln\u011b v\u011bdomy d\u016fsledk\u016f, tj. rusk\u00e9 intervence na Ukrajin\u011b. Miller tak\u00e9 nep\u0159\u00edmo potvrdil zpr\u00e1vu Politico, \u017ee sankce byly vypracov\u00e1ny m\u011bs\u00edce p\u0159edem, co\u017e pozd\u011bji potvrdil kancl\u00e9\u0159 Scholz a dal\u0161\u00ed z\u00e1padn\u00ed politici, kdy\u017e \u0159ekli, \u017ee rusk\u00e9 sankce byly \u201ep\u0159ipravov\u00e1ny dlouho dop\u0159edu\u201c.<\/span><\/p>\n<p><strong><span>Na konci ledna 2022<\/span><\/strong><span>\u00a0\u00a0byl v USA p\u0159edstaven\u00a0\u00a0<\/span><a href=\"https:\/\/www.congress.gov\/bill\/117th-congress\/senate-bill\/3522\/summary\/00\" target=\"_blank\" rel=\"noreferrer noopener\"><span>z\u00e1kon o p\u016fj\u010dce a pron\u00e1jmu pro Ukrajinu<\/span><\/a><span>\u00a0\u00a0, o kter\u00e9m se psalo, kdy\u017e byl p\u0159edlo\u017een Kongresu:<\/span><\/p>\n<p><em>&#8222;Tento n\u00e1vrh z\u00e1kona do\u010dasn\u011b upou\u0161t\u00ed od ur\u010dit\u00fdch po\u017eadavk\u016f souvisej\u00edc\u00edch s prezidentovou pravomoc\u00ed p\u016fj\u010dovat nebo pronaj\u00edmat obrann\u00e9 vybaven\u00ed, pokud je obrann\u00e9 vybaven\u00ed ur\u010deno pro vl\u00e1du Ukrajiny a je nezbytn\u00e9 k ochran\u011b civilist\u016f na Ukrajin\u011b p\u0159ed ruskou vojenskou invaz\u00ed.&#8220;<\/em><\/p>\n<p><span>To op\u011bt potvrzuje, \u017ee USA se ji\u017e p\u0159ipravovaly na v\u00e1lku, p\u0159i\u010dem\u017e ofici\u00e1ln\u011b st\u00e1le mluv\u00ed s Ruskem o mo\u017en\u00fdch jedn\u00e1n\u00edch o vz\u00e1jemn\u00fdch bezpe\u010dnostn\u00edch z\u00e1ruk\u00e1ch, proto\u017ee z\u00e1kon na podporu Ukrajiny proti \u201erusk\u00e9 vojensk\u00e9 invazi\u201c byl p\u0159ijat p\u0159ed m\u011bs\u00edcem, kdy byla zavedena rusk\u00e1 intervence v Kongresu.<\/span><\/p>\n<p><span>T\u00e9m\u011b\u0159 sou\u010dasn\u011b s p\u0159edlo\u017een\u00edm z\u00e1kona odm\u00edtly Spojen\u00e9 st\u00e1ty a NATO\u00a0\u00a0<\/span><strong><span>koncem ledna 2022<\/span><\/strong><span>\u00a0\u00a0navrhovan\u00e1 jedn\u00e1n\u00ed Ruska o vz\u00e1jemn\u00fdch bezpe\u010dnostn\u00edch z\u00e1ruk\u00e1ch .<\/span><\/p>\n<p><strong><span>Dne 19. \u00fanora 2022<\/span><\/strong><span>\u00a0Zelenskyj \u00a0na mnichovsk\u00e9 bezpe\u010dnostn\u00ed konferenci za potlesku vysoce postaven\u00e9ho z\u00e1padn\u00edho publika\u00a0\u00a0<\/span><a href=\"https:\/\/www.anti-spiegel.ru\/2022\/russische-propaganda-oder-wahrheit-hat-selensky-mit-der-atomaren-aufruestung-der-ukraine-gedroht\/\" target=\"_blank\" rel=\"noreferrer noopener\"><span>pohrozil, \u017ee vyzbroj\u00ed Ukrajinu jadern\u00fdmi zbran\u011bmi<\/span><\/a><span>\u00a0.\u00a0To znamenalo, \u017ee rusk\u00e9 intervenci ji\u017e nebylo mo\u017en\u00e9 zabr\u00e1nit, proto\u017ee skute\u010dnost, \u017ee Ukrajina, kter\u00e1 se ve sv\u00e9 vojensk\u00e9 doktr\u00edn\u011b otev\u0159en\u011b p\u0159ipravovala na v\u00e1lku proti Rusku, byla schopna vyzbrojit se jadern\u00fdmi zbran\u011bmi s podporou Z\u00e1padu, byla nep\u0159ijatelnou hrozbou pro Rusko a jeho vlastn\u00ed bezpe\u010dnost.<\/span><\/p>\n<p><strong><span>21. \u00fanora 2022<\/span><\/strong><span>\u00a0\u00a0Putin uznal Donbask\u00e9 republiky a uzav\u0159el s nimi dohody o pomoci.\u00a0Putin ve sv\u00e9m\u00a0\u00a0<\/span><a href=\"https:\/\/www.anti-spiegel.ru\/2022\/praesident-putins-komplette-rede-an-die-nation-im-wortlaut\/\" target=\"_blank\" rel=\"noreferrer noopener\"><span>projevu<\/span><\/a><span>\u00a0\u00a0jasn\u011b varoval Kyjev p\u0159ed d\u016fsledky dal\u0161\u00ed eskalace.\u00a0Kyjev pak demonstrativn\u011b zv\u00fd\u0161il ost\u0159elov\u00e1n\u00ed civiln\u00edch c\u00edl\u016f na Donbasu.<\/span><\/p>\n<p><strong><span>24. \u00fanora\u00a0<\/span><\/strong>\u00a0<strong><span>2022<\/span><\/strong><span>\u00a0Putin \u00a0v dal\u0161\u00edm\u00a0\u00a0<\/span><a href=\"https:\/\/www.anti-spiegel.ru\/2022\/putins-komplette-rede-an-das-russische-volk-zum-beginn-der-militaeroperation\/\" target=\"_blank\" rel=\"noreferrer noopener\"><span>projevu<\/span><\/a><span>\u00a0\u00a0ozn\u00e1mil zah\u00e1jen\u00ed rusk\u00e9 vojensk\u00e9 operace na Ukrajin\u011b .<\/span><\/p>\n<p><strong><span>Dne 29. b\u0159ezna 2022<\/span><\/strong><span>\u00a0\u00a0do\u0161lo\u00a0\u00a0<\/span><a href=\"https:\/\/www.anti-spiegel.ru\/2022\/der-stand-der-verhandlungen-zwischen-russland-und-der-ukraine\/\" target=\"_blank\" rel=\"noreferrer noopener\"><span>mezi Kyjevem a Moskvou<\/span><\/a><span>\u00a0\u00a0k jedn\u00e1n\u00ed o p\u0159\u00edm\u011b\u0159\u00ed.\u00a0S\u00e1m Kyjev\u00a0\u00a0<\/span><a href=\"https:\/\/www.anti-spiegel.ru\/2023\/putin-zeigt-bisher-geheimes-dokument-ueber-die-verhandlungen-im-maerz-2022\/\" target=\"_blank\" rel=\"noreferrer noopener\"><span>navrhoval<\/span><\/a><span>\u00a0uznat Krym jako rusk\u00fd a naj\u00edt vyjednan\u00e9 \u0159e\u0161en\u00ed pro Donbas.\u00a0Kyjev nav\u00edc souhlasil, \u017ee nebude ve sv\u00e9 zemi rozmis\u0165ovat ciz\u00ed jednotky a nestane se \u010dlenem NATO.\u00a0Vstup Ukrajiny do EU v\u0161ak byl mo\u017en\u00fd.\u00a0Rusko nav\u00edc na znamen\u00ed dobr\u00e9 v\u016fle prohl\u00e1silo, \u017ee st\u00e1hne sv\u00e9 jednotky z oblasti Kyjeva, co\u017e z\u00e1padn\u00ed m\u00e9dia okam\u017eit\u011b znovu prohl\u00e1sila za vojenskou por\u00e1\u017eku Ruska, i kdy\u017e rusk\u00fd sta\u017een\u00ed prob\u011bhl bez bojov\u00fdch operac\u00ed.<\/span><\/p>\n<p><strong><span>3. dubna 2022<\/span><\/strong><span>\u00a0\u00a0se objevily zpr\u00e1vy o \u00fadajn\u00fdch masakrech rusk\u00e9 arm\u00e1dy v Bu\u010di, ale rychle se\u00a0\u00a0<\/span><a href=\"https:\/\/www.anti-spiegel.ru\/2022\/weitere-videos-beweisen-beim-abzug-der-russischen-armee-gab-es-keine-leichen-in-butscha\/\" target=\"_blank\" rel=\"noreferrer noopener\"><span>uk\u00e1zalo, \u017ee \u0161lo o operaci pod fale\u0161nou vlajkou<\/span><\/a><span>\u00a0.\u00a0P\u0159esto byla Bu\u010da ozna\u010dena za rusk\u00fd \u201ezlo\u010din\u201c a \u0161iroce medializov\u00e1n, zat\u00edmco mo\u017en\u00e9 vyjednan\u00e9 \u0159e\u0161en\u00ed, ke kter\u00e9mu do\u0161lo jen p\u00e1r dn\u00ed p\u0159edt\u00edm, nebylo v m\u00e9di\u00edch t\u00e9matem.<\/span><\/p>\n<p><span>Velk\u00e1 Brit\u00e1nie tak\u00e9 nereagovala na dosa\u017een\u00e9 vyjednan\u00e9 \u0159e\u0161en\u00ed, ale m\u00edsto toho p\u0159isl\u00edbila Ukrajin\u011b\u00a0\u00a0\u00a0vojenskou pomoc v hodnot\u011b 100 milion\u016f liber na pokra\u010dov\u00e1n\u00ed boje proti Rusku\u00a0<\/span><strong><span>8. dubna 2022 , co\u017e byl v t\u00e9 dob\u011b jeden z nejv\u011bt\u0161\u00edch bal\u00ed\u010dk\u016f pomoci.<\/span><\/strong><\/p>\n<p><span>O den pozd\u011bji\u00a0<\/span><strong><span>, 9. dubna 2022<\/span><\/strong><span>\u00a0,\u00a0\u00a0<\/span><a href=\"https:\/\/www.theguardian.com\/politics\/2022\/apr\/09\/boris-johnson-meets-volodymyr-zelenskiy-in-unannounced-visit-to-kyiv\" target=\"_blank\" rel=\"noreferrer noopener\"><span>britsk\u00fd premi\u00e9r Johnson odcestoval do Kyjeva<\/span><\/a><span>\u00a0\u00a0a hovo\u0159il se Zelensk\u00fdm, kter\u00fd po t\u011bchto jedn\u00e1n\u00edch st\u00e1hl ukrajinskou nab\u00eddku a m\u00edsto toho ozn\u00e1mil, \u017ee rozhodnut\u00ed mus\u00ed b\u00fdt u\u010din\u011bno na boji\u0161ti.<\/span><\/p>\n<p><strong><span>30. z\u00e1\u0159\u00ed 2022<\/span><\/strong><span> \u00a0ukrajinsk\u00fd prezident Zelenskij ukon\u010dil jedn\u00e1n\u00ed s Ruskem veden\u00fdm Putinem dekretem a trestem (<em>ka\u017ed\u00e9mu kdo se o to bude sna\u017eit &#8211; InKur<\/em>).<\/span><\/p>\n<p><a href=\"https:\/\/www.anti-spiegel.ru\/2023\/die-eu-hat-noch-immer-keine-liste-der-toten-von-butscha\/\">Thomas R\u00f6per<\/a><\/p>\n<p><img decoding=\"async\" loading=\"lazy\" class=\"alignnone  wp-image-22016\" src=\"http:\/\/www.infokuryr.cz\/n\/wp-content\/uploads\/2023\/01\/Thomas-Roper-298x300.jpg\" alt=\"\" width=\"194\" height=\"195\" srcset=\"https:\/\/www.infokuryr.cz\/n\/wp-content\/uploads\/2023\/01\/Thomas-Roper-298x300.jpg 298w, https:\/\/www.infokuryr.cz\/n\/wp-content\/uploads\/2023\/01\/Thomas-Roper-150x150.jpg 150w, https:\/\/www.infokuryr.cz\/n\/wp-content\/uploads\/2023\/01\/Thomas-Roper.jpg 596w\" sizes=\"(max-width: 194px) 100vw, 194px\" \/><\/p>\n<p>&nbsp;<\/p>\n<p>&nbsp;<\/p>\n","protected":false},"excerpt":{"rendered":"<p>Kyjev a Z\u00e1pad obvi\u0148uj\u00ed Rusko z masakru civilist\u016f v Bu\u010di v b\u0159eznu 2022. Ofici\u00e1ln\u00ed vy\u0161et\u0159ov\u00e1n\u00ed&#8230;<\/p>\n","protected":false},"author":2,"featured_media":42975,"comment_status":"closed","ping_status":"closed","sticky":false,"template":"","format":"standard","meta":[],"categories":[7],"tags":[1042,2112,542,22,26,37,1000],"_links":{"self":[{"href":"https:\/\/www.infokuryr.cz\/n\/wp-json\/wp\/v2\/posts\/42974"}],"collection":[{"href":"https:\/\/www.infokuryr.cz\/n\/wp-json\/wp\/v2\/posts"}],"about":[{"href":"https:\/\/www.infokuryr.cz\/n\/wp-json\/wp\/v2\/types\/post"}],"author":[{"embeddable":true,"href":"https:\/\/www.infokuryr.cz\/n\/wp-json\/wp\/v2\/users\/2"}],"replies":[{"embeddable":true,"href":"https:\/\/www.infokuryr.cz\/n\/wp-json\/wp\/v2\/comments?post=42974"}],"version-history":[{"count":0,"href":"https:\/\/www.infokuryr.cz\/n\/wp-json\/wp\/v2\/posts\/42974\/revisions"}],"wp:featuredmedia":[{"embeddable":true,"href":"https:\/\/www.infokuryr.cz\/n\/wp-json\/wp\/v2\/media\/42975"}],"wp:attachment":[{"href":"https:\/\/www.infokuryr.cz\/n\/wp-json\/wp\/v2\/media?parent=42974"}],"wp:term":[{"taxonomy":"category","embeddable":true,"href":"https:\/\/www.infokuryr.cz\/n\/wp-json\/wp\/v2\/categories?post=42974"},{"taxonomy":"post_tag","embeddable":true,"href":"https:\/\/www.infokuryr.cz\/n\/wp-json\/wp\/v2\/tags?post=42974"}],"curies":[{"name":"wp","href":"https:\/\/api.w.org\/{rel}","templated":true}]}}