{"id":42973,"date":"2023-12-20T06:42:59","date_gmt":"2023-12-20T05:42:59","guid":{"rendered":"http:\/\/www.infokuryr.cz\/n\/?p=42973"},"modified":"2023-12-20T06:42:59","modified_gmt":"2023-12-20T05:42:59","slug":"michael-svatos-general-vojenske-rozvedky-gomart-ruska-tajna-sluzba-svr-uz-na-putinuv-rozkaz-zahajila","status":"publish","type":"post","link":"https:\/\/www.infokuryr.cz\/n\/2023\/12\/20\/michael-svatos-general-vojenske-rozvedky-gomart-ruska-tajna-sluzba-svr-uz-na-putinuv-rozkaz-zahajila\/","title":{"rendered":"Michael Svato\u0161: Gener\u00e1l vojensk\u00e9 rozv\u011bdky Gomart \u2013 Rusk\u00e1 tajn\u00e1 slu\u017eba SVR u\u017e na Putin\u016fv rozkaz zah\u00e1jila&#8230;"},"content":{"rendered":"<div id=\"fb-root\"><\/div>\n<p><span style=\"font-size: 18pt;\"><strong>Gener\u00e1l vojensk\u00e9 rozv\u011bdky Gomart \u2013 Rusk\u00e1 tajn\u00e1 slu\u017eba SVR u\u017e na Putin\u016fv rozkaz zah\u00e1jila proces kone\u010dn\u00e9 eliminace Zelensk\u00e9ho! V\u00e1lka je ztracena, pokud Z\u00e1pad nezmobilizuje! Anal\u00fdza.<\/strong><\/span><\/p>\n<p>V posledn\u00edch dnech za\u010d\u00edn\u00e1 b\u00fdt jasn\u00e9, \u017ee Washington a jeho spojenci se p\u0159epo\u010d\u00edtali, a m\u00edsto pl\u00e1novan\u00e9ho v\u00edt\u011bzstv\u00ed nad Ruskem, skl\u00edzej\u00ed jednu por\u00e1\u017eku za druhou.\u00a0<a href=\"https:\/\/en.wikipedia.org\/wiki\/Thierry_Burkhard\">Gener\u00e1l Thierry Burkhard<\/a>, (foto dole), \u0161\u00e9f francouzsk\u00e9ho gener\u00e1ln\u00edho \u0161t\u00e1bu v letech 2019-21, tento m\u011bs\u00edc lakonicky okomentoval\u00a0<a href=\"https:\/\/www.navalnews.com\/naval-news\/2023\/12\/french-frigate-languedoc-used-aster-15-missiles-against-drones\/\">\u00fasp\u011b\u0161n\u00e9 sest\u0159elen\u00ed<\/a>\u00a0dvou dron\u016f Shahed francouzsk\u00fdmi raketami Aster 15\u00a0<a href=\"https:\/\/www.politico.eu\/article\/the-red-sea-crisis-explained-houthis-austin-israel-gaza-iran-shipping-suez-drones-yemen-task-forse-153-red-sea\/\">se slovy<\/a>:\u00a0<em>Kdy\u017e sest\u0159el\u00edte Shahed raketou Aster, ve skute\u010dnosti Shahed zni\u010dil Aster. Shahed stoj\u00ed 20 000 USD, ale Aster 1 milion EUR<\/em>!\u00a0<em>Takto se v\u00e1lka v\u00e9st ned\u00e1!\u00a0<\/em><\/p>\n<p><img decoding=\"async\" loading=\"lazy\" class=\"wp-image-8288 alignleft\" src=\"https:\/\/www.michalapetr.com\/wp-content\/uploads\/2023\/12\/Army_general_Thierry_Burkhard_2021_cropped.jpg\" alt=\"\" width=\"454\" height=\"621\" \/><\/p>\n<p>Co je jasn\u00e9 vojensk\u00fdm profesion\u00e1l\u016fm, nen\u00ed v\u016fbec jasn\u00e9 Zelensk\u00e9mu! Ten\u00a0<a href=\"https:\/\/www.unian.net\/weapons\/ukrainu-zimoy-budut-zashchishchat-neskolko-novyh-sistem-patriot-zelenskiy-12488274.html\">v\u010dera ve\u010der vyhl\u00e1sil<\/a>, \u017ee\u00a0<em>nebe nad Ukrajinou budou brzy chr\u00e1nit dal\u0161\u00ed syst\u00e9my Patriot, a dal\u0161\u00ed nov\u00e9 syst\u00e9my zem\u00ed NATO, kter\u00e9 mu z\u00e1padn\u00ed politici v\u010dera sl\u00edbili dodat<\/em>! Podle Zelensk\u00e9ho\u00a0<a href=\"https:\/\/www.unian.net\/war\/voyna-v-ukraine-zelenskiy-nazval-pyat-prichiny-dlya-usileniya-ukrainskoy-pvo-12464124.html\">posledn\u00edch vyhl\u00e1\u0161en\u00ed<\/a>\u00a0<em>tyto nov\u00e9 rakety<\/em>\u00a0<em>zbav\u00ed Putina schopnosti terorizovat Ukrajinu drony, donut\u00ed ho, aby p\u0159estal na Ukrajinu drony st\u0159\u00edlet, a Ukrajina ve v\u00e1lce zv\u00edt\u011bz\u00ed! Ka\u017ed\u00fd dal\u0161\u00ed z\u00e1padn\u00ed syst\u00e9m protivzdu\u0161n\u00e9 obrany a raketa bude \u0161et\u0159it na\u0161e zdroje, kter\u00e9 jsou jinak pot\u0159eba k obnov\u011b zni\u010den\u00fdch energetick\u00fdch syst\u00e9m\u016f i elektrick\u00fdch s\u00edt\u00ed.\u00a0<\/em><\/p>\n<p>Zat\u00edmco Zelenskyj a jeho gener\u00e1lov\u00e9 anal\u00fdzu gener\u00e1la Burkharda o ekonomick\u00e9 nemo\u017enosti sest\u0159elovat levn\u00e9 drony pokro\u010dil\u00fdmi raketami zcela ur\u010dit\u011b nestudovali, Putin ur\u010dit\u011b! Proto\u017ee\u00a0<a href=\"https:\/\/www.unian.net\/war\/rossiyane-atakuyut-ukrainu-shahedami-vo-mnogih-oblastyah-obyavlena-trevoga-rabotaet-pvo-12488571.html\">v\u010dera ve\u010der od 23 do 03 hodin zase pos\u00edlal<\/a>\u00a0proti Ukrajin\u011b jeden Shahed za druh\u00fdm! Podle prvn\u00edch hl\u00e1\u0161en\u00ed byly v\u00fdbuchy zp\u016fsoben\u00e9 drony Shahed u\u017e sly\u0161et z Charkova, ale drony m\u00ed\u0159ily i na Kyjev, \u010cerkasy, Cherson, Dn\u011bpropetrovsk a dal\u0161\u00ed m\u011bsta!<a href=\"https:\/\/www.unian.net\/weapons\/rossiya-stala-proizvodit-bolshe-raket-chem-do-polnomasshtabnoy-voyny-gur-12488595.html\">\u00a0\u0160\u00e9f ukrajinsk\u00e9 rozv\u011bdky Andrej Jusov kr\u00e1tce p\u0159edt\u00edm poprv\u00e9 p\u0159iznal<\/a>, \u017ee Rusko zv\u00fd\u0161ilo jak v\u00fdrobu raket, tak i dron\u016f, a \u017ee jejich zv\u00fd\u0161en\u00e1 v\u00fdroba bude Rusku umo\u017e\u0148ovat i nad\u00e1le na Ukrajinu neust\u00e1le \u00fato\u010dit, a\u010dkoli v\u00fdroba nebude sta\u010dit k vytvo\u0159en\u00ed z\u00e1sob!<\/p>\n<p>Zelenskyj, kter\u00fd v\u010dera z\u0159ejm\u011b p\u0159ekonal sv\u016fj vlastn\u00ed sv\u011btov\u00fd rekord v po\u010dtu i v d\u00e9lce ve\u0159ejn\u00fdch vyhl\u00e1\u0161en\u00ed politika za jedin\u00fd den, ve\u010der sl\u00edbil Ukrajinc\u016fm, \u017ee Putinovi neustoup\u00ed, a<a href=\"https:\/\/www.unian.net\/society\/mobilizaciya-v-ukraine-zelenskiy-vyskazalsya-o-dopolnitelnom-prizyve-12488316.html\">\u00a0ihned zmobilizuje dal\u0161\u00edch 500 tis\u00edc du\u0161\u00ed<\/a>, aby nahradil du\u0161e padl\u00e9 a zran\u011bn\u00e9! Zelenskyj tak z\u0159ejm\u011b nestudoval ani ned\u011bln\u00ed vyhl\u00e1\u0161en\u00ed gener\u00e1l poru\u010d\u00edka francouzsk\u00e9 rozv\u011bdky Gomarta, kter\u00fd prohl\u00e1sil, \u017ee\u00a0<em>\u017d\u00e1dn\u00e1 dal\u0161\u00ed mobilizace u\u017e Ukrajin\u011b nepom\u016f\u017ee, a \u017ee jedin\u00e9, co ji m\u016f\u017ee zachr\u00e1nit, je mobilizace z\u00e1padn\u00edch spojenc\u016f<\/em>!<\/p>\n<p><a href=\"https:\/\/fr.wikipedia.org\/wiki\/Christophe_Gomart\">Gener\u00e1l poru\u010d\u00edk tajn\u00fdch slu\u017eeb Christophe Gomart<\/a>, (*20.6.1960), je star\u00fd nep\u0159\u00edtel Vladim\u00edra Putina, (*7.10.1952), kter\u00fd hned na po\u010d\u00e1tku lo\u0148sk\u00e9 rusk\u00e9 invaze na Ukrajinu\u00a0<a href=\"https:\/\/www.challenges.fr\/entreprise\/defense\/le-think-tank-des-espions-francais-prend-laccent-russe_809398\">na protest proti \u00fadajn\u00fdm prorusk\u00fdm postoj\u016fm opusti<\/a>l veden\u00ed v\u00fdznamn\u00e9 francouzsk\u00e9 vojensko-strategick\u00e9 nadace CF2R! Gener\u00e1l Gomart je v\u00e1le\u010dn\u00fd odborn\u00edk na slovo vzat\u00fd. Svou letitou vojenskou kari\u00e9ru ve speci\u00e1ln\u00edch rozv\u011bdn\u00fdch jednotk\u00e1ch ukon\u010dil jako \u0159editel spole\u010dn\u00e9ho\u00a0<a href=\"https:\/\/fr.wikipedia.org\/wiki\/Direction_du_Renseignement_militaire\">\u0158editelstv\u00ed zpravodajsk\u00fdch slu\u017eeb Francie<\/a>. Gener\u00e1l Gomart, a\u010dkoli evidentn\u011b nem\u00e1 r\u00e1d Putina, ozn\u00e1mil p\u0159ed dv\u011bma dny ve\u00a0<a href=\"https:\/\/cs.wikipedia.org\/wiki\/France_24\">francouzsk\u00e9 st\u00e1tn\u00ed televizi France 24<\/a>, \u017ee Rusko ve v\u00e1lce zv\u00edt\u011bz\u00ed, a \u017ee rusk\u00e1 tajn\u00e1 slu\u017eba SVR u\u017e zah\u00e1jila z\u00e1v\u011bre\u010dn\u00fd proces kone\u010dn\u00e9 diskreditace Vladim\u00edra Zelensk\u00e9ho v o\u010d\u00edch v\u0161ech ukrajinsk\u00fdch ob\u010dan\u016f, i cel\u00e9ho Z\u00e1padu! Gomart nen\u00ed \u017e\u00e1dn\u00fd hlup\u00e1k,<a href=\"https:\/\/www.publicsenat.fr\/actualites\/international\/guerre-en-ukraine-malgre-500-jours-de-combats-on-arrive-a-une-situation-ou-il-ny-a-ni-vainqueur-ni-vaincu-estime-le-general-christophe-gomart\">\u00a07. \u010dervence<\/a>, kdy \u0159ada jin\u00fdch\u00a0<a href=\"https:\/\/www.idnes.cz\/zpravy\/domaci\/petr-pavel-prezident-ukrajina-rozhovor.A230512_193626_domaci_bur\">gener\u00e1l\u016f rozv\u011bd\u010d\u00edk\u016f v\u011b\u0161tila<\/a>, jak Ukrajina na kopytech nov\u00fdch z\u00e1padn\u00edch zbran\u00ed p\u0159i letn\u00ed ofenz\u00edv\u011b roznese rusk\u00e1 vojska, to vid\u011bl pro Kyjev bled\u011b!<\/p>\n<div id=\"attachment_8282\" class=\"wp-caption alignright\" style=\"width: 451px;\"><img decoding=\"async\" loading=\"lazy\" class=\" wp-image-8282\" src=\"https:\/\/www.michalapetr.com\/wp-content\/uploads\/2023\/12\/Christophe_Gomart_par_Claude_Truong-Ngoc_septembre_2015.jpg\" sizes=\"(max-width: 800px) 100vw, 800px\" srcset=\"https:\/\/www.michalapetr.com\/wp-content\/uploads\/2023\/12\/Christophe_Gomart_par_Claude_Truong-Ngoc_septembre_2015.jpg 800w, https:\/\/www.michalapetr.com\/wp-content\/uploads\/2023\/12\/Christophe_Gomart_par_Claude_Truong-Ngoc_septembre_2015-200x300.jpg 200w, https:\/\/www.michalapetr.com\/wp-content\/uploads\/2023\/12\/Christophe_Gomart_par_Claude_Truong-Ngoc_septembre_2015-687x1030.jpg 687w, https:\/\/www.michalapetr.com\/wp-content\/uploads\/2023\/12\/Christophe_Gomart_par_Claude_Truong-Ngoc_septembre_2015-768x1152.jpg 768w, https:\/\/www.michalapetr.com\/wp-content\/uploads\/2023\/12\/Christophe_Gomart_par_Claude_Truong-Ngoc_septembre_2015-470x705.jpg 470w, https:\/\/www.michalapetr.com\/wp-content\/uploads\/2023\/12\/Christophe_Gomart_par_Claude_Truong-Ngoc_septembre_2015-450x675.jpg 450w\" alt=\"\" width=\"451\" height=\"677\" aria-describedby=\"caption-attachment-8282\" \/><\/p>\n<p id=\"caption-attachment-8282\" class=\"wp-caption-text\">Zpravodajec \u2013 gener\u00e1l Gomart, v pond\u011bl\u00ed ozn\u00e1mil, \u017ee rusk\u00e1 tajn\u00e1 slu\u017eba SVR u\u017e na Putin\u016fv rozkaz zah\u00e1jila z\u00e1v\u011bre\u010dnou f\u00e1zi operace na odstran\u011bn\u00ed Zelensk\u00e9ho, a dal\u0161\u00edch kyjevsk\u00fdch potent\u00e1t\u016f! (Foto:\u00a0<a class=\"lightbox-added\" href=\"https:\/\/fr.wikipedia.org\/wiki\/Christophe_Gomart#\/media\/Fichier:Christophe_Gomart_par_Claude_Truong-Ngoc_septembre_2015.jpg\">Claude Truong-Ngoc 2015<\/a>)<\/p>\n<\/div>\n<p><a href=\"https:\/\/www.boursorama.com\/videos\/actualites\/v-zelensky-est-il-toujours-l-homme-de-la-situation-babc053e5493879ec249e33ff3a16e73\">Podle gener\u00e1la Gomarta<\/a>\u00a0u\u017e Zelensk\u00e9mu nepom\u016f\u017ee ani \u017e\u00e1dn\u00e1 dal\u0161\u00ed nov\u00e1 vlna mobilizace Ukrajinc\u016f, kterou pl\u00e1nuje, proto\u017ee:<\/p>\n<ol>\n<li>Ukrajina m\u00e1 mnohem m\u00e9n\u011b obyvatel ne\u017e Rusko,<\/li>\n<li>Ukrajina u\u017e ve v\u00e1lce ztratila mnohem v\u00edce voj\u00e1k\u016f ne\u017e Rusko,<\/li>\n<li>Ukrajina nem\u016f\u017ee bez vojensk\u00e9, ekonomick\u00e9 a finan\u010dn\u00ed pomoci Z\u00e1padu s Ruskem bojovat,<\/li>\n<li>a tak m\u016f\u017ee Ukrajinu zachr\u00e1nit jen mobilizace na Z\u00e1padu.<\/li>\n<\/ol>\n<p>Zelenskyj<a href=\"https:\/\/www.unian.net\/society\/mobilizaciya-zhenshchin-zelenskiy-otvetil-podpishet-li-zakon-12488394.html\">\u00a0v\u010dera sl\u00edbil Ukrajink\u00e1m<\/a>, \u017ee z\u00e1kon o jejich mobilizaci, kter\u00fd se schvaluje, nepodep\u00ed\u0161e, a ozn\u00e1mil, \u017ee se zasad\u00ed, aby Ukrajinci \u017eij\u00edc\u00ed v USA, v Kanad\u011b a po cel\u00e9m sv\u011bt\u011b, brzy z\u00edskali ukrajinsk\u00e9 ob\u010danstv\u00ed, (a mohli zvolit ve volb\u00e1ch Zelensk\u00e9ho)! Podle Zelensk\u00e9ho a\u017e 60 milion\u016f Ukrajinc\u016f, (podle CIA \u017eije nyn\u00ed na Ukrajin\u011b 20 milion\u016f osob), tak m\u00e1 z\u00edskat ob\u010danstv\u00ed Ukrajiny! Ukrajina se tak m\u00e1 asi st\u00e1t prvn\u00ed zem\u00ed na sv\u011bt\u011b, kde o v\u00fdsledku voleb nemaj\u00ed rozhodovat ob\u010dan\u00e9 \u017eij\u00edc\u00ed na \u00fazem\u00ed st\u00e1tu, ale emigranti!<\/p>\n<p>Zelenskyj tak\u00e9 v\u010dera ve\u0159ejn\u011b p\u0159iznal,\u00a0<a href=\"https:\/\/www.unian.net\/society\/zelenskiy-nas-ne-priglashayut-v-nato-a-varianty-chastichnogo-vstupleniya-bred-12488358.html\">\u017ee se Ukrajina nestane \u010dlenem NATO<\/a>, proto\u017ee by to vyvolalo konflikt mezi NATO a Ruskem, kter\u00fd si nikdo z politik\u016f na Z\u00e1pad\u011b nechce ani p\u0159edstavit. \u010clenstv\u00ed Ukrajiny v NATO nazval \u201cfantaz\u00edrov\u00e1n\u00edm\u201d dokud bude \u010d\u00e1st Ukrajinsk\u00e9ho \u00fazem\u00ed okupov\u00e1na Ruskem. Reagoval tak na posledn\u00ed Putinova slova, kdy Gosudar ozn\u00e1mil, \u017ee Rusko neza\u00fato\u010d\u00ed na NATO, proto\u017ee s n\u00edm nem\u00e1 \u017e\u00e1dn\u00e9 \u00fazemn\u00ed spory, a jedn\u00edm dechem dodal, \u017ee Od\u011bsa je rusk\u00e9 m\u011bsto. V\u00fdklad analytik\u016f je jasn\u00fd \u2013 jadern\u00e1 v\u00e1lka mezi Ruskem a USA nebude, dokud Ukrajina nebude \u010dlenem NATO. A Rusko nyn\u011bj\u0161\u00ed v\u00e1lku vyhr\u00e1lo, a tak ji\u017en\u00ed Ukrajina a\u017e po Rumunsko bude rusk\u00e1, a nebo ukrajinsk\u00e1 pod rusk\u00fdm vlivem! Podle\u00a0<a href=\"https:\/\/www.unian.net\/world\/soyuzniki-ukrainy-nachali-produmyvat-posledstviya-vozmozhnoy-pobedy-putina-bloomberg-12487788.html\">posledn\u00edch ov\u011b\u0159en\u00fdch zpr\u00e1v<\/a>\u00a0u\u017e Z\u00e1padn\u00ed politici za\u010dali v\u00e1\u017en\u011b p\u0159em\u00fd\u0161let, co pro n\u011b bude znamenat rusk\u00e9 v\u00edt\u011bzstv\u00ed na Ukrajin\u011b.<\/p>\n<p>Situace Z\u00e1padu je tristn\u00ed. V\u010dera se v Bruselu radili hlavn\u00ed vyjednava\u010di nejd\u016fle\u017eit\u011bj\u0161\u00edch zem\u00ed EU, kam a\u017e zv\u00fd\u0161it zadlu\u017een\u00ed v\u0161ech st\u00e1t\u016f cel\u00e9ho bloku, a p\u0159i jedn\u00e1n\u00ed na nejvy\u0161\u0161\u00ed \u00farovni poprv\u00e9 ve\u0159ejn\u011b p\u0159iznali,\u00a0<a href=\"https:\/\/www.politico.eu\/article\/eu-spending-rules-talks-on-verge-of-ending-year-without-a-deal\/\">\u017ee pr\u00e1v\u011b prob\u00edh\u00e1 nejhor\u0161\u00ed recese od druh\u00e9 sv\u011btov\u00e9 v\u00e1lky<\/a>! Podle posledn\u00edch anal\u00fdz\u00a0se ve Washingtonu i v Bruselu nejv\u00edce ob\u00e1vaj\u00ed, \u017ee Z\u00e1pad ekonomicky neustoj\u00ed hybridn\u00ed v\u00e1lku s Ruskem, kterou Putin a jeho spojenci rozpoutali v odvet\u011b za podporu Ukrajiny a Izraele po cel\u00e9m sv\u011bt\u011b. Ekonomick\u00e9 d\u016fsledky jsou toti\u017e astronomick\u00e9 \u2013 jemen\u0161t\u00ed\u00a0<a href=\"https:\/\/cs.wikipedia.org\/wiki\/H%C3%BAt%C3%ADov%C3%A9\">Hutiov\u00e9,<\/a>\u00a0\u0159\u00edzen\u00ed spojencem Gosudara Ir\u00e1nem, p\u0159estali \u00fato\u010dit na Saudsk\u00e9 Araby, spojence Putina, kter\u00fdm drony vypalovali t\u011b\u017eebn\u00ed v\u011b\u017ee a rafinerie, a m\u00edsto toho za\u010dali napadat drony a raketami Z\u00e1padn\u00ed lod\u011b, kter\u00e9 na cest\u011b ze Z\u00e1livu a z Afriky a z \u010c\u00edny mus\u00ed proplout \u00fazk\u00fdm pr\u016flivem kolem \u00fazem\u00ed, kter\u00e9 Hutiov\u00e9 ovl\u00e1daj\u00ed. Washington si myslel, \u017ee op\u011bt vytvo\u0159\u00ed mezin\u00e1rodn\u00ed koalici, podobn\u011b jako proti Som\u00e1lsk\u00fdm pir\u00e1t\u016fm, ale byl p\u0159ekvapen. Ani \u010c\u00ed\u0148an\u00e9, ani Saudov\u00e9, ani \u0161ejkov\u00e9 ze Z\u00e1livu, ani Egyp\u0165an\u00e9, vlastn\u00edc\u00ed Suez, se ke koalici nep\u0159ipojili, proto\u017ee jejich lod\u011b nejsou napad\u00e1ny! Z\u00e1padn\u00ed lod\u011b se zkapaln\u011bn\u00fdm plynem, ropou i \u010d\u00ednsk\u00fdm zbo\u017e\u00edm tak musely obr\u00e1tit sv\u00e1 kormidla, a plout kolem Afriky, proto\u017ee z\u00e1padn\u00ed lod\u011b nemaj\u00ed dostatek drah\u00fdch raket, aby mohly s flotilami levn\u00fdch dron\u016f \u00fasp\u011b\u0161n\u011b bojovat! P\u0159itom podle analytik\u016f je\u00a0<a href=\"https:\/\/www.politico.eu\/article\/the-red-sea-crisis-explained-houthis-austin-israel-gaza-iran-shipping-suez-drones-yemen-task-forse-153-red-sea\/\">cesta kolem Afriky je pro jednu lo\u010f dra\u017e\u0161\u00ed a\u017e o.5 milionu dolar\u016f<\/a>, a to n\u00e1klady je\u0161t\u011b vzrostou, proto\u017ee p\u0159esm\u011brov\u00e1n\u00ed Z\u00e1padn\u00ed dopravy kolem Afriky\u00a0<a href=\"https:\/\/www.politico.eu\/article\/the-red-sea-crisis-explained-houthis-austin-israel-gaza-iran-shipping-suez-drones-yemen-task-forse-153-red-sea\/\">zv\u00fd\u0161\u00ed spot\u0159ebu paliv pro n\u00e1mo\u0159n\u00ed lod\u011b o 5%,<\/a>\u00a0a to vyvol\u00e1 jejich nedostatek a prudk\u00fd r\u016fst cen! Evropan\u00e9 podle analytik\u016f ji\u017e brzy uvid\u00ed dal\u0161\u00ed r\u016fst cen zbo\u017e\u00ed v hypermarketech, pokud se krize vyvolan\u00e1 Putinov\u00fdmi spojenci Hutii, nevy\u0159e\u0161\u00ed. N\u00e1pad Washingtonu vyslat proti Huti\u016fm evropsk\u00e9 lod\u011b odm\u00edtlo u\u017e ve\u0159ejn\u011b \u0160pan\u011blsko. D\u016fvody jsou prost\u00e9 \u2013\u00a0<a href=\"https:\/\/www.politico.eu\/article\/eu-spending-rules-talks-on-verge-of-ending-year-without-a-deal\/\">v\u010dera se v Bruselu radili, kde sehnat dal\u0161\u00ed des\u00edtky miliard dolar\u016f<\/a>, proto\u017ee ekonomiky zem\u00ed EU se hrout\u00ed, Zelenskyj po\u017eaduje dal\u0161\u00ed a dal\u0161\u00ed miliardy, a p\u0159itom Gosudarovo imp\u00e9rium, kter\u00e9 m\u011blo b\u00fdt zni\u010deno v\u00e1lkou a sankcemi, jenom vzkv\u00e9t\u00e1!<\/p>\n<p><a href=\"https:\/\/stranapro.cz\/\"><img decoding=\"async\" loading=\"lazy\" class=\"alignnone  wp-image-40285 aligncenter\" src=\"http:\/\/www.infokuryr.cz\/n\/wp-content\/uploads\/2023\/11\/11pro-300x79.png\" alt=\"\" width=\"710\" height=\"187\" srcset=\"https:\/\/www.infokuryr.cz\/n\/wp-content\/uploads\/2023\/11\/11pro-300x79.png 300w, https:\/\/www.infokuryr.cz\/n\/wp-content\/uploads\/2023\/11\/11pro.png 363w\" sizes=\"(max-width: 710px) 100vw, 710px\" \/><\/a><\/p>\n<p>Pl\u00e1n gener\u00e1la Gomarta zachr\u00e1nit Ukrajinu mobilizac\u00ed by vedl jen k dal\u0161\u00ed eskalaci. \u010c\u00edna si nem\u016f\u017ee dovolit, aby Rusko v\u00e1lku prohr\u00e1lo. Pokud to bude nutn\u00e9, do v\u00e1lky se na stran\u011b Ruska zapoj\u00ed. V\u010dera poprv\u00e9 p\u0159iznali v Bruselu na\u0161i vlada\u0159i, kte\u0159\u00ed svou idiotskou politikou nejv\u011bt\u0161\u00ed hospod\u00e1\u0159skou krizi na posledn\u00edch 90 let vyvolali, \u017ee prob\u00edh\u00e1 nejv\u011bt\u0161\u00ed ekonomick\u00e9 krize od velk\u00e9 hospod\u00e1\u0159sk\u00e9 krize 1929-33! Kdy\u017e politici zp\u016fsobili minulou krizi, skon\u010dila zat\u00edm nejv\u011bt\u0161\u00ed v\u00e1lkou jakou lidstvo za\u017eilo! Tak mus\u00edme nejen doufat, \u017ee se historie zase nebude opakovat, ale hlavn\u011b rychle zvolit \u00fapln\u011b jin\u00e9 politiky! A hlavn\u011b je\u0161t\u011b d\u0159\u00edv, ne\u017e se zhl\u00e9dnou v Zelensk\u00e9ho nejnov\u011bj\u0161\u00edm n\u00e1padu, a rozdaj\u00ed v\u0161em potomk\u016fm r\u016fzn\u00fdch zahrani\u010dn\u00edch \u010cech\u016f \u010desk\u00e9 volebn\u00ed pr\u00e1vo.<\/p>\n<p><a href=\"https:\/\/www.michalapetr.com\/map-1860-general-vojenske-rozvedky-gomart-ruska-tajna-sluzba-svr-uz-na-putinuv-rozkaz-zahajila-proces-konecne-eliminace-zelenskeho-valka-je-ztracena-pokud-zapad-nezmobilizuje-analyza\/\">Michael Svato\u0161<\/a><\/p>\n<p><img decoding=\"async\" loading=\"lazy\" class=\"alignnone size-full wp-image-27204\" src=\"http:\/\/www.infokuryr.cz\/n\/wp-content\/uploads\/2023\/05\/Michael_Svatos.png\" alt=\"\" width=\"180\" height=\"180\" srcset=\"https:\/\/www.infokuryr.cz\/n\/wp-content\/uploads\/2023\/05\/Michael_Svatos.png 180w, https:\/\/www.infokuryr.cz\/n\/wp-content\/uploads\/2023\/05\/Michael_Svatos-150x150.png 150w\" sizes=\"(max-width: 180px) 100vw, 180px\" \/><\/p>\n<p>&nbsp;<\/p>\n<p>&nbsp;<\/p>\n<p>&nbsp;<\/p>\n<p>&nbsp;<\/p>\n","protected":false},"excerpt":{"rendered":"<p>Gener\u00e1l vojensk\u00e9 rozv\u011bdky Gomart \u2013 Rusk\u00e1 tajn\u00e1 slu\u017eba SVR u\u017e na Putin\u016fv rozkaz zah\u00e1jila proces&#8230;<\/p>\n","protected":false},"author":2,"featured_media":22722,"comment_status":"closed","ping_status":"closed","sticky":false,"template":"","format":"standard","meta":[],"categories":[6],"tags":[1042,1104,22,26,1000],"_links":{"self":[{"href":"https:\/\/www.infokuryr.cz\/n\/wp-json\/wp\/v2\/posts\/42973"}],"collection":[{"href":"https:\/\/www.infokuryr.cz\/n\/wp-json\/wp\/v2\/posts"}],"about":[{"href":"https:\/\/www.infokuryr.cz\/n\/wp-json\/wp\/v2\/types\/post"}],"author":[{"embeddable":true,"href":"https:\/\/www.infokuryr.cz\/n\/wp-json\/wp\/v2\/users\/2"}],"replies":[{"embeddable":true,"href":"https:\/\/www.infokuryr.cz\/n\/wp-json\/wp\/v2\/comments?post=42973"}],"version-history":[{"count":0,"href":"https:\/\/www.infokuryr.cz\/n\/wp-json\/wp\/v2\/posts\/42973\/revisions"}],"wp:featuredmedia":[{"embeddable":true,"href":"https:\/\/www.infokuryr.cz\/n\/wp-json\/wp\/v2\/media\/22722"}],"wp:attachment":[{"href":"https:\/\/www.infokuryr.cz\/n\/wp-json\/wp\/v2\/media?parent=42973"}],"wp:term":[{"taxonomy":"category","embeddable":true,"href":"https:\/\/www.infokuryr.cz\/n\/wp-json\/wp\/v2\/categories?post=42973"},{"taxonomy":"post_tag","embeddable":true,"href":"https:\/\/www.infokuryr.cz\/n\/wp-json\/wp\/v2\/tags?post=42973"}],"curies":[{"name":"wp","href":"https:\/\/api.w.org\/{rel}","templated":true}]}}