{"id":42970,"date":"2023-12-20T06:32:32","date_gmt":"2023-12-20T05:32:32","guid":{"rendered":"http:\/\/www.infokuryr.cz\/n\/?p=42970"},"modified":"2023-12-20T06:45:51","modified_gmt":"2023-12-20T05:45:51","slug":"temer-50-zemi-vcetne-ceske-republiky-hlasovalo-proti-rezoluci-osn-odsuzujici-nacismus","status":"publish","type":"post","link":"https:\/\/www.infokuryr.cz\/n\/2023\/12\/20\/temer-50-zemi-vcetne-ceske-republiky-hlasovalo-proti-rezoluci-osn-odsuzujici-nacismus\/","title":{"rendered":"T\u00e9m\u011b\u0159 50 zem\u00ed v\u010detn\u011b \u010cesk\u00e9 republiky hlasovalo proti rezoluci OSN odsuzuj\u00edc\u00ed nacismus"},"content":{"rendered":"<div id=\"fb-root\"><\/div>\n<p><span style=\"font-size: 18pt;\"><b style=\"font-size: 18pt;\">USA, Ukrajina a b\u00fdval\u00e9 mocnosti Osy op\u011bt hlasovaly proti textu navr\u017een\u00e9mu Ruskem. Budou \u010de\u0161t\u00ed diplomat\u00e9 a ti kte\u0159\u00ed <\/b><span style=\"font-size: 24px;\"><b>hlasovali<\/b><\/span><b style=\"font-size: 18pt;\"> proti rezoluci a t\u00edm podpo\u0159ili nacistick\u00e9 praktiky trestn\u011b st\u00edhan\u00ed? Po\u010dk\u00e1me si!<\/b><\/span><\/p>\n<p>Valn\u00e9 shrom\u00e1\u017ed\u011bn\u00ed OSN p\u0159ijalo Ruskem navr\u017eenou rezoluci o boji proti glorifikaci nacismu pom\u011brem hlas\u016f 118:49, p\u0159i\u010dem\u017e 14 \u010dlensk\u00fdch st\u00e1t\u016f se v \u00fater\u00fd zdr\u017eelo hlasov\u00e1n\u00ed.\u00a0Rezoluce vyz\u00fdv\u00e1 \u010dleny OSN, aby p\u0159ijali vhodn\u00e1 opat\u0159en\u00ed v boji proti historick\u00e9mu revizionismu a pop\u00edr\u00e1n\u00ed zlo\u010din\u016f proti lidskosti sp\u00e1chan\u00fdch b\u011bhem druh\u00e9 sv\u011btov\u00e9 v\u00e1lky.<\/p>\n<p>Moskva navrhuje rezoluci ka\u017ed\u00fd rok ji\u017e t\u00e9m\u011b\u0159 dv\u011b desetilet\u00ed a vyz\u00fdv\u00e1 OSN, aby bojovala proti\u00a0<em>\u201eoslavov\u00e1n\u00ed nacismu, neonacismu a dal\u0161\u00edch praktik, kter\u00e9 p\u0159isp\u00edvaj\u00ed k eskalaci sou\u010dasn\u00fdch forem rasismu, rasov\u00e9 diskriminace, xenofobie a souvisej\u00edc\u00ed nesn\u00e1\u0161enlivosti\u201c.<\/em><\/p>\n<p><a href=\"https:\/\/stranapro.cz\/\"><img decoding=\"async\" loading=\"lazy\" class=\"alignnone wp-image-40285 aligncenter\" src=\"http:\/\/www.infokuryr.cz\/n\/wp-content\/uploads\/2023\/11\/11pro-300x79.png\" alt=\"\" width=\"737\" height=\"194\" srcset=\"https:\/\/www.infokuryr.cz\/n\/wp-content\/uploads\/2023\/11\/11pro-300x79.png 300w, https:\/\/www.infokuryr.cz\/n\/wp-content\/uploads\/2023\/11\/11pro.png 363w\" sizes=\"(max-width: 737px) 100vw, 737px\" \/><\/a><\/p>\n<p>V \u00fatern\u00edm hlasov\u00e1n\u00ed vyj\u00e1d\u0159ily des\u00edtky \u010dlensk\u00fdch st\u00e1t\u016f OSN nesouhlas s n\u00e1vrhem, v\u010detn\u011b Spojen\u00fdch st\u00e1t\u016f, Spojen\u00e9ho kr\u00e1lovstv\u00ed, Kanady, Francie, \u0160pan\u011blska, N\u011bmecka, It\u00e1lie a Japonska, jako\u017e i Ukrajiny, Gruzie, Loty\u0161ska, Litvy a dal\u0161\u00edch zem\u00ed. hrstka dal\u0161\u00edch.\u00a0Kone\u010dn\u00e9 hlasov\u00e1n\u00ed v \u00fater\u00fd odpoledne bylo podle zpr\u00e1v m\u00e9di\u00ed 118 pro, 49 proti a 14 se zdr\u017eelo hlasov\u00e1n\u00ed.\u00a0OSN je\u0161t\u011b nezve\u0159ejnila \u00fapln\u00e9 podrobnosti o zased\u00e1n\u00ed.<\/p>\n<p><em>&#8222;Skupina z\u00e1padn\u00edch zem\u00ed se pokusila p\u0159em\u011bnit ruskou iniciativu v politick\u00fd dokument specifick\u00fd pro danou zemi,&#8220;\u00a0<\/em>\u00a0<a href=\"https:\/\/russiaun.ru\/ru\/news\/3191223\" target=\"_blank\" rel=\"noopener noreferrer\">\u0159ekla<\/a>\u00a0z\u00e1stupkyn\u011b st\u00e1l\u00e9ho p\u0159edstavitele Ruska Maria Zabolotskaja.\u00a0<em>&#8222;Pokud se jej\u00ed probl\u00e9my odraz\u00ed v usnesen\u00ed, pak je d\u016fle\u017eit\u00e9 s t\u011bmito probl\u00e9my pracovat a nesna\u017eit se podkop\u00e1vat spolupr\u00e1ci v oblasti boje proti neonacismu, rasismu a xenofobii.&#8220;<\/em><\/p>\n<p>Nicm\u00e9n\u011b v\u00fdsledky hlasov\u00e1n\u00ed\u00a0<em>\u201emluv\u00ed samy za sebe,\u201c<\/em>\u00a0dodala Zabolotskaja a vyj\u00e1d\u0159ila vd\u011b\u010dnost delegac\u00edm, kter\u00e9 hlasovaly pro podporu, v\u010detn\u011b \u010c\u00edny, Braz\u00edlie, Izraele a mnoha dal\u0161\u00edch.<\/p>\n<p>V roce 2021 se proti rezoluci postavily pouze dva st\u00e1ty, USA a Ukrajina, zat\u00edmco 49 dal\u0161\u00edch se zdr\u017eelo hlasov\u00e1n\u00ed, zejm\u00e9na spojenci Washingtonu.\u00a0V roce 2022 v\u0161ak kolektivn\u00ed Z\u00e1pad, v\u010detn\u011b b\u00fdval\u00fdch mocnost\u00ed Osy N\u011bmecka, It\u00e1lie, Rakouska a Japonska, nam\u00edsto zdr\u017een\u00ed se hlasov\u00e1n\u00ed, poprv\u00e9 hlasoval proti textu navr\u017een\u00e9mu Ruskem.<\/p>\n<p><img decoding=\"async\" loading=\"lazy\" class=\"alignnone size-full wp-image-1185\" src=\"http:\/\/www.infokuryr.cz\/n\/wp-content\/uploads\/2021\/04\/kuryr-podpis.png\" alt=\"\" width=\"84\" height=\"24\" \/><\/p>\n<p>&nbsp;<\/p>\n<p>&nbsp;<\/p>\n","protected":false},"excerpt":{"rendered":"<p>USA, Ukrajina a b\u00fdval\u00e9 mocnosti Osy op\u011bt hlasovaly proti textu navr\u017een\u00e9mu Ruskem. Budou \u010de\u0161t\u00ed diplomat\u00e9&#8230;<\/p>\n","protected":false},"author":2,"featured_media":42763,"comment_status":"closed","ping_status":"closed","sticky":false,"template":"","format":"standard","meta":[],"categories":[7],"tags":[589,155,186,886],"_links":{"self":[{"href":"https:\/\/www.infokuryr.cz\/n\/wp-json\/wp\/v2\/posts\/42970"}],"collection":[{"href":"https:\/\/www.infokuryr.cz\/n\/wp-json\/wp\/v2\/posts"}],"about":[{"href":"https:\/\/www.infokuryr.cz\/n\/wp-json\/wp\/v2\/types\/post"}],"author":[{"embeddable":true,"href":"https:\/\/www.infokuryr.cz\/n\/wp-json\/wp\/v2\/users\/2"}],"replies":[{"embeddable":true,"href":"https:\/\/www.infokuryr.cz\/n\/wp-json\/wp\/v2\/comments?post=42970"}],"version-history":[{"count":0,"href":"https:\/\/www.infokuryr.cz\/n\/wp-json\/wp\/v2\/posts\/42970\/revisions"}],"wp:featuredmedia":[{"embeddable":true,"href":"https:\/\/www.infokuryr.cz\/n\/wp-json\/wp\/v2\/media\/42763"}],"wp:attachment":[{"href":"https:\/\/www.infokuryr.cz\/n\/wp-json\/wp\/v2\/media?parent=42970"}],"wp:term":[{"taxonomy":"category","embeddable":true,"href":"https:\/\/www.infokuryr.cz\/n\/wp-json\/wp\/v2\/categories?post=42970"},{"taxonomy":"post_tag","embeddable":true,"href":"https:\/\/www.infokuryr.cz\/n\/wp-json\/wp\/v2\/tags?post=42970"}],"curies":[{"name":"wp","href":"https:\/\/api.w.org\/{rel}","templated":true}]}}