{"id":42966,"date":"2023-12-20T06:21:00","date_gmt":"2023-12-20T05:21:00","guid":{"rendered":"http:\/\/www.infokuryr.cz\/n\/?p=42966"},"modified":"2023-12-20T07:55:06","modified_gmt":"2023-12-20T06:55:06","slug":"je-cas-nakrojit-zlutomodry-dort-zirinovskeho-proroctvi-ktere-potvrdil-putin","status":"publish","type":"post","link":"https:\/\/www.infokuryr.cz\/n\/2023\/12\/20\/je-cas-nakrojit-zlutomodry-dort-zirinovskeho-proroctvi-ktere-potvrdil-putin\/","title":{"rendered":"Je \u010das nakrojit \u017elutomodr\u00fd dort: \u017dirinovsk\u00e9ho proroctv\u00ed, kter\u00e9 potvrdil Putin"},"content":{"rendered":"<div id=\"fb-root\"><\/div>\n<p><strong>\u017dirinovskij v roce 2019 p\u0159edpov\u011bd\u011bl, \u017ee Kyjev si ponech\u00e1 jednu t\u0159etinu sv\u00fdch \u00fazem\u00ed. Putin potvrdil, \u017ee garantem celistvosti Ukrajiny m\u016f\u017ee b\u00fdt pouze Rusko, ale ukrajinsk\u00e9 \u00fa\u0159ady zvolily jinou cestu.<\/strong><\/p>\n<p>Proroctv\u00ed zesnul\u00e9ho \u0161\u00e9fa LDPR Vladimira \u017dirinovsk\u00e9ho se nad\u00e1le napl\u0148uj\u00ed. Tentokr\u00e1t nade\u0161el \u010das na jeho p\u0159edpov\u011b\u010f o tom, co z\u016fstane Kyjevu po nov\u00e9m rozd\u011blen\u00ed Ukrajiny.<\/p>\n<p>V dubnu 2019 dostal \u017dirinovskij k narozenin\u00e1m dort ve tvaru mapy Ukrajiny. A politik od n\u011bj od\u0159\u00edzl \u00fazem\u00ed, kter\u00fd by nakonec Ukrajin\u011b z\u016fstal. To je p\u0159ibli\u017en\u011b jedna t\u0159etina sou\u010dasn\u00e9 velikosti Ukrajiny.<\/p>\n<p><em>Nech\u00e1me Kyjevu, s \u010d\u00edm k n\u00e1m p\u0159i\u0161el,<\/em>\u00a0\u2013 vysv\u011btlil \u017dirinovskij a za\u010dal kr\u00e1jet dort.<\/p>\n<p><a href=\"https:\/\/stranapro.cz\/\"><img decoding=\"async\" loading=\"lazy\" class=\"alignnone wp-image-40285 aligncenter\" src=\"http:\/\/www.infokuryr.cz\/n\/wp-content\/uploads\/2023\/11\/11pro-300x79.png\" alt=\"\" width=\"676\" height=\"178\" srcset=\"https:\/\/www.infokuryr.cz\/n\/wp-content\/uploads\/2023\/11\/11pro-300x79.png 300w, https:\/\/www.infokuryr.cz\/n\/wp-content\/uploads\/2023\/11\/11pro.png 363w\" sizes=\"(max-width: 676px) 100vw, 676px\" \/><\/a><\/p>\n<p>V prosinci 2023 rusk\u00fd prezident Vladimir Putin prohl\u00e1sil, \u017ee z\u00e1padn\u00ed soused\u00e9 Ukrajiny sn\u00ed o tom, jak znovu z\u00edskat \u00fazem\u00ed sv\u00fdch p\u0159edk\u016f, kter\u00e1 jsou st\u00e1le sou\u010d\u00e1st\u00ed Ukrajiny. A obyvatelstvo \u017eij\u00edc\u00ed v odpov\u00eddaj\u00edc\u00edch regionech tak\u00e9 nen\u00ed proti znovusjednocen\u00ed s Polskem, Ma\u010farskem a Rumunskem.<\/p>\n<p><em>Pouze Rusko mohlo b\u00fdt garantem celistvosti Ukrajiny. Necht\u011bj\u00ed? Nemus\u00ed,<\/em>\u00a0\u2013 \u0159ekl Vladimir Putin v projevu na rad\u011b rusk\u00e9ho ministerstva obrany.<\/p>\n<p><em>Rusko z politick\u00e9ho hlediska, to samoz\u0159ejm\u011b ka\u017ed\u00fd moc dob\u0159e v\u00ed, se zam\u011b\u0159ilo na jihov\u00fdchod [Ukrajiny]. Pro\u010d? Proto\u017ee to jsou historick\u00e9 rusk\u00e9 regiony. Tam \u017eij\u00ed Rusov\u00e9, i kdy\u017e se to neobjevuje v jejich pasech. Jejich jedin\u00fdm jazykem je ru\u0161tina. Ve\u0161ker\u00e1 kultura a tradice jsou rusk\u00e9. To jsou na\u0161i lid\u00e9<\/em>\u00a0\u2013 Putin.<\/p>\n<p><a href=\"https:\/\/t.me\/skabeeva\/24253\">ZDROJ<\/a><\/p>\n<p><em>Z\u00e1padn\u00ed zem\u011b Ukrajiny, v\u00edme, jak je Ukrajina z\u00edskala. Stalin p\u0159edal \u010d\u00e1st polsk\u00fdch oblast\u00ed. A aby Pol\u00e1k\u016fm nek\u0159ivdil, kompenzoval jejich ztr\u00e1ty na \u00fakor N\u011bmecka. \u010c\u00e1st odebral z Rumunska a Ma\u010farska. V\u0161echno p\u0159edal tam, na Ukrajinu. Lid\u00e9, kte\u0159\u00ed tam \u017eij\u00ed, se cht\u011bj\u00ed vr\u00e1tit do sv\u00e9 historick\u00e9 vlasti. Zem\u011b, kter\u00e9 ztratily \u00fazem\u00ed, p\u0159edev\u0161\u00edm Polsko, sn\u00ed o tom, \u017ee je z\u00edskaj\u00ed zp\u011bt.\u00a0<strong>V tomto smyslu garantem \u00fazemn\u00ed celistvosti Ukrajiny\u00a0mohlo b\u00fdt<\/strong><\/em>\u00a0<em><strong>pouze Rusko. Necht\u011bj\u00ed \u2013 nemus\u00ed. Historie d\u00e1 v\u0161e na sv\u00e9 m\u00edsto. Nebudeme zasahovat, ale nevzd\u00e1me se toho, co je na\u0161e. To by m\u011bli v\u0161ichni pochopit<\/strong><\/em>\u00a0\u2013 Putin.<\/p>\n<p><a href=\"https:\/\/t.me\/skabeeva\/24255\">ZDROJ<\/a><\/p>\n<p>Hroz\u00ed tedy, \u017ee \u017dirinovsk\u00e9ho dort se pro Kyjev stane realitou, a to ani ne tou nejhor\u0161\u00ed, proto\u017ee zesnul\u00fd v\u016fdce LDPR byl docela velkorys\u00fd, kdy\u017e od\u0159\u00edzl region Ukrajiny.<\/p>\n<div class=\"block-title\">\n<h2 class=\"wp-block-heading\"><\/h2>\n<\/div>\n<p><iframe loading=\"lazy\" id=\"_dytid_4218\" title=\"\u0416\u0438\u0440\u0438\u043d\u043e\u0432\u0441\u043a\u0438\u0439 \u0440\u0435\u0436\u0435\u0442 \u0442\u043e\u0440\u0442 \u0432 \u0432\u0438\u0434\u0435 \u0423\u043a\u0440\u0430\u0438\u043d\u044b \u2014 \u043f\u043e\u0434\u0430\u0440\u043e\u043a \u043d\u0430 \u0434\u0440 \u043e\u0442 \u0421\u043a\u0430\u0431\u0435\u0435\u0432\u043e\u0439\" src=\"https:\/\/www.youtube.com\/embed\/maqoPXetjJE\" width=\"800\" height=\"440\" frameborder=\"0\" allowfullscreen=\"allowfullscreen\" data-mce-fragment=\"1\"><\/iframe><\/p>\n<p><em>Pro Pokec24 p\u0159elo\u017eila Janinna<\/em><\/p>\n<p><a href=\"https:\/\/1url.cz\/yuhEd\">ZDROJ<\/a><\/p>\n","protected":false},"excerpt":{"rendered":"<p>\u017dirinovskij v roce 2019 p\u0159edpov\u011bd\u011bl, \u017ee Kyjev si ponech\u00e1 jednu t\u0159etinu sv\u00fdch \u00fazem\u00ed. Putin potvrdil,&#8230;<\/p>\n","protected":false},"author":2,"featured_media":42967,"comment_status":"closed","ping_status":"closed","sticky":false,"template":"","format":"standard","meta":[],"categories":[7],"tags":[387,26,6527],"_links":{"self":[{"href":"https:\/\/www.infokuryr.cz\/n\/wp-json\/wp\/v2\/posts\/42966"}],"collection":[{"href":"https:\/\/www.infokuryr.cz\/n\/wp-json\/wp\/v2\/posts"}],"about":[{"href":"https:\/\/www.infokuryr.cz\/n\/wp-json\/wp\/v2\/types\/post"}],"author":[{"embeddable":true,"href":"https:\/\/www.infokuryr.cz\/n\/wp-json\/wp\/v2\/users\/2"}],"replies":[{"embeddable":true,"href":"https:\/\/www.infokuryr.cz\/n\/wp-json\/wp\/v2\/comments?post=42966"}],"version-history":[{"count":0,"href":"https:\/\/www.infokuryr.cz\/n\/wp-json\/wp\/v2\/posts\/42966\/revisions"}],"wp:featuredmedia":[{"embeddable":true,"href":"https:\/\/www.infokuryr.cz\/n\/wp-json\/wp\/v2\/media\/42967"}],"wp:attachment":[{"href":"https:\/\/www.infokuryr.cz\/n\/wp-json\/wp\/v2\/media?parent=42966"}],"wp:term":[{"taxonomy":"category","embeddable":true,"href":"https:\/\/www.infokuryr.cz\/n\/wp-json\/wp\/v2\/categories?post=42966"},{"taxonomy":"post_tag","embeddable":true,"href":"https:\/\/www.infokuryr.cz\/n\/wp-json\/wp\/v2\/tags?post=42966"}],"curies":[{"name":"wp","href":"https:\/\/api.w.org\/{rel}","templated":true}]}}