{"id":42965,"date":"2023-12-20T05:44:27","date_gmt":"2023-12-20T04:44:27","guid":{"rendered":"http:\/\/www.infokuryr.cz\/n\/?p=42965"},"modified":"2023-12-20T05:44:27","modified_gmt":"2023-12-20T04:44:27","slug":"lekarem-krale-charlese-se-stal-homeopat-je-ockovani-a-alopaticka-medicina-urcena-pouze-pro-plebs","status":"publish","type":"post","link":"https:\/\/www.infokuryr.cz\/n\/2023\/12\/20\/lekarem-krale-charlese-se-stal-homeopat-je-ockovani-a-alopaticka-medicina-urcena-pouze-pro-plebs\/","title":{"rendered":"L\u00e9ka\u0159em kr\u00e1le Charlese se stal homeopat. Je o\u010dkov\u00e1n\u00ed a alopatick\u00e1 medic\u00edna ur\u010dena pouze pro plebs?!"},"content":{"rendered":"<div id=\"fb-root\"><\/div>\n<p><strong>A<\/strong><b>nglick\u00fd kr\u00e1l Charles m\u00e1 nov\u00e9ho osobn\u00edho l\u00e9ka\u0159e. Stal se j\u00edm praktick\u00fd l<\/b><a style=\"font-weight: bold;\" href=\"https:\/\/www.telegraph.co.uk\/royal-family\/2023\/12\/10\/king-charles-dr-michael-dixon-gp-homeopathy-alternative\/\">\u00e9ka\u0159 Dr. Charles Dixon<\/a><b>, kter\u00fd jako hlavn\u00ed terapeutickou metodu l\u00e9\u010dby pou\u017e\u00edv\u00e1 homeopatii.<\/b> V\u00fdhradn\u011b homeopaticky se l\u00e9\u010dila i kr\u00e1lovna Al\u017eb\u011bta II., matka sou\u010dasn\u00e9ho kr\u00e1le. Ta se do\u017eila \u00factyhodn\u00e9ho v\u011bku 99 let, stejn\u011b jako jej\u00ed man\u017eel Filip (100) a oba do posledn\u00edch dn\u016f vedli velmi aktivn\u00ed \u017eivot.<\/p>\n<p><strong>To pon\u011bkud kontrastuje s ned\u00e1vnou plandemi\u00ed koronaviru a agresivn\u00ed o\u010dkovac\u00ed ma\u0161in\u00e9ri\u00ed, jej\u00ed\u017e sou\u010d\u00e1st\u00ed byl i tehdy princ Charles. Podle n\u011bj experiment\u00e1ln\u00ed korona vakc\u00edny pom\u00e1haly \u201e<a href=\"https:\/\/amp.theguardian.com\/uk-news\/2021\/mar\/17\/prince-charles-vaccine-covid-anti-vaxxers\">chr\u00e1nit a osvobozovat\u201c<\/a>!<\/strong>\u00a0Ve sv\u011btle sou\u010dasn\u00fdch poznatk\u016f. masivn\u00edch vedlej\u0161\u00edch \u00fa\u010dink\u016f se zd\u00e1, \u017ee jedin\u00fdm\u00a0<strong>benefitorem t\u011bchto experiment\u00e1ln\u00edch korona vakc\u00edn byli jejich v\u00fdrobci \u2013 velk\u00e9 nadn\u00e1rodn\u00ed farmaceutick\u00e9 firmy. Ty na podivn\u00fdch vakc\u00edn\u00e1ch a je\u0161t\u011b podivn\u011bj\u0161\u00edch smlouv\u00e1ch na jejich n\u00e1kup poh\u00e1dkov\u011b zbohatly a nad\u00e1le bohatnou.<\/strong><\/p>\n<p><a href=\"https:\/\/stranapro.cz\/\"><img decoding=\"async\" loading=\"lazy\" class=\"alignnone  wp-image-40285 aligncenter\" src=\"http:\/\/www.infokuryr.cz\/n\/wp-content\/uploads\/2023\/11\/11pro-300x79.png\" alt=\"\" width=\"543\" height=\"143\" srcset=\"https:\/\/www.infokuryr.cz\/n\/wp-content\/uploads\/2023\/11\/11pro-300x79.png 300w, https:\/\/www.infokuryr.cz\/n\/wp-content\/uploads\/2023\/11\/11pro.png 363w\" sizes=\"(max-width: 543px) 100vw, 543px\" \/><\/a><\/p>\n<p>Podle v\u011bt\u0161iny alternativn\u00edch l\u00e9\u010debn\u00fdch terapi\u00ed jsou vedlej\u0161\u00ed \u00fa\u010dinky o\u010dkovac\u00edch vakc\u00edn v\u00e1\u017en\u011bj\u0161\u00ed ne\u017e \u00fadajn\u00e9 p\u0159\u00ednosy o\u010dkov\u00e1n\u00ed. To se podle praktik\u016f alterantivn\u00edch l\u00e9\u010deb\u00fdch syst\u00e9m\u016f t\u00fdk\u00e1 v\u0161ech vakc\u00edn, nejenom skand\u00e1ln\u00edch rychlokva\u0161ek na \u00fadajnou l\u00e9\u010dbu koronaviru. Masivn\u00ed o\u010dkov\u00e1n\u00ed se d\u00e1v\u00e1 do souvislosti s n\u00e1r\u016fstem nap\u0159\u00edklad autismu u d\u011bt\u00ed a dal\u0161\u00ed \u0159ady v\u00e1\u017en\u00fdch chronick\u00fdch onemocn\u011bn\u00ed.\u00a0<strong>U korona vakc\u00edn jsou to n\u00e1hl\u00e1 \u00famrt\u00ed, neplodnost, neurologick\u00e9 pot\u00ed\u017ee atd<\/strong>.<\/p>\n<p>Je to paradox!\u00a0<strong>Glob\u00e1ln\u00ed elity podporuj\u00ed podivn\u00e9 l\u00e9\u010debn\u00e9 postupy, ale sami se l\u00e9\u010d\u00ed alternativn\u00ed medic\u00ednou bez vedlej\u0161\u00edch \u00fa\u010dink\u016f! Vakc\u00edny, chemoterapie, l\u00e9ky proti cholesterolu atd. jsou tedy pouze pro b\u011b\u017en\u00fd lid!<\/strong><\/p>\n<p><a href=\"https:\/\/ceskavec.com\/2023\/12\/lekarem-krale-charlese-se-stal-homeopat-je-ockovani-a-alopaticka-medicina-urcena-pouze-pro-plebs\">Prometheus<\/a><\/p>\n<p>&nbsp;<\/p>\n<p>&nbsp;<\/p>\n<p>&nbsp;<\/p>\n","protected":false},"excerpt":{"rendered":"<p>Anglick\u00fd kr\u00e1l Charles m\u00e1 nov\u00e9ho osobn\u00edho l\u00e9ka\u0159e. Stal se j\u00edm praktick\u00fd l\u00e9ka\u0159 Dr. Charles Dixon,&#8230;<\/p>\n","protected":false},"author":2,"featured_media":14926,"comment_status":"closed","ping_status":"closed","sticky":false,"template":"","format":"standard","meta":[],"categories":[7],"tags":[443,3278,5382,630],"_links":{"self":[{"href":"https:\/\/www.infokuryr.cz\/n\/wp-json\/wp\/v2\/posts\/42965"}],"collection":[{"href":"https:\/\/www.infokuryr.cz\/n\/wp-json\/wp\/v2\/posts"}],"about":[{"href":"https:\/\/www.infokuryr.cz\/n\/wp-json\/wp\/v2\/types\/post"}],"author":[{"embeddable":true,"href":"https:\/\/www.infokuryr.cz\/n\/wp-json\/wp\/v2\/users\/2"}],"replies":[{"embeddable":true,"href":"https:\/\/www.infokuryr.cz\/n\/wp-json\/wp\/v2\/comments?post=42965"}],"version-history":[{"count":0,"href":"https:\/\/www.infokuryr.cz\/n\/wp-json\/wp\/v2\/posts\/42965\/revisions"}],"wp:featuredmedia":[{"embeddable":true,"href":"https:\/\/www.infokuryr.cz\/n\/wp-json\/wp\/v2\/media\/14926"}],"wp:attachment":[{"href":"https:\/\/www.infokuryr.cz\/n\/wp-json\/wp\/v2\/media?parent=42965"}],"wp:term":[{"taxonomy":"category","embeddable":true,"href":"https:\/\/www.infokuryr.cz\/n\/wp-json\/wp\/v2\/categories?post=42965"},{"taxonomy":"post_tag","embeddable":true,"href":"https:\/\/www.infokuryr.cz\/n\/wp-json\/wp\/v2\/tags?post=42965"}],"curies":[{"name":"wp","href":"https:\/\/api.w.org\/{rel}","templated":true}]}}