{"id":42964,"date":"2023-12-20T05:41:07","date_gmt":"2023-12-20T04:41:07","guid":{"rendered":"http:\/\/www.infokuryr.cz\/n\/?p=42964"},"modified":"2023-12-20T05:41:07","modified_gmt":"2023-12-20T04:41:07","slug":"thomas-fazi-je-to-pro-zelenskeho-konec-ukrajinsky-prezident-celi-vyzvam-ke-zmene-rezimu","status":"publish","type":"post","link":"https:\/\/www.infokuryr.cz\/n\/2023\/12\/20\/thomas-fazi-je-to-pro-zelenskeho-konec-ukrajinsky-prezident-celi-vyzvam-ke-zmene-rezimu\/","title":{"rendered":"Thomas Fazi: Je to pro Zelensk\u00e9ho konec? Ukrajinsk\u00fd prezident \u010del\u00ed v\u00fdzv\u00e1m ke zm\u011bn\u011b re\u017eimu"},"content":{"rendered":"<div id=\"fb-root\"><\/div>\n<section class=\"perex\">Od rusk\u00e9 invaze na Ukrajinu je z\u00e1padn\u00ed ve\u0159ejnosti p\u0159edkl\u00e1d\u00e1n p\u0159\u00edb\u011bh ukrajinsk\u00e9 fronty, kter\u00e1 je neochv\u011bjn\u011b odhodl\u00e1na dos\u00e1hnout \u00fapln\u00e9ho vojensk\u00e9ho v\u00edt\u011bzstv\u00ed nad Ruskem. V posledn\u00edch n\u011bkolika t\u00fddnech se v\u0161ak toto vypr\u00e1v\u011bn\u00ed za\u010dalo hroutit.<\/p>\n<\/section>\n<section class=\"clanek-obsah\">Navzdory ne\u00fasp\u011bchu ukrajinsk\u00e9 protiofenz\u00edvy podporovan\u00e9 NATO, kter\u00fd je nyn\u00ed\u00a0<a href=\"https:\/\/www.dailymail.co.uk\/news\/article-12816663\/Zelensky-Ukraine-counter-offensive-Russia-failed.html\" target=\"_blank\" rel=\"external noopener\">v\u0161eobecn\u011b p\u0159ij\u00edm\u00e1n<\/a>, se Zelenskyj nad\u00e1le dr\u017e\u00ed maximalistick\u00e9ho narativu o v\u00edt\u011bzstv\u00ed za ka\u017edou cenu \u2013 Ukrajina mus\u00ed pokra\u010dovat v boji, dokud nez\u00edsk\u00e1 zp\u011bt ka\u017ed\u00fd centimetr ztracen\u00e9ho \u00fazem\u00ed, v\u010detn\u011b Krymu, a s Putinem by se nem\u011blo vyjedn\u00e1vat. Je to pochopiteln\u00e9: na dosa\u017een\u00ed tohoto c\u00edle vsadil v\u0161e \u2013 cokoli men\u0161\u00edho by pravd\u011bpodobn\u011b znamenalo konec jeho politick\u00e9 kari\u00e9ry.<\/p>\n<p>Zelensk\u00e9ho pozice se v\u0161ak jev\u00ed jako st\u00e1le izolovan\u011bj\u0161\u00ed. Jak\u00a0<a href=\"https:\/\/time.com\/6329188\/ukraine-volodymyr-zelensky-interview\/\" target=\"_blank\" rel=\"external noopener\">napsal<\/a>\u00a0Simon Shuster v \u010dasopise Time, \u201esamotn\u00ed Zelensk\u00e9ho spolupracovn\u00edci jsou v\u016f\u010di [sou\u010dasn\u00e9] politice krajn\u011b skepti\u010dt\u00ed\u201c a prezidentovu v\u00edru v kone\u010dn\u00e9 v\u00edt\u011bzstv\u00ed Ukrajiny nad Ruskem popisuj\u00ed jako \u201eneochv\u011bjnou, hrani\u010d\u00edc\u00ed s mesi\u00e1\u0161stv\u00edm\u201c.<\/p>\n<p>Po\u010d\u00e1tkem listopadu se pro The Economist\u00a0<a href=\"https:\/\/www.economist.com\/europe\/2023\/11\/01\/ukraines-commander-in-chief-on-the-breakthrough-he-needs-to-beat-russia\" target=\"_blank\" rel=\"external noopener\">nevyj\u00e1d\u0159il<\/a>\u00a0nikdo jin\u00fd ne\u017e vrchn\u00ed ukrajinsk\u00fd velitel, gener\u00e1l Valerij Z\u00e1lu\u017en\u00fd, \u017ee v\u00e1lka s Ruskem se dostala do patov\u00e9 situace a m\u011bn\u00ed se v dlouhou opot\u0159ebovac\u00ed v\u00e1lku \u2013 v\u00e1lku, v n\u00ed\u017e m\u00e1 Rusko p\u0159evahu. Mnoz\u00ed to pochopili tak, \u017ee gener\u00e1l se domn\u00edv\u00e1, \u017ee nastal \u010das vyjednat s Ruskem dohodu. To vedlo k ve\u0159ejn\u00e9 konfrontaci mezi Zalu\u017en\u00fdm a Zelensk\u00fdm, kter\u00fd gener\u00e1lovu hodnocen\u00ed vytkl a zopakoval sv\u00e9 odm\u00edtnut\u00ed vyjedn\u00e1vat s Moskvou o jak\u00e9koli dohod\u011b o p\u0159\u00edm\u011b\u0159\u00ed.<\/p>\n<p>Od t\u00e9 doby rivalita mezi ob\u011bma p\u0159erostla v naprost\u00fd boj o moc. Podle ukrajinsk\u00e9ho zpravodajsk\u00e9ho webu\u00a0<a href=\"https:\/\/www.pravda.com.ua\/articles\/2022\/04\/21\/7341035\/\" target=\"_blank\" rel=\"external noopener\">Ukrajinska pravda<\/a>\u00a0Zelenskyj pova\u017euje Zalu\u017en\u00e9ho popularitu za politickou hrozbu \u2013 a ned\u00e1vn\u00e9 ud\u00e1losti prezidentovy obavy jen pos\u00edlily. Arm\u00e1da je podle n\u011bj skute\u010dn\u011b rozd\u011blena na ty, kte\u0159\u00ed jsou pod\u0159\u00edzeni Zalu\u017en\u00e9mu, a na ty, kte\u0159\u00ed jsou loaj\u00e1ln\u00ed veliteli pozemn\u00edch sil Oleksandru Syrsk\u00e9mu, Zelensk\u00e9ho spojenci.<\/p>\n<p>Zalu\u017enyj v\u0161ak nebyl v kritice Zelensk\u00e9ho s\u00e1m. Minul\u00fd t\u00fdden kyjevsk\u00fd starosta Vitalij Kli\u010dko ve\u0159ejn\u011b\u00a0<a href=\"https:\/\/meduza.io\/en\/news\/2023\/12\/03\/kyiv-mayor-says-afu-commander-in-chief-valerii-zaluzhnyi-told-the-truth-in-saying-war-has-reached-stalemate\" target=\"_blank\" rel=\"external noopener\">podpo\u0159il<\/a>\u00a0Zalu\u017en\u00e9ho v\u00fdroky o v\u00e1lce a prohl\u00e1sil, \u017ee Zelenskyj \u201eplat\u00ed za chyby, kter\u00e9 ud\u011blal\u201c. Na za\u010d\u00e1tku tohoto m\u011bs\u00edce se do pop\u0159ed\u00ed dostal tak\u00e9 dlouhodob\u00fd konflikt mezi Zelensk\u00fdm a b\u00fdval\u00fdm prezidentem Petrem Poro\u0161enkem, kdy\u017e ukrajinsk\u00e9 \u00fa\u0159ady\u00a0<a href=\"https:\/\/apnews.com\/article\/russia-ukraine-war-poroshenko-orban-meeting-zaporizhzhia-a1c84944dcd18b01ad445da32294e95f\" target=\"_blank\" rel=\"external noopener\">zabr\u00e1nily<\/a>\u00a0b\u00fdval\u00e9 hlav\u011b st\u00e1tu opustit zemi na pl\u00e1novan\u00e9 setk\u00e1n\u00ed s ma\u010farsk\u00fdm premi\u00e9rem Viktorem Orb\u00e1nem.<\/p>\n<p>Podle jeho kritik\u016f je to d\u016fkazem Zelensk\u00e9ho st\u00e1le autorit\u00e1\u0159\u0161t\u011bj\u0161\u00edho ovl\u00e1d\u00e1n\u00ed zem\u011b. \u201eV ur\u010dit\u00e9m okam\u017eiku se ji\u017e nebudeme li\u0161it od Ruska, kde v\u0161e z\u00e1vis\u00ed na rozmaru jednoho \u010dlov\u011bka,\u201c\u00a0<a href=\"https:\/\/www.spiegel.de\/ausland\/ukraine-im-kriegswinter-kaempfen-und-leben-a-fa0ee2a7-e267-4d0e-9a1e-84e5af901419\" target=\"_blank\" rel=\"external noopener\">\u0159ekl<\/a>\u00a0Kli\u010dko v rozhovoru pro Der Spiegel. O \u201eautorit\u00e1\u0159sk\u00e9m regresu\u201c\u00a0<a href=\"https:\/\/www.repubblica.it\/esteri\/2023\/12\/03\/news\/ucraina_poroshenko_zelensky-421562678\/\" target=\"_blank\" rel=\"external noopener\">hovo\u0159ila<\/a>\u00a0i Ivanna Klympushov\u00e1-Cyncadzeov\u00e1, b\u00fdval\u00e1 Poro\u0161enkova vicepremi\u00e9rka.<\/p>\n<p>Zelenskyj v\u0161ak ne\u010del\u00ed kritice jen kv\u016fli dal\u0161\u00edmu postupu Ukrajiny; n\u011bkte\u0159\u00ed nyn\u00ed tvrd\u00ed, \u017ee cel\u00e1 strategie byla od po\u010d\u00e1tku zpackan\u00e1. Oleksij Arestovy\u010d, b\u00fdval\u00fd Zelensk\u00e9ho prezidentsk\u00fd poradce, kter\u00fd se nyn\u00ed stal jeho kritikem, ned\u00e1vno\u00a0<a href=\"https:\/\/t.me\/O_Arestovich_official\/4725\" target=\"_blank\" rel=\"external noopener\">napsal<\/a>, \u017ee \u201ev\u00e1lka mohla skon\u010dit Istanbulsk\u00fdmi dohodami a p\u00e1r set tis\u00edc lid\u00ed by je\u0161t\u011b \u017eilo\u201c, \u010d\u00edm\u017e nar\u00e1\u017eel na kolo m\u00edrov\u00fdch rozhovor\u016f, kter\u00e9 se uskute\u010dnilo v b\u0159eznu a na za\u010d\u00e1tku dubna 2022 a kter\u00e9 zprost\u0159edkovalo Turecko.<\/p>\n<p><a href=\"https:\/\/stranapro.cz\/\"><img decoding=\"async\" loading=\"lazy\" class=\"alignnone  wp-image-40285 aligncenter\" src=\"http:\/\/www.infokuryr.cz\/n\/wp-content\/uploads\/2023\/11\/11pro-300x79.png\" alt=\"\" width=\"589\" height=\"155\" srcset=\"https:\/\/www.infokuryr.cz\/n\/wp-content\/uploads\/2023\/11\/11pro-300x79.png 300w, https:\/\/www.infokuryr.cz\/n\/wp-content\/uploads\/2023\/11\/11pro.png 363w\" sizes=\"(max-width: 589px) 100vw, 589px\" \/><\/a><\/p>\n<p>P\u0159i t\u00e9 p\u0159\u00edle\u017eitosti dos\u00e1hli ru\u0161t\u00ed a ukrajin\u0161t\u00ed vyjednava\u010di p\u0159edb\u011b\u017en\u00e9 dohody o obrysech vyjednan\u00e9ho prozat\u00edmn\u00edho \u0159e\u0161en\u00ed \u2013 podle n\u00ed\u017e Rusko souhlasilo se sta\u017een\u00edm vojsk pod\u00e9l linie p\u0159ed 24. \u00fanorem 2022 v\u00fdm\u011bnou za neutralitu Ukrajiny -, ale dohodu \u00fadajn\u011b\u00a0<a href=\"https:\/\/www.pravda.com.ua\/eng\/news\/2022\/05\/5\/7344206\/\" target=\"_blank\" rel=\"external noopener\">zablokoval<\/a>\u00a0Boris Johnson a\u00a0<a href=\"https:\/\/strana.today\/news\/451627-perehovory-rossii-i-ukrainy-v-2022-hodu-sorvali-dzhonson-hosdep-i-pentahon-medinskij.html\" target=\"_blank\" rel=\"external noopener\">z\u00e1stupci americk\u00e9ho ministerstva zahrani\u010d\u00ed<\/a>\u00a0a Pentagonu. Dokonce i David Arahamia, p\u0159edseda parlamentu Zelensk\u00e9ho vlastn\u00ed strany Sluha lidu, kter\u00fd vedl ukrajinskou delegaci v m\u00edrov\u00fdch rozhovorech s Moskvou, ned\u00e1vno\u00a0<a href=\"https:\/\/strana.today\/news\/451310-vojna-mohla-zavershitsja-vesnoj-2022-hoda-david-arakhamija.html\" target=\"_blank\" rel=\"external noopener\">prohl\u00e1sil<\/a>, \u017ee Rusko bylo \u201ep\u0159ipraveno ukon\u010dit v\u00e1lku, pokud p\u0159ijmeme neutralitu\u201c, ale \u017ee rozhovory nakonec zkrachovaly z n\u011bkolika d\u016fvod\u016f \u2013 v\u010detn\u011b Johnsonovy n\u00e1v\u0161t\u011bvy v Kyjev\u011b, kde informoval ukrajinsk\u00e9 p\u0159edstavitele, \u017ee by m\u011bli pokra\u010dovat v boji.<\/p>\n<p>Zelenskyj v\u0161ak ne\u010del\u00ed jen rostouc\u00ed opozici ze strany konkuren\u010dn\u00edch politik\u016f a arm\u00e1dy, ale tak\u00e9 ze strany oby\u010dejn\u00fdch Ukrajinc\u016f. Po cel\u00e9 zemi za\u010daly do ulic vych\u00e1zet rodiny voj\u00e1k\u016f, kter\u00e9\u00a0<a href=\"https:\/\/apnews.com\/article\/russia-ukraine-war-weariness-military-service-avdviika-39ea62b27e0d8cefcf31c1c1c6dd8f92\" target=\"_blank\" rel=\"external noopener\">po\u017eaduj\u00ed<\/a>\u00a0omezen\u00ed d\u00e9lky vojensk\u00e9 slu\u017eby a n\u00e1vrat t\u011bch, kte\u0159\u00ed slou\u017eili 18 m\u011bs\u00edc\u016f a d\u00e9le, a tak\u00e9 informace o v\u00edce ne\u017e 15 000 voj\u00e1c\u00edch, kte\u0159\u00ed jsou nezv\u011bstn\u00ed v boji. Mezit\u00edm\u00a0<a href=\"https:\/\/www.newsweek.com\/ukraine-russia-zelensky-petition-draft-lawmakers-dubinsky-1849142\" target=\"_blank\" rel=\"external noopener\">petice<\/a>\u00a0po\u017eaduj\u00edc\u00ed zm\u011bnu mobiliza\u010dn\u00edch pravidel dos\u00e1hla hranice 25 000 podpis\u016f, aby se j\u00ed mohl zab\u00fdvat prezident, co\u017e je\u0161t\u011b v\u00edce zkomplikovalo Zelensk\u00e9ho snahu o nav\u00fd\u0161en\u00ed po\u010dtu voj\u00e1k\u016f, kterou ji\u017e brzd\u00ed\u00a0<a href=\"https:\/\/www.wsj.com\/amp\/articles\/a-year-into-war-ukraine-faces-challenges-mobilizing-troops-64dcdc49\" target=\"_blank\" rel=\"external noopener\">masivn\u00ed vyh\u00fdb\u00e1n\u00ed se<\/a>\u00a0odvod\u016fm.<\/p>\n<p>Tato rostouc\u00ed vlna nep\u0159\u00e1telstv\u00ed v\u016f\u010di prezidentovi \u2013 a ukrajinsk\u00e9 v\u00e1le\u010dn\u00e9 strategii obecn\u011b \u2013 znamen\u00e1, \u017ee jeho politick\u00e1 budoucnost se zd\u00e1 b\u00fdt st\u00e1le v\u00edce zpochybn\u011bna. Podle ned\u00e1vn\u00e9ho\u00a0<a href=\"https:\/\/www.pravda.com.ua\/rus\/news\/2023\/12\/4\/7431550\/\" target=\"_blank\" rel=\"external noopener\">pr\u016fzkumu<\/a>\u00a0ve\u0159ejn\u00e9ho m\u00edn\u011bn\u00ed jsou nyn\u00ed hodnocen\u00ed Zelensk\u00e9ho a Zalu\u017en\u00e9ho t\u00e9m\u011b\u0159 toto\u017en\u00e1, zat\u00edmco\u00a0<a href=\"https:\/\/www.economist.com\/europe\/2023\/11\/28\/russia-is-poised-to-take-advantage-of-political-splits-in-ukraine\" target=\"_blank\" rel=\"external noopener\">podle<\/a>\u00a0\u010dasopisu The Economist d\u016fv\u011bra v prezidenta klesla na 32 %. Jin\u00fd\u00a0<a href=\"https:\/\/ukraine-elections.com.ua\/en\/socopros\/opinion_poll_show\/2132\" target=\"_blank\" rel=\"external noopener\">pr\u016fzkum<\/a>\u00a0st\u00e1le ozna\u010dil Zelensk\u00e9ho za favorita, ale s rostouc\u00ed podporou jak Poro\u0161enka \u2013 na druh\u00e9m m\u00edst\u011b -, tak Zalu\u017en\u00e9ho (kter\u00fd, nutno podotknout, zat\u00edm neprojevil \u017e\u00e1dn\u00e9 politick\u00e9 ambice).<\/p>\n<p>Nem\u011blo by n\u00e1s tedy p\u0159ekvapit, \u017ee Zelenskyj ned\u00e1vno\u00a0<a href=\"https:\/\/apnews.com\/article\/russia-ukraine-war-birthday-grenade-b1b82e4f84eb5a39286d1500cf49fcd1\" target=\"_blank\" rel=\"external noopener\">vylou\u010dil<\/a>\u00a0kon\u00e1n\u00ed voleb, p\u016fvodn\u011b pl\u00e1novan\u00fdch na b\u0159ezen p\u0159\u00ed\u0161t\u00edho roku, s odkazem na probl\u00e9my s bezpe\u010dnost\u00ed a financov\u00e1n\u00edm. V\u011bt\u0161ina Ukrajinc\u016f pr\u00fd toto rozhodnut\u00ed\u00a0<a href=\"https:\/\/www.aljazeera.com\/features\/2023\/12\/9\/should-ukraines-zelenskyy-hold-elections-amid-russia-war-no-say-voters\" target=\"_blank\" rel=\"external noopener\">podporuje<\/a>, ale to neznamen\u00e1, \u017ee Zelensk\u00e9ho probl\u00e9my skon\u010dily. Koneckonc\u016f ne\u00fasp\u011bch protiofenz\u00edvy vyvol\u00e1v\u00e1 odpor i mezi jeho z\u00e1padn\u00edmi podporovateli, kte\u0159\u00ed si uv\u011bdomuj\u00ed, \u017ee Ukrajina si na boji\u0161ti svou pozici pravd\u011bpodobn\u011b nezlep\u0161\u00ed.<\/p>\n<p>N\u011bkte\u0159\u00ed z\u00e1padn\u00ed analytici vykresluj\u00ed je\u0161t\u011b chmurn\u011bj\u0161\u00ed obr\u00e1zek a konstatuj\u00ed, \u017ee Ukrajina nen\u00ed ani schopna br\u00e1nit \u00fazemn\u00ed status quo. \u201eKa\u017ed\u00e1 kategorie je ve prosp\u011bch Ruska a bude se i nad\u00e1le nakl\u00e1n\u011bt v jeho prosp\u011bch,\u201c\u00a0<a href=\"https:\/\/responsiblestatecraft.org\/ukraine-war-stalemate-2666354627\/\" target=\"_blank\" rel=\"external noopener\">tvrd\u00ed<\/a>\u00a0b\u00fdval\u00fd podplukovn\u00edk americk\u00e9 arm\u00e1dy Daniel Davis, star\u0161\u00ed spolupracovn\u00edk a vojensk\u00fd expert ve spole\u010dnosti Defense Priorities. Dokonce i gener\u00e1ln\u00ed tajemn\u00edk NATO Jens Stoltenberg\u00a0<a href=\"https:\/\/www.business-standard.com\/world-news\/nato-should-be-prepared-for-bad-news-from-ukraine-jens-stoltenberg-123120300864_1.html\" target=\"_blank\" rel=\"external noopener\">uvedl<\/a>, \u017ee NATO \u201eby m\u011blo b\u00fdt p\u0159ipraveno na \u0161patn\u00e9 zpr\u00e1vy\u201c.<\/p>\n<p>Vzhledem k takov\u00e9mu roz\u0161\u00ed\u0159en\u00e9mu pesimismu klesly nov\u00e9 p\u0159\u00edsliby pomoci Ukrajin\u011b na nejni\u017e\u0161\u00ed \u00farove\u0148 od za\u010d\u00e1tku v\u00e1lky, jak vypl\u00fdv\u00e1 ze\u00a0<a href=\"https:\/\/www.ifw-kiel.de\/publications\/news\/ukraine-support-tracker-new-aid-drops-to-lowest-level-since-january-2022\/\" target=\"_blank\" rel=\"external noopener\">sledov\u00e1n\u00ed<\/a>\u00a0pomoci Ukrajin\u011b, kter\u00e9 prov\u00e1d\u00ed n\u011bmeck\u00fd Kiel Institute. \u010clensk\u00e9 st\u00e1ty EU se ji\u017e n\u011bkolik m\u011bs\u00edc\u016f sna\u017e\u00ed dos\u00e1hnout dohody o bal\u00ed\u010dku pomoci Ukrajin\u011b ve v\u00fd\u0161i 50 miliard eur, p\u0159edev\u0161\u00edm kv\u016fli odporu Ma\u010farska, a nen\u00ed \u017e\u00e1dn\u00fdm tajemstv\u00edm, \u017ee evrop\u0161t\u00ed p\u0159edstavitel\u00e9 jsou v\u00e1lkou na Ukrajin\u011b \u201eunaveni\u201c, jak ned\u00e1vno \u0159ekla Giorgia Meloniov\u00e1 dv\u011bma rusk\u00fdm vtip\u00e1lk\u016fm, kte\u0159\u00ed se vyd\u00e1vali za \u00fa\u0159edn\u00edky Africk\u00e9 unie. Vojensk\u00e1 patov\u00e1 situace posiluje v\u00a0<a href=\"https:\/\/www.wsj.com\/world\/putin-has-staked-russias-resources-on-victory-in-ukraine-can-the-west-match-him-b5d7b5f2\" target=\"_blank\" rel=\"external noopener\">N\u011bmecku<\/a>\u00a0\u2013 a v\u00a0<a href=\"https:\/\/open.spotify.com\/episode\/2xkyrAQcWsklYrJpqCHhoH\" target=\"_blank\" rel=\"external noopener\">britsk\u00fdch diplomatick\u00fdch kruz\u00edch<\/a>\u00a0\u2013 n\u00e1zor, \u017ee jedn\u00e1n\u00ed s Moskvou by bylo v nejlep\u0161\u00edm z\u00e1jmu Ukrajiny.<\/p>\n<p>Na druh\u00e9 stran\u011b Atlantiku je mezit\u00edm podpora Zelensk\u00e9ho strategie rekordn\u011b n\u00edzk\u00e1. St\u00e1le\u00a0<a href=\"https:\/\/www.barrons.com\/news\/biden-says-if-putin-takes-ukraine-he-won-t-stop-there-3bd6c076\" target=\"_blank\" rel=\"external noopener\">zoufalej\u0161\u00ed pokusy<\/a>\u00a0Bidenovy administrativy p\u0159esv\u011bd\u010dit Kongres, aby schv\u00e1lil nov\u00e9 kolo nouzov\u00e9ho financov\u00e1n\u00ed Ukrajiny, minul\u00fd t\u00fdden op\u011bt selhaly, kdy\u017e Sen\u00e1t\u00a0<a href=\"https:\/\/www.bbc.com\/news\/world-us-canada-67637679\" target=\"_blank\" rel=\"external noopener\">zablokoval<\/a>\u00a0dal\u0161\u00ed n\u00e1vrh z\u00e1kona o pomoci. V n\u011bkter\u00fdch ohledech je Biden v podobn\u00e9 pozici jako Zelenskyj: systematicky sliboval \u00fapln\u00e9 ukrajinsk\u00e9 v\u00edt\u011bzstv\u00ed a odm\u00edtal vyjedn\u00e1vat s Putinem, tak\u017ee se pochopiteln\u011b ob\u00e1v\u00e1 ud\u011blat p\u0159ed p\u0159\u00ed\u0161t\u00edmi volbami obrat. V americk\u00fdch obrann\u00fdch kruz\u00edch v\u0161ak\u00a0<a href=\"https:\/\/www.rand.org\/pubs\/perspectives\/PEA2510-1.html\" target=\"_blank\" rel=\"external noopener\">roste pov\u011bdom\u00ed<\/a>\u00a0o tom, \u017ee vlekl\u00fd konflikt by v\u00e1\u017en\u011b ohrozil z\u00e1jmy USA.<\/p>\n<p>Jedn\u00edm ze zp\u016fsob\u016f, jak si Bidenova administrativa m\u016f\u017ee zachovat tv\u00e1\u0159, by mohlo b\u00fdt \u201ezmrazen\u00ed\u201c konfliktu na ur\u010ditou dobu \u2013 p\u0159inejmen\u0161\u00edm do americk\u00fdch voleb \u2013 prost\u0159ednictv\u00edm n\u011bjak\u00e9 neform\u00e1ln\u00ed dohody s Ruskem. Tato strategie v\u0161ak p\u0159in\u00e1\u0161\u00ed vlastn\u00ed probl\u00e9my: nejen\u017ee nen\u00ed zdaleka jasn\u00e9, zda by Rusko souhlasilo se zmrazen\u00edm v\u00e1lky, dokud m\u00e1 taktickou v\u00fdhodu, ale tak\u00e9 by vy\u017eadovala z\u00edskat Zelensk\u00e9ho na svou stranu \u2013 nebo ho dostat ze hry.<\/p>\n<p>Z pohledu USA by byla demokratick\u00e1 zm\u011bna re\u017eimu na Ukrajin\u011b pravd\u011bpodobn\u011b vhodn\u011bj\u0161\u00edm \u0159e\u0161en\u00edm; ale jak bylo uvedeno, volby v tuto chv\u00edli nejsou na po\u0159adu dne. To v\u0161ak neznamen\u00e1, \u017ee zm\u011bna nep\u0159ijde; pokud n\u011bco, tak to jen zvy\u0161uje riziko, \u017ee se Zelensk\u00e9ho odp\u016frci \u2013 uvnit\u0159 i vn\u011b zem\u011b \u2013 pokus\u00ed zbavit jin\u00fdmi prost\u0159edky. Ostatn\u011b s\u00e1m Zelenskyj ned\u00e1vno\u00a0<a href=\"https:\/\/www.kyivpost.com\/post\/24272\" target=\"_blank\" rel=\"external noopener\">vyj\u00e1d\u0159il obavy<\/a>, \u017ee se na Ukrajin\u011b chyst\u00e1 nov\u00fd p\u0159evrat majdansk\u00e9ho typu \u2013 i kdy\u017e z t\u011bchto pl\u00e1n\u016f obvinil Rusko, nikoli m\u00edstn\u00ed nep\u0159\u00e1tele. Bez ohledu na to, nakolik je tento sc\u00e9n\u00e1\u0159 v\u011brohodn\u00fd, vypov\u00edd\u00e1 o Zelensk\u00e9ho m\u011bn\u00edc\u00edm se postaven\u00ed na sv\u011btov\u00e9 sc\u00e9n\u011b: jak z\u00e1padn\u00ed zem\u011b a d\u016fle\u017eit\u00e9 segmenty ukrajinsk\u00e9ho establishmentu hledaj\u00ed strategii odchodu, Zelenskyj ji\u017e nen\u00ed vn\u00edm\u00e1n jako p\u0159\u00ednos \u2013 ale jako p\u0159\u00edt\u011b\u017e.<\/p>\n<div class=\"podcarou\">\n<p><a href=\"https:\/\/unherd.com\/2023\/12\/is-this-the-end-for-zelenskyy\/\" target=\"_blank\" rel=\"external noopener\">Is this the end for Zelensky?<\/a> vy\u0161el 12.12.2023 na unherd.com. P\u0159eklad\u00a0<a href=\"https:\/\/zvedavec.news\/komentare\/2023\/12\/9913-je-to-pro-zelenskeho-konec.htm\">Zvedavec.org<\/a><\/p>\n<\/div>\n<\/section>\n<p>&nbsp;<\/p>\n<p>&nbsp;<\/p>\n","protected":false},"excerpt":{"rendered":"<p>Od rusk\u00e9 invaze na Ukrajinu je z\u00e1padn\u00ed ve\u0159ejnosti p\u0159edkl\u00e1d\u00e1n p\u0159\u00edb\u011bh ukrajinsk\u00e9 fronty, kter\u00e1 je neochv\u011bjn\u011b&#8230;<\/p>\n","protected":false},"author":2,"featured_media":36733,"comment_status":"closed","ping_status":"closed","sticky":false,"template":"","format":"standard","meta":[],"categories":[7],"tags":[165,26,27,1000],"_links":{"self":[{"href":"https:\/\/www.infokuryr.cz\/n\/wp-json\/wp\/v2\/posts\/42964"}],"collection":[{"href":"https:\/\/www.infokuryr.cz\/n\/wp-json\/wp\/v2\/posts"}],"about":[{"href":"https:\/\/www.infokuryr.cz\/n\/wp-json\/wp\/v2\/types\/post"}],"author":[{"embeddable":true,"href":"https:\/\/www.infokuryr.cz\/n\/wp-json\/wp\/v2\/users\/2"}],"replies":[{"embeddable":true,"href":"https:\/\/www.infokuryr.cz\/n\/wp-json\/wp\/v2\/comments?post=42964"}],"version-history":[{"count":0,"href":"https:\/\/www.infokuryr.cz\/n\/wp-json\/wp\/v2\/posts\/42964\/revisions"}],"wp:featuredmedia":[{"embeddable":true,"href":"https:\/\/www.infokuryr.cz\/n\/wp-json\/wp\/v2\/media\/36733"}],"wp:attachment":[{"href":"https:\/\/www.infokuryr.cz\/n\/wp-json\/wp\/v2\/media?parent=42964"}],"wp:term":[{"taxonomy":"category","embeddable":true,"href":"https:\/\/www.infokuryr.cz\/n\/wp-json\/wp\/v2\/categories?post=42964"},{"taxonomy":"post_tag","embeddable":true,"href":"https:\/\/www.infokuryr.cz\/n\/wp-json\/wp\/v2\/tags?post=42964"}],"curies":[{"name":"wp","href":"https:\/\/api.w.org\/{rel}","templated":true}]}}