{"id":42962,"date":"2023-12-20T05:37:52","date_gmt":"2023-12-20T04:37:52","guid":{"rendered":"http:\/\/www.infokuryr.cz\/n\/?p=42962"},"modified":"2023-12-20T05:37:52","modified_gmt":"2023-12-20T04:37:52","slug":"americane-chteji-aby-se-eu-a-rusko-mezi-sebou-pustily-do-znicujici-valky","status":"publish","type":"post","link":"https:\/\/www.infokuryr.cz\/n\/2023\/12\/20\/americane-chteji-aby-se-eu-a-rusko-mezi-sebou-pustily-do-znicujici-valky\/","title":{"rendered":"Ameri\u010dan\u00e9 cht\u011bj\u00ed, aby se EU a Rusko mezi sebou pustily do zni\u010duj\u00edc\u00ed v\u00e1lky"},"content":{"rendered":"<div id=\"fb-root\"><\/div>\n<h4>Ameri\u010dan\u00e9 cht\u011bj\u00ed, aby se EU a Rusko mezi sebou pustily do zni\u010duj\u00edc\u00ed v\u00e1lky, zbran\u011bmi nebo ekonomick\u00fdmi \u00fadery, nejl\u00e9pe oboj\u00edm! Nacist\u00e9, kte\u0159\u00ed po II. sv. v\u00e1lce spolupracovali s Ameri\u010dany, se stali v USA uct\u00edvan\u00fdmi! Ti, kte\u0159\u00ed spolupr\u00e1ci odm\u00edtli, skon\u010dili p\u0159ed tribun\u00e1lem v Norimberku a na popravi\u0161ti! Ba\u0161\u00e1r Asad odhalil, pro\u010d USA cht\u011bj\u00ed p\u0159en\u00e9st finan\u010dn\u00ed a zbrojn\u00ed b\u0159emeno na EU! A co kdy\u017e m\u00e1 plukovn\u00edk Devjatov pravdu?<\/h4>\n<p>Syrsk\u00fd prezident Ba\u0161\u00e1r Al-Asad b\u011bhem tiskov\u00e9 konference vysv\u011btlil, pro\u010d Ameri\u010dan\u00e9 u\u017e zcela otev\u0159en\u011b a bez uzard\u011bn\u00ed se sna\u017e\u00ed n\u00e1klady na veden\u00ed v\u00e1lky na Ukrajin\u011b p\u0159en\u00e9st na bedra Evropsk\u00e9 unie, zat\u00edmco USA se budou starat o sv\u00e9 vlastn\u00ed v\u011bci. Ba\u0161\u00e1r Asad to vysv\u011btlil.\u00a0<strong>Podle n\u011bho Ameri\u010dan\u00e9 ned\u011blaj\u00ed nic jin\u00e9ho, ne\u017e co d\u011blali po vypuknut\u00ed II. sv. v\u00e1lky v Evrop\u011b. Kdy\u017e tato v\u00e1lka vypukla, pouze \u010dekaly na to, a\u017e se Evropa vz\u00e1jemn\u011b zni\u010d\u00ed, aby ji mohly pot\u00e9 ovl\u00e1dnout.<\/strong><\/p>\n<p>Obrat ve II. sv. v\u00e1lce nastal u hradeb Moskvy, kde Rud\u00e1 arm\u00e1da zastavila Wehrmacht v prosinci 1941 pouh\u00fdch 16 km od Moskvy. Stalin tehdy prosil Ameri\u010dany o pomoc, ale ti nereagovali. To nejv\u011bt\u0161\u00ed tajemstv\u00ed, pro\u010d USA vstoupily v Evrop\u011b od v\u00e1lky, spo\u010d\u00edvalo v obav\u011b Rothschildovy rodiny v Lond\u00fdn\u011b, \u017ee Stalin obsad\u00ed celou Evropu, a \u017ee nacist\u00e9 si ukousli velk\u00e9 sousto \u00fatokem na SSSR, kter\u00fdm se z\u0159ejm\u011b udus\u00ed.<\/p>\n<p>&nbsp;<\/p>\n<div id=\"rumble_v3zkza0\">\n<div id=\"vid_v3zkza0\" class=\"rumble_v3zkza0-Rumble-cls\" tabindex=\"-1\">\n<div>\n<div class=\"bigPlayUI ctp\">\n<div class=\"bigPlayUIInner ctp\"><div class='videoWrapper'>\r\n\t            <iframe src='https:\/\/rumble.com\/embed\/pj.v3zkza0\/' frameborder='0' allowfullscreen><\/iframe>\r\n\t        <\/div><\/div>\n<\/div>\n<\/div>\n<\/div>\n<\/div>\n<p>&nbsp;<\/p>\n<p>Proto do\u0161lo ke vstupu USA do v\u00e1lky v Evrop\u011b, tedy na z\u00e1chranu sionistick\u00e9ho \u0159\u00edzen\u00ed nad tzv. z\u00e1padn\u00ed Evropou, aby se nedostala pod kontrolu bol\u0161evik\u016f po zpackan\u00e9 Velk\u00e9 \u0159\u00edjnov\u00e9 socialistick\u00e9 revoluci v carsk\u00e9m Rusku v roce 1917. Tato revoluce m\u011bla z carsk\u00e9ho Ruska ud\u011blat dne\u0161n\u00ed Ukrajinu, tedy trhac\u00ed kalend\u00e1\u0159, kter\u00fd si lacino odkoup\u00ed \u0161\u00e9fov\u00e9 z firem podobn\u00fdch dne\u0161n\u00edmu BlackRock apod. Jen\u017ee po smrti Lenina se k moci dostal Josif Stalin, kter\u00fd odstavil Leibu Bronsteina, alias Lva Trock\u00e9ho, kter\u00fd m\u011bl b\u00fdt t\u00edm jedin\u00fdm a Lond\u00fdnem p\u0159ipraven\u00fdm Va\u0161\u00edkem Havlem pro revolu\u010dn\u00ed Rusko. Stalin tento pl\u00e1n odhalil, nechal Trock\u00e9ho odeslat do vyhnanstv\u00ed, nejprve na Altaj na D\u00e1ln\u00e9m V\u00fdchod\u011b, a nakonec do exilu v Mexiku.<\/p>\n<h6><span style=\"font-size: 18pt;\">Evropa se nepou\u010dila z vlastn\u00ed historie a chce se znovu \u201czni\u010dit\u201d ve v\u00e1lce s Ruskem<\/span><\/h6>\n<p>Lond\u00fdn si uv\u011bdomil, \u017ee pl\u00e1n na privatizaci Ruska selhal, katastrof\u00e1ln\u011b selhal, a nam\u00edsto rozprodeje Ruska za\u010dal Stalin budovat superst\u00e1t v podob\u011b Sov\u011btsk\u00e9ho svazu. P\u0159esto v\u0161ak Stalin nedisponoval absolutn\u00ed moc\u00ed, proto\u017ee se op\u00edral o spoustu ukrajinsk\u00fdch Chazar\u016f, kte\u0159\u00ed na Ukrajin\u011b usilovali o upevn\u011bn\u00ed moci pod slibem v\u011brnosti Stalinovi.<\/p>\n<p><strong>Prost\u011b v Evrop\u011b je dodnes situace, kdy na jedn\u00e9 stran\u011b jsou zem\u011b z\u00e1padn\u00edho sv\u011bta v Evrop\u011b, a na druh\u00e9 stran\u011b je Rusko, bez jeho\u017e surovin a zdroj\u016f ta z\u00e1padn\u00ed Evropa prost\u011b nem\u016f\u017ee profitovat<\/strong>, nem\u016f\u017ee ekonomicky r\u016fst, nem\u016f\u017ee si zajistit ekonomickou konjunkturu. Tenhle probl\u00e9m je po\u0159\u00e1d tady, nikam nezmizel a po\u0159\u00e1d se pravideln\u011b vrac\u00ed. Po n\u011bkolika dek\u00e1d\u00e1ch klidu se Evropa fa\u0161izuje, nacifikuje a sb\u00edr\u00e1 vojska, aby t\u00e1hla do v\u00e1lky s Ruskem o obrovsk\u00e9 Rusk\u00e9 zdroje.<\/p>\n<figure id=\"attachment_58022\" class=\"wp-caption aligncenter\" style=\"width: 696px;\"><a href=\"https:\/\/aeronet.news\/wp-content\/uploads\/HeavenlyJerusalemMap.jpg\"><img decoding=\"async\" loading=\"lazy\" class=\"wp-image-58022 \" src=\"https:\/\/aeronet.news\/wp-content\/uploads\/HeavenlyJerusalemMap-1024x683.jpg\" sizes=\"(max-width: 700px) 100vw, 700px\" srcset=\"https:\/\/aeronet.news\/wp-content\/uploads\/HeavenlyJerusalemMap.jpg 1024w, https:\/\/aeronet.news\/wp-content\/uploads\/HeavenlyJerusalemMap-300x200.jpg 300w, https:\/\/aeronet.news\/wp-content\/uploads\/HeavenlyJerusalemMap-768x512.jpg 768w, https:\/\/aeronet.news\/wp-content\/uploads\/HeavenlyJerusalemMap-700x467.jpg 700w, https:\/\/aeronet.news\/wp-content\/uploads\/HeavenlyJerusalemMap-535x357.jpg 535w, https:\/\/aeronet.news\/wp-content\/uploads\/HeavenlyJerusalemMap-724x483.jpg 724w\" alt=\"\" width=\"696\" height=\"464\" \/><\/a><figcaption class=\"wp-caption-text\">Velkorys\u00fd model obnovy a vytvo\u0159en\u00ed Nov\u00e9 Chazarie pod n\u00e1zvem \u201cNebesk\u00fd Jeruzal\u00e9m\u201d. Charkov m\u00e1 z\u016fstat Ukrajin\u011b, ale podle plukovn\u00edka Devjatova m\u00e1 Rusko vz\u00edt Od\u011bsu a cel\u00fd jih Ukrajiny<\/figcaption><\/figure>\n<p>P\u0159itom v procesech \u0159\u00edzen\u00ed Evropa nepot\u0159ebuje Rusko porazit vojensky, nepot\u0159ebuje Rusko p\u0159est\u0159\u00edlet. \u00dapln\u011b by sta\u010dilo, kdyby se Rusko ekonomicky zhroutilo jako po\u010d\u00e1tkem 90. let, a aby ve funkci prezidenta byl o\u017erala a alkoholik. To bohat\u011b Z\u00e1padu posta\u010d\u00ed. Jen\u017ee, proto\u017ee Jelcin si chlast\u00e1n\u00edm prop\u00e1lil kotel a dlouho nevydr\u017eel, tak do\u0161lo k tomu, \u017ee v Rusku se dostal k moci k\u00e1dr Moskevsk\u00fdch kancel\u00e1\u0159\u00ed.<\/p>\n<p><strong>Putin je ex-rozv\u011bd\u010d\u00edk jako Petr Pavel, ale o n\u011bkolik level\u016f v\u00fd\u0161e.<\/strong>\u00a0Kontrolu nad n\u00edm dr\u017e\u00ed vrchn\u00ed rusk\u00fd rab\u00edn Berel Lazar, \u0161\u00e9f Federace rusk\u00fdch \u017eidovsk\u00fdch obc\u00ed, kter\u00fd zahrnuje rusko-izraelsk\u00e9 Chasidy z Chabadu a rusko-ukrajinsk\u00e9 A\u0161ken\u00e1zy. Ti p\u0159edstavuj\u00ed skute\u010dn\u00e9 majitele Ruska! Viz. \u010dl\u00e1nek\u00a0<strong>[<a href=\"https:\/\/aeronet.news\/ramzan-kadyrov-predpovedel-ze-valka-na-ukrajine-skonci-v-polovine-roku-2024-v-dusledku-vycerpani-materialni-financni-a-lidske-zakladny-ukrajiny-pro-dalsi-vedeni-boju\/\">1<\/a>]<\/strong>\u00a0o tom, jak poznat, kdo je majitelem st\u00e1tu, ve kter\u00e9m \u017eijete. Vladimir Putin je pouze v pozici spr\u00e1vce, m\u00e1 roli \u0161af\u00e1\u0159e. Je mu dovoleno pouze to, co mu je dovoleno. Ale to, co mu je dovoleno, mu poskytuje obrovskou moc, nesrovnatelnou s nik\u00fdm jin\u00fdm na sv\u011bt\u011b.<\/p>\n<h6><span style=\"font-size: 18pt;\">Plukovn\u00edk sov\u011btsk\u00e9 vojensk\u00e9 rozv\u011bdky s \u0161okuj\u00edc\u00edm tvrzen\u00edm o spiknut\u00ed v Kremlu<\/span><\/h6>\n<p>Tohle ne\u0159\u00edk\u00e1m jenom j\u00e1, ale zejm\u00e9na plukovn\u00edk vojensk\u00e9 strategick\u00e9 rozv\u011bdky Sov\u011btsk\u00e9 arm\u00e1dy Andrej Petrovi\u010d Devjatov, kter\u00fd vloni 9. b\u0159ezna 2022 nato\u010dil jedno z nejv\u00fdbu\u0161n\u011bj\u0161\u00edch vide\u00ed na rusk\u00e9m internetu, kde odhalil Vladimira Putina v\u0161em Rus\u016fm jako \u201cspr\u00e1vce\u201d Ruska a nikoliv jako vl\u00e1dce. Video m\u00e1te n\u00ed\u017ee. Podle jeho informac\u00ed se m\u00e1 \u010d\u00e1st ji\u017en\u00ed Ukrajiny, de facto prostor tzv. Novoruska, st\u00e1t nov\u00fdm domovem pro rusk\u00e9 \u017didy, kte\u0159\u00ed po rozpadu SSSR ode\u0161li do Izraele, ale ten ji\u017e brzy p\u0159estane existovat a sionisti\u010dt\u00ed Izraelci budou pot\u0159ebovat nov\u00fd domov.<\/p>\n<p><strong>T\u00edm se m\u00e1 st\u00e1t tzv. Nebesk\u00fd Jeruzal\u00e9m, co\u017e nen\u00ed nic jin\u00e9ho ne\u017e prostor b\u00fdval\u00e9 Chazarie, tedy dne\u0161n\u00ed Ukrajiny.<\/strong>\u00a0Podle Devjatova nikdo z Kremlu nevysv\u011btlil skute\u010dn\u011b a otev\u0159en\u011b, pro\u010d rusk\u00e1 invazn\u00ed vojska vtrhla 24. \u00fanora na Ukrajinu s invazn\u00edmi znaky bojov\u00e9 techniky s p\u00edsmeny latinky v podob\u011b p\u00edsmen \u201cZ\u201d, \u201cV\u201d a tak\u00e9 \u201cO\u201d. Pro\u010d ru\u0161t\u00ed voj\u00e1ci, kte\u0159\u00ed jedou na Ukrajinu, tedy do zem\u011b, kde se p\u00ed\u0161e azbukou, m\u011bli a maj\u00ed na korb\u00e1ch sv\u00fdch zbran\u00ed p\u00edsmena v latince, tedy ve znac\u00edch kolektivn\u00edho Z\u00e1padu?<\/p>\n<p>&nbsp;<\/p>\n<div id=\"rumble_v3lr3w4\">\n<div id=\"vid_v3lr3w4\" class=\"rumble_v3lr3w4-Rumble-cls\" tabindex=\"-1\">\n<div>\n<div class=\"bigPlayUI ctp\">\n<div class=\"bigPlayUIInner ctp\"><div class='videoWrapper'>\r\n\t            <iframe src='https:\/\/rumble.com\/embed\/pj.v3lr3w4\/' frameborder='0' allowfullscreen><\/iframe>\r\n\t        <\/div><\/div>\n<\/div>\n<\/div>\n<\/div>\n<\/div>\n<p>&nbsp;<\/p>\n<p>Plukovn\u00edk Devjatov to odhalil \u0159ekl, \u017ee znak \u201cZ\u201d poch\u00e1z\u00ed z jazyka jidi\u0161 a znamen\u00e1 \u201cZion\u201d a znak \u201cV\u201d znamen\u00e1 \u201cVictory\u201d ve smyslu v\u00edt\u011bzstv\u00ed.\u00a0<strong>Pro\u010d tedy Rusk\u00e1 arm\u00e1da bojuje za denacifikaci a demilitarizaci na Ukrajin\u011b pod jidi\u0161 znaky v latince? Co je to za nesmysl?<\/strong>\u00a0Copak voj\u00e1ci Rud\u00e9 arm\u00e1dy, kdy\u017e osvobozovali Evropu od nacist\u016f, m\u011bli na sv\u00fdch tanc\u00edch T-34 n\u00e1pisy v latince? Samoz\u0159ejm\u011b, \u017ee nem\u011bli. Ale m\u00e1 je Rusk\u00e1 arm\u00e1da vyslan\u00e1 Putinem na chazarskou Ukrajinu! A t\u00edm je to dan\u00e9!<\/p>\n<p>Devjatov tento proces identifikuje jako pr\u00e1ci\u00a0<strong>Berela Lazara, Putinova Rab\u00edna [<a href=\"https:\/\/aeronet.news\/analyza-chasidskeho-puvodu-vladimira-putina-a-jeho-zidovskych-predku-jak-jste-dosud-mozna-vubec-netusili-proc-predseda-evropskeho-zidovske-kongresu-privedl-vladimira-putina-v-roce-1999-do-kremlu\/\">2<\/a>]<\/strong>, kter\u00fd pracuje pro rusk\u00e9 \u017didy emigrovan\u00e9 do Izraele. T\u011bch je v Izraeli p\u0159es 2 miliony a tvo\u0159\u00ed tak zhruba 22% ve\u0161ker\u00e9ho obyvatelstva Izraele. V\u00edce ne\u017e ka\u017ed\u00fd 5. ob\u010dan Izraele je rusk\u00fd Chasid nebo A\u0161ken\u00e1zy. A proto\u017ee i Henry Kissinger ji\u017e v roce 2012 prorokoval, \u017ee do 10 let Izrael p\u0159estane existovat, je ten proces podle Devjatova p\u0159edem dan\u00fd.<\/p>\n<h6><span style=\"font-size: 18pt;\">Pucov\u00e1n\u00ed Putina v rusk\u00e9 televizi ze strany \u0161\u00e9fa izraelsk\u00e9 rozv\u011bdky za to, \u017ee ot\u00e1l\u00ed s obsazen\u00edm Od\u011bsy<\/span><\/h6>\n<p>Mezi d\u016fstojn\u00edky Sov\u011btsk\u00e9 arm\u00e1dy byl velice roz\u0161\u00ed\u0159en\u00fd antisemitismus, kter\u00fd byl podporovan\u00fd a \u017e\u00e1douc\u00ed v Sov\u011btsk\u00e9m svazu, tak\u017ee nemus\u00edme \u00fapln\u011b doslova v\u011b\u0159it v\u0161emu, co plukovn\u00edk Devjatov prohla\u0161uje, ale pravdou je, \u017ee jeho slova zapadaj\u00ed do obrazu podivn\u00e9 a velmi bizarn\u00ed Speci\u00e1ln\u00ed vojensk\u00e9 operace.<\/p>\n<p>B\u00fdval\u00fd operativec izraelsk\u00e9 tajn\u00e9 slu\u017eby NATIV Jakov Kedmi se spr\u00e1vn\u011b ptal v po\u0159adu Vladimira Solovjeva, pro\u010d Rusk\u00e1 arm\u00e1da na Ukrajin\u011b neobsazuje velk\u00e1 m\u011bsta a nech\u00e1v\u00e1 v nich konsolidovat administrativu nep\u0159\u00edtele, aby mobilizoval odpor proti Rusk\u00e9 arm\u00e1d\u011b?\u00a0<strong>V po\u0159adu je p\u0159\u00edmo vid\u011bt, jak je Jakov Kedmi roz\u010d\u00edlen, \u017ee Putin je\u0161t\u011b neobsadil Od\u011bsu. Proto\u017ee Od\u011bsa je centrem Chazarie!<\/strong>\u00a0M\u00e1 to b\u00fdt hlavn\u00ed m\u011bsto Nebesk\u00e9ho Jeruzal\u00e9ma a Putin nepln\u00ed zad\u00e1n\u00ed, ot\u00e1l\u00ed a je pozadu s prac\u00ed! Nespokojenost Jakova Kedmiho!<\/p>\n<figure id=\"attachment_54076\" class=\"wp-caption aligncenter\" style=\"width: 695px;\"><a href=\"https:\/\/aeronet.news\/wp-content\/uploads\/KedmiVecer1.jpg\"><img decoding=\"async\" loading=\"lazy\" class=\"wp-image-54076 \" src=\"https:\/\/aeronet.news\/wp-content\/uploads\/KedmiVecer1-1024x576.jpg\" sizes=\"(max-width: 700px) 100vw, 700px\" srcset=\"https:\/\/aeronet.news\/wp-content\/uploads\/KedmiVecer1-1024x576.jpg 1024w, https:\/\/aeronet.news\/wp-content\/uploads\/KedmiVecer1-300x169.jpg 300w, https:\/\/aeronet.news\/wp-content\/uploads\/KedmiVecer1-768x432.jpg 768w, https:\/\/aeronet.news\/wp-content\/uploads\/KedmiVecer1-700x394.jpg 700w, https:\/\/aeronet.news\/wp-content\/uploads\/KedmiVecer1-635x357.jpg 635w, https:\/\/aeronet.news\/wp-content\/uploads\/KedmiVecer1-859x483.jpg 859w, https:\/\/aeronet.news\/wp-content\/uploads\/KedmiVecer1.jpg 1280w\" alt=\"\" width=\"695\" height=\"391\" \/><\/a><figcaption class=\"wp-caption-text\">Jakov Kedmi, b\u00fdval\u00fd \u0161\u00e9f tajn\u00e9 imigra\u010dn\u00ed izraelsk\u00e9 slu\u017eby NATIV<\/figcaption><\/figure>\n<p>A p\u0159esn\u011b on zastupuje z\u00e1jmy t\u011bch 2 milion\u016f rusk\u00fdch \u017did\u016f v Izraeli. Pro\u010d ho pou\u0161t\u00ed do Rusk\u00e9 televize a k\u0159i\u010d\u00ed tam na Putina? Pro\u010d se mu nic nestane? Proto\u017ee podle Devjatova je Kedmi emisar rusk\u00fdch \u017did\u016f v Izraeli. Prost\u011b Putin dostal za \u00fakol vytvo\u0159it pro rusk\u00e9 \u017didy v Izraeli, tedy pro Chasidy a A\u0161ken\u00e1zy, nov\u00fd domov v prostoru Novoruska pot\u00e9, co se zhrout\u00ed bezpe\u010dnostn\u00ed situace v Izraeli, co\u017e je napl\u00e1nov\u00e1no, nebo\u0165 Izrael m\u00e1 b\u00fdt zni\u010den. To by ale byl naprost\u00fd \u0161ok! To by znamenalo, \u017ee kdy\u017e se Rusko cel\u00fdch 8 let d\u00edvalo na ukrajinsk\u00fd teror a na vra\u017ed\u011bn\u00ed etnick\u00fdch Rus\u016f na Donbasu, a nic neud\u011blalo, tak to bylo kv\u016fli tomu, \u017ee to nebylo nutn\u00e9 \u0159e\u0161it. Nebylo to podstatn\u00e9.<\/p>\n<h6><span style=\"font-size: 18pt;\">Izrael bude zni\u010den a ru\u0161t\u00ed \u017did\u00e9 s izraelsk\u00fdmi pasy budou pot\u0159ebovat nov\u00fd domov, rozum\u011bj nov\u00fd vlastn\u00ed st\u00e1t, nov\u00fd Birobid\u017ean<\/span><\/h6>\n<p>Ale kdy\u017e se za\u010dal bl\u00ed\u017eit pl\u00e1n na zni\u010den\u00ed Izraele, kdy\u017e se uk\u00e1zalo, \u017ee Henry Kissinger v roce 2012 nemluvil do vzduchu, tak najednou Vladimir Putin dostal povel, aby obsadil ji\u017en\u00ed \u010d\u00e1st Ukrajiny, prostor b\u00fdval\u00e9 Chazarie v \u010dele s Od\u011bsou. Ale nic dal\u0161\u00edho. Nic v\u00edc! Jen toto! P\u0159i\u010dem\u017e \u017did\u00e9 necht\u011bj\u00ed, aby Rusk\u00e1 arm\u00e1da prostor rozbila. Proto Rusk\u00e1 arm\u00e1da nesm\u011bla \u00fato\u010dit na m\u011bsta, ale pouze se dr\u017eet v okol\u00ed. Jedinou v\u00fdjimkou byl Mariupol, kl\u00ed\u010dov\u00fd p\u0159\u00edstav Azovsk\u00e9ho mo\u0159e.<\/p>\n<p><strong>A v\u0161imn\u011bte si, \u017ee sotva byli vloni na ja\u0159e evakuov\u00e1ni Azov\u00e1ci, Kreml za\u010dal hekticky m\u011bsto opravovat. Ihned a okam\u017eit\u011b. Rostou tam nov\u00e1 s\u00eddli\u0161t\u011b, \u0161koly. V\u0161echno nov\u00e9. Ale nikde jinde.<\/strong>\u00a0Doslova to p\u016fsob\u00ed, jako by Moskva opravovala Mariupol pro n\u011bkoho, kdo by se zlobil, \u017ee m\u011bsto bylo rozml\u00e1ceno do prav\u011bku. Jedin\u00e9, co je dovoleno Rusk\u00e9 arm\u00e1d\u011b rozml\u00e1tit, jsou mal\u00e1 a bezv\u00fdznamn\u00e1 m\u011bsta a m\u011bste\u010dka, jako byl Bachmut, Soledar, Rabotino, Avd\u011bjevka, Marinka atd.<\/p>\n<figure id=\"attachment_58029\" class=\"wp-caption aligncenter\" style=\"width: 698px;\"><a href=\"https:\/\/aeronet.news\/wp-content\/uploads\/MariupolReconstructed.jpg\"><img decoding=\"async\" loading=\"lazy\" class=\"wp-image-58029 \" src=\"https:\/\/aeronet.news\/wp-content\/uploads\/MariupolReconstructed-1024x576.jpg\" sizes=\"(max-width: 700px) 100vw, 700px\" srcset=\"https:\/\/aeronet.news\/wp-content\/uploads\/MariupolReconstructed-1024x576.jpg 1024w, https:\/\/aeronet.news\/wp-content\/uploads\/MariupolReconstructed-300x169.jpg 300w, https:\/\/aeronet.news\/wp-content\/uploads\/MariupolReconstructed-768x432.jpg 768w, https:\/\/aeronet.news\/wp-content\/uploads\/MariupolReconstructed-700x394.jpg 700w, https:\/\/aeronet.news\/wp-content\/uploads\/MariupolReconstructed-635x357.jpg 635w, https:\/\/aeronet.news\/wp-content\/uploads\/MariupolReconstructed-859x483.jpg 859w, https:\/\/aeronet.news\/wp-content\/uploads\/MariupolReconstructed.jpg 1200w\" alt=\"\" width=\"698\" height=\"393\" \/><\/a><figcaption class=\"wp-caption-text\">Rusko obnovuje Mariupol z\u00e1vratn\u00fdm tempem<\/figcaption><\/figure>\n<p>Stalin dal rusk\u00fdm \u017did\u016fm autonomn\u00ed oblast na D\u00e1ln\u00e9m V\u00fdchod\u011b s hlavn\u00edm m\u011bstem Birobid\u017ean, Putin jim podle v\u0161eho m\u00e1 d\u00e1t Novou Chazarii na jihu Ukrajiny. V\u0161echno to do sebe zapad\u00e1 a pokud se plukovn\u00edk Devjatov nem\u00fdl\u00ed, potom Rusku nebude dovoleno obsadit celou Ukrajinu a u\u017e v\u016fbec ji nep\u016fjde celou denacifikovat. Podle v\u0161eho se bude hr\u00e1t o to, jestli bude Kreml ze strany Berela Lazara dotla\u010den k pokusu o z\u00edsk\u00e1n\u00ed Od\u011bsy, anebo se to skon\u010d\u00ed v sou\u010dasn\u00fdch pozic\u00edch. Kv\u016fli tomuto rozporcov\u00e1n\u00ed Ukrajiny dojde ke zm\u011bn\u011b mocensk\u00fdch sil v Evrop\u011b, proto\u017ee m\u00e1 doj\u00edt k oslaben\u00ed pozice Izraele. Pokud k tomu dojde, bude to ide\u00e1ln\u00ed situace pro Ameri\u010dany, aby vehnali proti sob\u011b Rusko a Evropskou unii, p\u0159i\u010dem\u017e ten st\u0159et m\u016f\u017ee b\u00fdt na v\u0161ech priorit\u00e1ch \u0159\u00edzen\u00ed.<\/p>\n<h6><span style=\"font-size: 18pt;\">N\u011bmecko zva\u017euje obnoven\u00ed z\u00e1kladn\u00ed vojensk\u00e9 slu\u017eby a \u0158ehka neust\u00e1le opakuje, \u017ee v\u00e1lka s Ruskem je mo\u017en\u00e1. U\u017e v\u00e1m to doch\u00e1z\u00ed?<\/span><\/h6>\n<p>Ekonomick\u00e1 v\u00e1lka proti Rusku ji\u017e b\u011b\u017e\u00ed, EU uvaluje sankce za sankcemi, p\u0159ed p\u00e1r dny do\u0161lo ke schv\u00e1len\u00ed ji\u017e 12. bal\u00edku sankc\u00ed EU, zat\u00edmco USA nic! Americk\u00fd kongres a ani B\u00edl\u00fd d\u016fm \u017e\u00e1dn\u00e9 dal\u0161\u00ed sankce neuvaluje na Rusko. Nikomu to nep\u0159ijde zvl\u00e1\u0161tn\u00ed? A jestli to bude v\u00e1lka ekonomick\u00e1, nebo v\u00e1lka pln\u011b rozvinut\u00e1 se v\u0161\u00edm v\u0161udy, to je vlastn\u011b jedno. V\u00e1lka toti\u017e Evropu oslab\u00ed a Ameri\u010dan\u00e9 pos\u00edl\u00ed kontrolu a vliv nad Evropou.\u00a0<strong>Nen\u00ed proto divu, \u017ee Berl\u00edn pr\u00e1v\u011b ozn\u00e1mil [<a href=\"https:\/\/href.li\/?https:\/\/www.telegraph.co.uk\/world-news\/2023\/12\/16\/germany-could-reintroduce-compulsory-military-service\/\" target=\"_blank\" rel=\"nofollow noopener\">3<\/a>], \u017ee spolkov\u00e1 vl\u00e1da uva\u017euje, \u017ee by do\u0161lo k obnoven\u00ed brann\u00e9 povinnosti a z\u00e1kladn\u00ed vojensk\u00e9 slu\u017eby.\u00a0<\/strong>Je to logick\u00e9, proto\u017ee Ameri\u010dan\u00e9 netou\u017e\u00ed o p\u0159\u00edm\u00fd st\u0159et s Ruskem, ale cht\u011bj\u00ed, aby se Evropsk\u00e1 unie st\u0159etla s Rusy v Evrop\u011b v dal\u0161\u00ed v\u00e1lce.<\/p>\n<figure id=\"attachment_58030\" class=\"wp-caption aligncenter\" style=\"width: 696px;\"><a href=\"https:\/\/aeronet.news\/wp-content\/uploads\/StoltenbergPistorius.jpg\"><img decoding=\"async\" loading=\"lazy\" class=\"wp-image-58030 \" src=\"https:\/\/aeronet.news\/wp-content\/uploads\/StoltenbergPistorius-1024x582.jpg\" sizes=\"(max-width: 700px) 100vw, 700px\" srcset=\"https:\/\/aeronet.news\/wp-content\/uploads\/StoltenbergPistorius-1024x582.jpg 1024w, https:\/\/aeronet.news\/wp-content\/uploads\/StoltenbergPistorius-300x171.jpg 300w, https:\/\/aeronet.news\/wp-content\/uploads\/StoltenbergPistorius-768x437.jpg 768w, https:\/\/aeronet.news\/wp-content\/uploads\/StoltenbergPistorius-700x398.jpg 700w, https:\/\/aeronet.news\/wp-content\/uploads\/StoltenbergPistorius-628x357.jpg 628w, https:\/\/aeronet.news\/wp-content\/uploads\/StoltenbergPistorius-849x483.jpg 849w, https:\/\/aeronet.news\/wp-content\/uploads\/StoltenbergPistorius.jpg 1280w\" alt=\"\" width=\"696\" height=\"396\" \/><\/a><figcaption class=\"wp-caption-text\">Gener\u00e1ln\u00ed tajemn\u00edk NATO Jens Stoltenberg a n\u011bmeck\u00fd ministr obrany Boris Pistorius<\/figcaption><\/figure>\n<p>Kancl\u00e9\u0159 Olaf Scholz je proti tomuto n\u00e1padu, ale u\u017e jenom to, \u017ee se o tom mluv\u00ed, ukazuje na skute\u010dnosti, \u017ee n\u011bmeck\u00e1 arm\u00e1da a gener\u00e1ln\u00ed \u0161t\u00e1b Bundeswehru se opravdu za\u010d\u00ednaj\u00ed p\u0159ipravovat na potenci\u00e1ln\u00ed v\u00e1lku s Ruskem.\u00a0<strong>P\u0159esn\u011b podle v\u00fdrok\u016f [<a href=\"https:\/\/aeronet.news\/video-nacelnik-gs-acr-karel-rehka-prohlasil-ze-pripravuje-ceskou-armadu-na-valecny-konflikt-s-ruskem-ktery-proste-nelze-vyloucit-protoze-ruska-armada-je-na-trajektorii-stretu-s-alianci-nato\/\">4<\/a>] gener\u00e1la Karla \u0158ehky, n\u00e1\u010deln\u00edka G\u0160 A\u010cR.<\/strong><\/p>\n<p>Tak\u017ee, zat\u00edmco USA u\u017e \u017e\u00e1dn\u00e9 dal\u0161\u00ed sankce na Rusko neuvaluj\u00ed a kon\u010d\u00ed s dod\u00e1vkami zbran\u00ed a pen\u011bz, tak nam\u00edsto toho se mobilizuje EU a chystaj\u00ed se obnovy ZVS a Evropsk\u00e1 komise hroz\u00ed Ma\u010farsku odebr\u00e1n\u00edm hlasovac\u00edch pr\u00e1v, pokud bude blokovat vyzbrojov\u00e1n\u00ed a financov\u00e1n\u00ed v\u00e1lky na Ukrajin\u011b. Ano, EU a Rusko se maj\u00ed zni\u010dit mezi sebou, aby z toho profitovaly USA. A cel\u00e1 operace SVO nakonec nen\u00ed t\u00edm, \u010d\u00edm se zd\u00e1la b\u00fdt. Pouze oby\u010dejn\u00ed Ukrajinci na jedn\u00e9, a oby\u010dejn\u00ed Rusov\u00e9 na druh\u00e9 stran\u011b to zaplat\u00ed sv\u00fdmi \u017eivoty, aby mohl vzniknout Nebesk\u00fd Jeruzal\u00e9m jako vzk\u0159\u00ed\u0161en\u00ed starov\u011bk\u00e9 Chazarie na pob\u0159e\u017e\u00ed \u010cern\u00e9ho mo\u0159e.<\/p>\n<p><a href=\"https:\/\/aeronet.news\/americane-chteji-aby-se-eu-a-rusko-mezi-sebou-pustily-do-znicujici-valky-zbranemi-nebo-ekonomickymi-udery-nejlepe-obojim-naciste-kteri-po-ii-sv-valce-spolupracovali-s-americany\/\">-VK- \u0160\u00e9fredaktor AE News<\/a><\/p>\n<p>&nbsp;<\/p>\n<p><a href=\"https:\/\/stranapro.cz\/\"><img decoding=\"async\" loading=\"lazy\" class=\"wp-image-40286 aligncenter\" src=\"http:\/\/www.infokuryr.cz\/n\/wp-content\/uploads\/2023\/11\/12pro-300x87.png\" alt=\"\" width=\"1031\" height=\"299\" srcset=\"https:\/\/www.infokuryr.cz\/n\/wp-content\/uploads\/2023\/11\/12pro-300x87.png 300w, https:\/\/www.infokuryr.cz\/n\/wp-content\/uploads\/2023\/11\/12pro.png 366w\" sizes=\"(max-width: 1031px) 100vw, 1031px\" \/><\/a><\/p>\n<p>&nbsp;<\/p>\n<p>&nbsp;<\/p>\n","protected":false},"excerpt":{"rendered":"<p>Ameri\u010dan\u00e9 cht\u011bj\u00ed, aby se EU a Rusko mezi sebou pustily do zni\u010duj\u00edc\u00ed v\u00e1lky, zbran\u011bmi nebo&#8230;<\/p>\n","protected":false},"author":2,"featured_media":42963,"comment_status":"closed","ping_status":"closed","sticky":false,"template":"","format":"standard","meta":[],"categories":[6],"tags":[1042,41,220,22,37],"_links":{"self":[{"href":"https:\/\/www.infokuryr.cz\/n\/wp-json\/wp\/v2\/posts\/42962"}],"collection":[{"href":"https:\/\/www.infokuryr.cz\/n\/wp-json\/wp\/v2\/posts"}],"about":[{"href":"https:\/\/www.infokuryr.cz\/n\/wp-json\/wp\/v2\/types\/post"}],"author":[{"embeddable":true,"href":"https:\/\/www.infokuryr.cz\/n\/wp-json\/wp\/v2\/users\/2"}],"replies":[{"embeddable":true,"href":"https:\/\/www.infokuryr.cz\/n\/wp-json\/wp\/v2\/comments?post=42962"}],"version-history":[{"count":0,"href":"https:\/\/www.infokuryr.cz\/n\/wp-json\/wp\/v2\/posts\/42962\/revisions"}],"wp:featuredmedia":[{"embeddable":true,"href":"https:\/\/www.infokuryr.cz\/n\/wp-json\/wp\/v2\/media\/42963"}],"wp:attachment":[{"href":"https:\/\/www.infokuryr.cz\/n\/wp-json\/wp\/v2\/media?parent=42962"}],"wp:term":[{"taxonomy":"category","embeddable":true,"href":"https:\/\/www.infokuryr.cz\/n\/wp-json\/wp\/v2\/categories?post=42962"},{"taxonomy":"post_tag","embeddable":true,"href":"https:\/\/www.infokuryr.cz\/n\/wp-json\/wp\/v2\/tags?post=42962"}],"curies":[{"name":"wp","href":"https:\/\/api.w.org\/{rel}","templated":true}]}}