{"id":42957,"date":"2023-12-20T00:45:03","date_gmt":"2023-12-19T23:45:03","guid":{"rendered":"http:\/\/www.infokuryr.cz\/n\/?p=42957"},"modified":"2023-12-19T19:35:33","modified_gmt":"2023-12-19T18:35:33","slug":"jane-kaufman-podivne-veci-se-deji-na-ukrajine","status":"publish","type":"post","link":"https:\/\/www.infokuryr.cz\/n\/2023\/12\/20\/jane-kaufman-podivne-veci-se-deji-na-ukrajine\/","title":{"rendered":"Jane Kaufman: Podivn\u00e9 v\u011bci se d\u011bj\u00ed na Ukrajin\u011b"},"content":{"rendered":"<div id=\"fb-root\"><\/div>\n<p>Marianna, man\u017eelka \u0161\u00e9fa<a href=\"#_edn1\" name=\"_ednref1\">[1]<\/a> ukrajinsk\u00e9 vojensk\u00e9 rozv\u011bdky Kirila Budanova byla koncem listopadu p\u0159ijata do nemocnice kv\u016fli otrav\u011b t\u011b\u017ek\u00fdmi kovy. Je uva\u017eov\u00e1no, \u017ee dostala \u0161kodliv\u00e9 jedy v\u00a0potrav\u011b a proto\u017ee je \u0161t\u00edhl\u00e1 a nem\u00e1 velkou t\u011blesnou v\u00e1hu, p\u0159\u00edznaky se u n\u00ed projevily jako prvn\u00ed.<\/p>\n<p>Je podivn\u00e9, \u017ee jej\u00ed man\u017eel otr\u00e1ven nebyl, ale zato n\u011bkolik zam\u011bstnanc\u016f vojensk\u00e9 rozv\u011bdky m\u011blo v\u00a0sob\u011b rovn\u011b\u017e v\u011bt\u0161\u00ed mno\u017estv\u00ed t\u011b\u017ek\u00fdch kov\u016f.<\/p>\n<p>Samoz\u0159ejm\u011b, \u017ee Ukrajinci ihned obvi\u0148ovali z\u00a0tohoto \u010dinu Rusko, jako obvykle. Jen\u017ee pro\u010d by Rusov\u00e9 n\u011bco takov\u00e9ho d\u011blali? Jak\u00fd d\u016fvod by k\u00a0tomu m\u011bli?<\/p>\n<p>S nejv\u011bt\u0161\u00ed<a href=\"#_edn2\" name=\"_ednref2\">[2]<\/a> pravd\u011bpodobnost\u00ed tyto lidi otr\u00e1vili Ukrajinci sami a to jen proto, aby to na Rusy mohli sv\u00e1d\u011bt. U\u017e se t\u00edmto zp\u016fsobem vyznamenali v\u00edckr\u00e1t, v\u00a0Bu\u010di, v\u00a0Z\u00e1poro\u017e\u00ed a jinde a zrovna ned\u00e1vno, v\u00a0mal\u00e9 vesnici Kostjantinivka, ve v\u00fdchodn\u00ed Ukrajin\u011b. Za\u010d\u00e1tkem z\u00e1\u0159\u00ed tam st\u0159elili raketu, kter\u00e1 zabila 15 civilist\u016f a zranila dal\u0161\u00edch 30. Raketa padla do trhu a zni\u010dila okna a zdi v\u0161ech dom\u016f kolem.<\/p>\n<p>Ukrajinsk\u00e9 veden\u00ed ihned volalo do sv\u011bta, \u017ee to provedli \u2018ru\u0161t\u00ed terorist\u00e9\u2018, ale analyza rakety prok\u00e1zala, \u017ee \u0161lo o ukrajinskou st\u0159elu. Americk\u00e9 noviny \u2018New York Times\u2018 samoz\u0159ejm\u011b napsaly, \u017ee to byla zbloudil\u00e1 st\u0159ela, ne z\u00e1m\u011brn\u011b vyst\u0159elen\u00e1. Kdepak by Ukrajinci ud\u011blali n\u011bco takov\u00e9ho z\u00e1m\u011brn\u011b!<\/p>\n<p>\u017de raketa p\u0159ilet\u011bla z\u00a0\u00fazem\u00ed, kter\u00e9 dr\u017eely ukrajinsk\u00e1 vojska bylo dok\u00e1z\u00e1no i p\u0159\u00edm\u00fdmi sv\u011bdky, kte\u0159\u00ed byli dokonce zachyceni na kame\u0159e, jak se obrac\u00ed sm\u011brem k\u00a0bl\u00ed\u017e\u00edc\u00ed se raket\u011b. Tak\u00e9 m\u00edstn\u00ed kamery ji zachytily, i sm\u011br jej\u00edho letu.<\/p>\n<p><span style=\"font-size: 18pt;\"><strong>Rusov\u00e9 maj\u00ed dost pr\u00e1ce sami se sebou<\/strong><\/span><\/p>\n<p>Rusko se z\u0159ejm\u011b<a href=\"#_edn3\" name=\"_ednref3\">[3]<\/a> rozhodlo ke kone\u010dn\u00e9mu \u0159e\u0161en\u00ed sou\u010dasn\u00e9ho v\u00e1le\u010dn\u00e9ho konfliktu a vyt\u00e1hli skute\u010dn\u011b do boje. Prvn\u011b zaslepili NATO satelity a letadla, aby nemohli sledovat pohyby jejich vojsk. Tak\u00e9 zni\u010dili za\u0159\u00edzen\u00ed nejv\u011bt\u0161\u00ed ukrajinsk\u00e9 s\u00edt\u011b mobiln\u00edch telefon\u016f, Kyivstar. Je to poprv\u00e9, co n\u011bco takov\u00e9ho ud\u011blali, co\u017e napov\u00edd\u00e1, \u017ee chystaj\u00ed n\u011bco podstatn\u00e9ho.<\/p>\n<p>Mocn\u00e9 elektronick\u00e9 proti\u00fatoky, kter\u00e9 vych\u00e1zely z\u00a0elektronick\u00e9ho v\u00e1le\u010dn\u00e9ho syst\u00e9mu Krasucha-4, um\u00edst\u011bn\u00e9ho na Krymu, byly t\u00e9\u017e zaznamen\u00e1ny. Tento syst\u00e9m dok\u00e1\u017ee potla\u010dit K- a X-okruhy radar\u016f a satelit\u016f.<\/p>\n<p>Ji\u017e vloni zjara se Ukrajinc\u016fm poda\u0159ilo z\u00edskat jednu neporu\u0161enou Krasuchu-4 a poslali ji do Spojen\u00fdch st\u00e1t\u016f k\u00a0anal\u00fdze. Ale ani t\u011bm se nepoda\u0159ilo p\u0159ij\u00edt s\u00a0\u00fa\u010dinnou obranou, kterou by mohli dodat ukrajinsk\u00e9 arm\u00e1d\u011b, proto\u017ee Rusov\u00e9 okam\u017eit\u011b opera\u010dn\u00ed syst\u00e9m Krasuchy-4 zm\u011bnili.<\/p>\n<p>Kyivstar mobiln\u00ed firma se nesm\u00edrn\u011b pohor\u0161ovala, \u017ee jim Rusov\u00e9 zni\u010dili mobiln\u00ed s\u00ed\u0165, pr\u00fd takov\u00e9 \u00fatoky pat\u0159\u00ed na boji\u0161t\u011b a ne na komunikace. Pr\u00fd bude velice obt\u00ed\u017en\u00e9 jejich s\u00ed\u0165 znovu opravit a uv\u00e9st do provozu, tak\u017ee jejich 24 milion\u016f u\u017eivatel\u016f nebude m\u00edt mo\u017enost se spolu spojit! Asi si mysl\u00ed, \u017ee v\u00e1lka je st\u0159\u00edlen\u00ed barevn\u00fdch raket do vzduchu.<\/p>\n<p>Krom\u011b telefonn\u00ed firmy, tak\u00e9 n\u011bkter\u00e9 banky zaznamenaly pot\u00ed\u017ee s\u00a0internetovou s\u00edt\u00ed.<\/p>\n<p><span style=\"font-size: 18pt;\"><strong>\u00datok na celou frontu a na Kyjev<\/strong><\/span><\/p>\n<p>Jako dal\u0161\u00ed<a href=\"#_edn4\" name=\"_ednref4\">[4]<\/a>, Rusov\u00e9 zah\u00e1jili \u00fatok na celou d\u00e9lku fronty zar\u00e1z, co\u017e je \u0159\u00e1dn\u00fdch p\u00e1r kilometr\u016f. Hlavn\u00ed pozornost v\u011bnovali Avdijivsk\u00e9 a Marinksk\u00e9 oblasti, ale i jin\u00e1 m\u00edsta byla napadena, jako na p\u0159\u00edklad Kupjansk, Novoselovskoje, Liman, Art\u011bmovsk a dal\u0161\u00ed.<\/p>\n<p>Vcelku, ukrajinsk\u00e9 veden\u00ed zaznamenalo 82 \u00fatok\u016f pouze sm\u011brem na Cherson, Z\u00e1poro\u017e\u00ed, Ugledar, Art\u011bmovsk, Liman a Kupjansk. Ztr\u00e1ty na ukrajinsk\u00fdch \u017eivotech byly \u2013 jako v\u017edy \u2013 zna\u010dn\u00e9. Videa na str\u00e1nce.<\/p>\n<p>Mocn\u00fd \u00fatok<a href=\"#_edn5\" name=\"_ednref5\">[5]<\/a> byl proveden 7. prosince tak\u00e9 na Kyjev, kde Kin\u017e\u00e1ly Kh-47M2 \u00fato\u010dily na americk\u00fd Patriot protiletadlov\u00fd syst\u00e9m, kter\u00fd Kyjev chr\u00e1n\u00ed. Bylo vyst\u0159eleno asi 11 raket, n\u011bkter\u00e9 Iskandery. A v\u0161ecky zas\u00e1hly pl\u00e1novan\u00e9 c\u00edle, p\u0159\u00edmo v\u00a0Kyjev\u011b. Varovn\u00e9 sir\u00e9ny houkaly osto\u0161est a v\u00fdbuchy n\u00e1sledovaly jeden za druh\u00fdm.<\/p>\n<p>Krom\u011b Patriot\u016f \u00fato\u010dili Rusov\u00e9 tak\u00e9 na d\u011blost\u0159electvo. Ukrajinci hl\u00e1sili, \u017ee sest\u0159elili osm balistick\u00fdch raket a 18 \u0160ahed bezpilotn\u00edch letadel, kter\u00e9 \u00fato\u010dily na ji\u017en\u00ed \u010d\u00e1sti m\u011bsta, ale t\u0159i dal\u0161\u00ed letadla jim do po\u010dtu chyb\u00ed, tak\u017ee nejsp\u00ed\u0161 ud\u011blala svoji pr\u00e1ci.<\/p>\n<p>Z\u00e1rove\u0148 Rusov\u00e9 za\u00fato\u010dili na ukrajinsk\u00e9 energetick\u00e9 zdroje, co\u017e m\u011bli ud\u011blat u\u017e d\u00e1vno. Byla zasa\u017eena tepeln\u00e1 elektr\u00e1rna a Ukrajinsk\u00e1 energetick\u00e1 firma Ukrenergo byla nucena \u017e\u00e1dat o v\u00fdpomoc evropsk\u00e9 st\u00e1ty.<\/p>\n<p><span style=\"font-size: 18pt;\"><strong>Hrozn\u00e1 budoucnost<\/strong><\/span><\/p>\n<p>Na Ukrajin\u011b<a href=\"#_edn6\" name=\"_ednref6\">[6]<\/a> vl\u00e1dne atmosf\u00e9ra zk\u00e1zy. Rusov\u00e9 te\u010f postupuj\u00ed kup\u0159edu mnohem rychleji ne\u017e d\u0159\u00edve, co\u017e spolu s\u00a0nedostatkem v\u00e1le\u010dn\u00e9 pomoci ze Z\u00e1padu a nedostate\u010dn\u00fdm po\u010dtem voj\u00e1k\u016f v\u0161echny obyvatele stahuje do stavu deprese.<\/p>\n<p>Mnoho \u010dlen\u016f vl\u00e1dy a parlamentu za\u010dali mluvit jinak ne\u017e d\u0159\u00edve, proto\u017ee dob\u0159e v\u00ed, \u017ee \u2018to nejhor\u0161\u00ed teprve p\u0159ijde.\u2018 Tomu nepom\u00e1h\u00e1 nedostatek zbran\u00ed a munice pro arm\u00e1du, kter\u00e9 si Ukrajinci nedok\u00e1\u017eou sami vyr\u00e1b\u011bt tak, jak to d\u011blaj\u00ed Rusov\u00e9, kte\u0159\u00ed chrl\u00ed v\u00e1le\u010dnou ma\u0161inerii obrovsk\u00fdm tempem. Ukrajinci nemaj\u00ed sv\u00e9 vlastn\u00ed tov\u00e1rny na v\u00fdrobu zbran\u00ed, nemaj\u00ed ani vlastn\u00ed pr\u016fmysl, vlastn\u00ed ideologii a ani vlastn\u00ed pen\u00edze, jak \u0159ekla mluv\u010d\u00ed rusk\u00e9ho Ministerstva zahrani\u010d\u00ed, Maria Zacharova.<\/p>\n<p>Podle n\u00ed, Ukrajinci nemaj\u00ed prakticky nic, co by jim pat\u0159ilo. T\u00edm p\u00e1dem nemaj\u00ed ani budoucnost.<\/p>\n<p>A ukrajin\u0161t\u00ed politikov\u00e9 jsou ve stavu hromadn\u00e9 paniky. Nah\u00e1n\u00ed jim rovn\u011b\u017e hr\u016fzu, \u017ee \u017e\u00e1dn\u00e1 arm\u00e1da na sv\u011bt\u011b nem\u00e1 touto dobou tak mohutn\u00e9 v\u00e1le\u010dn\u00e9 zku\u0161enosti jako Rusko. V\u017edycky pova\u017eovali svoji vlastn\u00ed arm\u00e1du za nejlep\u0161\u00ed a te\u010f vid\u00ed, \u017ee Rusov\u00e9 je daleko p\u0159ed\u010d\u00ed a \u017ee se jim prakticky nikdo na sv\u011bt\u011b nen\u00ed stavu ubr\u00e1nit.<\/p>\n<p>A je\u0161t\u011b ke v\u0161emu, Rusko m\u00e1 nelimitovan\u00e9 z\u00e1soby zbran\u00ed a n\u00e1boj\u016f, kde\u017eto v\u0161ichni ostatn\u00ed nemaj\u00ed nic. Vydali se i ze sv\u00fdch z\u00e1sob a te\u010f jim nezb\u00fdv\u00e1 ani na vlastn\u00ed obranu.<\/p>\n<p><span style=\"font-size: 18pt;\"><strong>Ukrajinsk\u00e9 veden\u00ed kone\u010dn\u011b pochopilo<\/strong><\/span><\/p>\n<p>Kone\u010dn\u011b uznali<a href=\"#_edn7\" name=\"_ednref7\">[7]<\/a>, \u017ee prohr\u00e1vaj\u00ed a p\u0159ipravuj\u00ed gener\u00e1ln\u00ed evakuaci sv\u00fdch vojsk z\u00a0v\u011bt\u0161\u00edho po\u010dtu m\u00edst na v\u00fdchodn\u00ed Ukrajin\u011b. S\u00a0nejv\u011bt\u0161\u00ed pravd\u011bpodobnost\u00ed vyt\u00e1hnou z\u00a0Avdiivky, z\u00a0Kupjansku, Limanu a dal\u0161\u00edch m\u00edst.<\/p>\n<p>To je samoz\u0159ejm\u011b to nejlep\u0161\u00ed, co mohou ud\u011blat, proto\u017ee je zbyte\u010dn\u00e9 ob\u011btovat dal\u0161\u00ed a dal\u0161\u00ed lidsk\u00e9 \u017eivoty tam, kde u\u017e je v\u00e1lka v\u00edc ne\u017e zjevn\u011b prohr\u00e1na. Ukrajinsk\u00e1 arm\u00e1da byla nucena sv\u00fdm veden\u00edm udr\u017eovat obranu po cel\u00e9 d\u00e9lce fronty, co\u017e je v\u00edc ne\u017e 1200 km. To je st\u00e1lo ve\u0161kerou n\u00e1mahu, tak\u017ee myslet na \u00fatok nep\u0159ipadalo v\u00a0\u00favahu. K\u00a0tomu samoz\u0159ejm\u011b nep\u0159\u00edsp\u00edval nedostatek zbran\u00ed a n\u00e1boj\u016f, co\u017e si \u010dasto museli voj\u00e1ci kupovat sami, za sv\u00e9 pen\u00edze.<\/p>\n<p>Je jasn\u00e9, \u017ee s\u00a0jejich odchodem budou tato m\u00edsta okam\u017eit\u011b zabr\u00e1na rusk\u00fdmi jednotkami a t\u00edm p\u00e1dem p\u016fjdou Rusov\u00e9 celkem voln\u011b do zem\u011b a budou zab\u00edrat v\u011bt\u0161\u00ed a v\u011bt\u0161\u00ed \u00fazem\u00ed.<\/p>\n<p><a href=\"https:\/\/stranapro.cz\/\"><img decoding=\"async\" loading=\"lazy\" class=\"alignnone  wp-image-40285 aligncenter\" src=\"http:\/\/www.infokuryr.cz\/n\/wp-content\/uploads\/2023\/11\/11pro-300x79.png\" alt=\"\" width=\"763\" height=\"201\" srcset=\"https:\/\/www.infokuryr.cz\/n\/wp-content\/uploads\/2023\/11\/11pro-300x79.png 300w, https:\/\/www.infokuryr.cz\/n\/wp-content\/uploads\/2023\/11\/11pro.png 363w\" sizes=\"(max-width: 763px) 100vw, 763px\" \/><\/a><\/p>\n<p>Tak\u017ee to bylo velmi nerozumn\u00e9 jedn\u00e1n\u00ed od ukrajinsk\u00e9ho veden\u00ed (krom\u011b mnoha jin\u00fdch p\u0159ehmat\u016f), \u017ee nevyhl\u00e1sili kapitulaci d\u00e1vno. Rusov\u00e9 by m\u011bli zabr\u00e1no mnohem m\u00e9n\u011b \u00fazem\u00ed a Ukrajinc\u016fm by zbyl p\u0159\u00edstup k\u00a0mo\u0159i. Je mo\u017en\u00e9, \u017ee z\u00a0toho d\u016fvodu se rusk\u00fd president Putin neust\u00e1le stav\u011bl kladn\u011b k\u00a0m\u00edrov\u00e9 dohod\u011b, aby jim tuto \u0161anci nemusel odebrat.<\/p>\n<p>Jen\u017ee tak, jak se situace vyvinula, tak Rusov\u00e9 nejsp\u00ed\u0161 postoup\u00ed d\u00e1le na v\u00fdchod a zaberou i Od\u011bsu. Logicky by n\u011bco takov\u00e9ho m\u011bli ud\u011blat. S\u00a0Od\u011bsou a s\u00a0Kyjevem pod ruskou vl\u00e1dou pak nem\u00e1 zbytek Ukrajiny mnoho mo\u017enost\u00ed a jak NATO, tak i Evropsk\u00e1 unie o n\u011b nadobro ztrat\u00ed z\u00e1jem.<\/p>\n<p>Mohli by pak rovn\u011b\u017e p\u0159ipojit Transnistrii, kter\u00e1 se c\u00edt\u00ed ohro\u017eov\u00e1na Moldavou, od kter\u00e9 se odtrhla a o p\u0159ipojen\u00ed k\u00a0Rusku projevila z\u00e1jem.<\/p>\n<p><span style=\"font-size: 18pt;\"><strong>Je nejvy\u0161\u0161\u00ed \u010das<\/strong><\/span><\/p>\n<p>Je naprosto nutn\u00e9<a href=\"#_edn8\" name=\"_ednref8\">[8]<\/a> vojsko st\u00e1hnout, proto\u017ee jim hromadn\u011b doch\u00e1z\u00ed n\u00e1boje do zbran\u00ed a nov\u00e9 nejsou na frontu dod\u00e1v\u00e1ny. Je zde zjevn\u00e1 snaha s\u00a0n\u00e1boji \u0161et\u0159it, ale takov\u00e1 arm\u00e1da se nikam nedostane a rozhodn\u011b nen\u00ed schopna vyhr\u00e1t ani jednu bitvu, ne pak v\u00e1lku.<\/p>\n<p>Tak\u00e9 n\u00e1lada ukrajinsk\u00fdch voj\u00e1k\u016f se postupem \u010dasu zna\u010dn\u011b zm\u011bnila. Dnes se bou\u0159\u00ed, odm\u00edtaj\u00ed poslouchat rozkazy. Doch\u00e1z\u00ed mezi nimi v\u00fdbuch\u016fm vzteku a n\u00e1silnosti dlouho ne\u010dekaj\u00ed. Psycholo\u017eka jednoho odd\u00edlu bl\u00edzko Kupjansku zkou\u0161ela zadr\u017eet voj\u00e1ky, kte\u0159\u00ed opou\u0161t\u011bli sv\u00e9 pozice hrozbami a ur\u00e1\u017ekami. Do\u0161lo ke st\u0159etu a voj\u00e1ci ji zabili. Aby zakryli co provedli, \u0159ekli, \u017ee zem\u0159ela z\u00e1sahem kazetov\u00e9 munice.<\/p>\n<p>Podobn\u00e9 p\u0159\u00edpady se vyskytuj\u00ed i v\u00a0jin\u00fdch ukrajinsk\u00fdch jednotk\u00e1ch. Veden\u00ed jednotliv\u00fdch vojensk\u00fdch skupin pak pou\u017e\u00edv\u00e1 ciz\u00ed \u017eoldn\u00e9\u0159e, NATO voj\u00e1ky a Azovovce, aby nastolili po\u0159\u00e1dek, \u010dasto drsn\u00fdm zp\u016fsobem.<\/p>\n<p><span style=\"font-size: 18pt;\"><strong>Mohutn\u00e1 \u017eensk\u00e1 \u00fa\u010dast ve v\u00e1lce a jinde<\/strong><\/span><\/p>\n<p>Tak\u00e9 skute\u010dnost<a href=\"#_edn9\" name=\"_ednref9\">[9]<\/a>, \u017ee hodn\u011b zvl\u00e1\u0161tn\u00edch velitel\u016f jsou \u017eeny, nep\u0159isp\u00edv\u00e1 k\u00a0celkov\u00e9 spokojenosti vojska. A t\u011bch \u017een je tam \u010d\u00edm d\u00e1l v\u00edc. \u017deny dnes tvo\u0159\u00ed 7% ukrajinsk\u00e9ho vojensk\u00e9ho person\u00e1lu. Asi 5000 se jich nach\u00e1z\u00ed p\u0159\u00edmo na boji\u0161ti.<\/p>\n<p>U\u017e d\u0159\u00edve, v\u00a0r. 2014 bylo v\u00a0ukrajinsk\u00e9 arm\u00e1d\u011b zna\u010dn\u00e9 mno\u017estv\u00ed \u017een, \u00fadajn\u011b 49 926 a z\u00a0toho bylo 16 557 v\u00a0nebojov\u00fdch pozic\u00edch. V\u00a0sou\u010dasn\u00e9 dob\u011b jejich celkov\u00fd po\u010det vzrostl na 62 062 a 43 479 se nach\u00e1z\u00ed v\u00a0nebojov\u00fdch odv\u011btv\u00edch.<\/p>\n<p>A nejen v\u00a0arm\u00e1d\u011b<a href=\"#_edn10\" name=\"_ednref10\">[10]<\/a>, \u017eeny dnes nucen\u011b pracuj\u00ed na Ukrajin\u011b i v\u00a0uheln\u00fdch dolech. V\u0161ichni mu\u017ei byli vyhn\u00e1ni do v\u00e1lky, tak musely nam\u00edsto nich narukovat \u017eeny, jak hl\u00e1s\u00ed tiskov\u00e1 agentura Reuters. Asi 400 \u017een dnes pracuje v\u00a0dolech, co\u017e je n\u011bco, co\u017e bylo za Sov\u011btsk\u00e9ho svazu zak\u00e1z\u00e1no.<\/p>\n<p>Jak je vid\u011bt, i krut\u00ed bol\u0161evici byli k\u00a0\u017een\u00e1m v\u00edc ohledupln\u00ed ne\u017e stv\u016fry Zelensk\u00e9ho typu.<\/p>\n<p>Celkovou situaci jen zhor\u0161uje skute\u010dnost, \u017ee hodn\u011b z\u00a0mu\u017e\u016f, kte\u0159\u00ed ode\u0161li z\u00a0dol\u016f a z\u00a0jin\u00fdch pr\u016fmyslov\u00fdch odv\u011btv\u00ed do v\u00e1lky, se u\u017e nikdy nevr\u00e1t\u00ed. Mnoz\u00ed byli zabiti, jin\u00ed zran\u011bni a ten zbytek jsou znechuceni celkovou situac\u00ed. Tak\u017ee ty \u017eeny v\u00a0dolech asi z\u016fstanou napo\u0159\u00e1d.<\/p>\n<p>P\u0159ed v\u00e1lkou bylo na Ukrajin\u011b asi 44 milion\u016f lid\u00ed. Podle informac\u00ed OSN, 12,3 milion\u016f z\u00a0nich, p\u0159ev\u00e1\u017en\u011b \u017eeny a d\u011bti, zemi opustili. Tis\u00edce mu\u017e\u016f, kte\u0159\u00ed byli odvedeni, rovn\u011b\u017e uprchli, zhruba asi 650 000, i kdy\u017e to bylo zak\u00e1z\u00e1no.<\/p>\n<p>Podle nov\u00fdch z\u00e1konu, vydan\u00fdch sou\u010dasnou vl\u00e1dou, jsou \u017eeny od 18 do 60 let povinny zaregistrovat se u\u00a0odvodov\u00fdch \u00fa\u0159ad\u016f!<\/p>\n<p><span style=\"font-size: 18pt;\"><strong>Mlad\u00edci se br\u00e1n\u00ed odvodu v\u0161emi zp\u016fsoby<\/strong><\/span><\/p>\n<p>Ani mlad\u00ed mu\u017ei<a href=\"#_edn11\" name=\"_ednref11\">[11]<\/a> se nehrnou do v\u00e1lky. Necht\u011bj\u00ed bojovat za zkorumpovanou vl\u00e1du presidenta Zelensk\u00e9ho. Pou\u017e\u00edvaj\u00ed v\u0161ecko, co mohou, aby se vojensk\u00e9 slu\u017eb\u011b vyhnuli: upl\u00e1cej\u00ed, pad\u011blaj\u00ed dokumenty, zkou\u0161ej\u00ed uprchnout do ciziny a dokonce i kupuj\u00ed \u00famrtn\u00ed listy. Cel\u00e1 dokumentace \u00famrt\u00ed a jej\u00ed zanesen\u00ed do v\u0161ech vl\u00e1dn\u00edch datab\u00e1z\u00ed stoj\u00ed $10 000.<\/p>\n<p>Vl\u00e1da Zelensk\u00e9ho p\u0159ik\u00e1zala uzav\u0159\u00edt pro ka\u017ed\u00e9ho ve v\u011bku od 18 do 60 let hranice a postavili na str\u00e1\u017e p\u0159\u00eddavn\u00e9 jednotky. A tak se vyskytlo nov\u00e9 povol\u00e1n\u00ed p\u0159ev\u00e1d\u011b\u010d\u016f p\u0159es hranice, kte\u0159\u00ed za $1200 a v\u00edc p\u0159evedou ka\u017ed\u00e9ho do Rumunska. Podplatit str\u00e1\u017e na hranic\u00edch s\u00a0Moldavou stoj\u00ed m\u00e9n\u011b, pouh\u00fdch $300. Tak\u00e9 je mo\u017eno podplatit vojensk\u00e9 n\u00e1bor\u010d\u00ed, aby vystavili doklad o neschopnosti pro vojenskou slu\u017ebu, ale tam nen\u00ed cena ud\u00e1na; z\u0159ejm\u011b je r\u016fzn\u00e1.<\/p>\n<p><em>\u201eI kdy\u017e n\u011bkomu chyb\u00ed noha, odvedou ho a \u0159eknou, \u017ee m\u016f\u017ee po\u0159\u00e1d je\u0161t\u011b vypou\u0161t\u011bt bezpilotn\u00ed letadla,\u201c<\/em> vysv\u011btluje jeden branec-desert\u00e9r, kter\u00e9mu se poda\u0159ilo uprchnout do Rumunska.<\/p>\n<p>Dokonce se vyskytl i \u010dlov\u011bk, kter\u00fd m\u011bl ob\u011b ruce amputov\u00e1ny a kter\u00fd se py\u0161nil p\u0159\u00edkazem k\u00a0odvodu. Starci s\u00a0b\u00edl\u00fdmi vlasy se dnes rovn\u011b\u017e nach\u00e1zej\u00ed v\u00a0ukrajinsk\u00e9 arm\u00e1d\u011b.<\/p>\n<p><span style=\"font-size: 18pt;\"><strong>\u017doldn\u00e9\u0159\u00ed se houfn\u011b vzd\u00e1vaj\u00ed<\/strong><\/span><\/p>\n<p>Se za\u010d\u00e1tkem zimy<a href=\"#_edn12\" name=\"_ednref12\">[12]<\/a> se dali ciz\u00ed \u017eold\u00e1ci tou nejsnadn\u011bj\u0161\u00ed cestou a vzdali se rusk\u00fdm vojsk\u016fm. V\u011bt\u0161ina z\u00a0nich jsou Pol\u00e1ci a Gruz\u00ednci a vyzna\u010duj\u00ed se nezm\u011brnou l\u00e1skou ke sv\u00e9mu vlastn\u00edmu \u017eivotu. Proto rad\u011bji opustili ideologii svobodn\u00e9 Ukrajiny pod veden\u00edm NATO a vzd\u00e1vaj\u00ed se Rus\u016fm, proti kter\u00fdm a\u017e dote\u010f bojovali.<\/p>\n<p>Nen\u00ed se ale \u010demu divit. Celou v\u00e1lku tvo\u0159ily tyto dv\u011b n\u00e1rodnost\u00ed skupiny z\u00e1klad cizineck\u00e9 legie v\u00a0ukrajinsk\u00e9 arm\u00e1d\u011b. T\u00edm p\u00e1dem utrp\u011bli nejv\u011bt\u0161\u00ed ztr\u00e1ty na \u017eivotech, co\u017e spolu s\u00a0nadch\u00e1zej\u00edc\u00ed zimou do\u010dista ochromilo jejich touhu bojovat.<\/p>\n<p>Zajat\u00ed \u017eold\u00e1ci p\u0159ich\u00e1zej\u00ed v\u011bt\u0161inou ve skupin\u00e1ch, 10-15 lid\u00ed. Mnoho z nich maj\u00ed omrzliny na nohou a na ruk\u00e1ch. Skoro v\u0161ichni by r\u00e1di odhodili zbran\u011b a ode\u0161li z\u00a0p\u0159edn\u00edch lini\u00ed dozadu, pom\u00e1hat se z\u00e1sobov\u00e1n\u00edm a s\u00a0opravami vojensk\u00e9ho vybaven\u00ed. Ale \u2018nacionalist\u00e9\u2018, neboli \u2018nacist\u00e9\u2018, co\u017e jsou Azovovci a taky ukrajinsk\u00e1 tajn\u00e1 policie, jim to nedovol\u00ed.<\/p>\n<p>Kdy\u017e si p\u0159edstav\u00edme, \u017ee ukrajin\u0161t\u00ed voj\u00e1ci nedostanou tepl\u00e9 zimn\u00ed oble\u010den\u00ed, ani po\u0159\u00e1dn\u00e9 boty, \u017ee v\u00a0p\u0159\u00edpad\u011b zran\u011bn\u00ed mus\u00ed pou\u017e\u00edt pod\u0159adn\u00e9 medik\u00e1ln\u00ed pom\u016fcky, pokud je ov\u0161em my\u0161i nese\u017eraly. My\u0161i jsou jeden velk\u00fd probl\u00e9m pro ukrajinsk\u00e1 vojska, kter\u00e9ho je t\u011b\u017ek\u00e9 se zbavit. Z\u00e1kopy jsou t\u011bmito hlodavci doslova zamo\u0159eny.<\/p>\n<p><span style=\"font-size: 18pt;\"><strong>Dokonce i pilot a s\u00a0helikopt\u00e9rou!<\/strong><\/span><\/p>\n<p>Korunu tomu v\u0161emu<a href=\"#_edn13\" name=\"_ednref13\">[13]<\/a> dal ukrajinsk\u00fd vojensk\u00fd pilot, kter\u00fd tak\u00e9 p\u0159e\u0161el na ruskou stranu. Snad by bylo vhodn\u011bj\u0161\u00ed napsat \u017ee tam p\u0159elet\u011bl, proto\u017ee on tam p\u0159ist\u00e1l i s\u00a0helikopt\u00e9rou. A nebyl to jen tak kdejak\u00fd pilot, byl to jeden z\u00a0hlavn\u00edch d\u016fstojn\u00edk\u016f, velitel leteck\u00fdch sil.<\/p>\n<p>Pilotovo jm\u00e9no a arm\u00e1dn\u00ed hodnost nebyly z\u00e1m\u011brn\u011b vyjeveny. Z\u00fa\u010dastn\u011bn\u00ed rovn\u011b\u017e odm\u00edtaj\u00ed objasnit podrobnosti jeho p\u0159eletu, proto\u017ee by to bylo v\u00a0sou\u010dasn\u00e9 dob\u011b nevhodn\u00e9.<\/p>\n<p>Tento \u010dlov\u011bk pom\u00e1hal rusk\u00e9 arm\u00e1d\u011b od sam\u00e9ho za\u010d\u00e1tku v\u00e1le\u010dn\u00e9ho konfliktu. Dod\u00e1val jim informace a v\u00e1le\u010dn\u00e9 zpr\u00e1vy a i jinak s\u00a0nimi spolupracoval. Z\u0159ejm\u011b proto se rozhodl zav\u010das ukrajinsk\u00e9 \u00fazem\u00ed opustit.<\/p>\n<p><em><strong>Jane Kaufman, 19. prosince 2023<\/p>\n<p><\/strong><\/em><\/p>\n<p><a href=\"#_ednref1\" name=\"_edn1\">[1]<\/a> https:\/\/avia-pro.net\/news\/vsled-za-zhenoy-budanova-massovo-byli-otravleny-sotrudniki-gur-ukrainy<\/p>\n<p><a href=\"#_ednref2\" name=\"_edn2\">[2]<\/a> https:\/\/thenationalpulse.com\/2023\/09\/18\/ukrainian-bombed-its-own-civilians-blamed-russia-and-the-media-blindly-followed\/<\/p>\n<p><a href=\"#_ednref3\" name=\"_edn3\">[3]<\/a> https:\/\/warnews247-gr.translate.goog\/oi-rosoi-tyflosan-gia-proti-fora-natoikous-doryforous-kai-aeroskafi-ektos-leitourgias-i-kyivstar-to-kievo-den-echei-eikona-ton-rosikon-kiniseon\/?_x_tr_sl=auto&amp;_x_tr_tl=en&amp;_x_tr_hl=en&amp;_x_tr_pto=wapp<\/p>\n<p><a href=\"#_ednref4\" name=\"_edn4\">[4]<\/a> https:\/\/warnews247-gr.translate.goog\/o-rosikos-stratos-xekinise-mazikes-epithetikes-epicheiriseis-se-olokliri-ti-grammi-tou-metopou-megales-apoleies-ton-oukranon-vid\/?_x_tr_sl=auto&amp;_x_tr_tl=en&amp;_x_tr_hl=en&amp;_x_tr_pto=wapp<\/p>\n<p><a href=\"#_ednref5\" name=\"_edn5\">[5]<\/a> https:\/\/warnews247-gr.translate.goog\/ischyri-rosiki-epithesi-sto-kievo-yperichitikoi-kh-47m2-kinzhal-eplixan-systimata-aeramynas-patriot-deftero-kyma-me-vallistikous-iskander-drones-geran-2\/?_x_tr_sl=auto&amp;_x_tr_tl=en&amp;_x_tr_hl=en&amp;_x_tr_pto=wapp<\/p>\n<p><a href=\"#_ednref6\" name=\"_edn6\">[6]<\/a> https:\/\/warnews247-gr.translate.goog\/atmosfaira-epikeimenou-olethrou-sto-kievo-psachnoun-stratiotes-pyromachika-dilosi-stathmos-v-poutin-eimaste-pio-ischyroi-apo-pote-kamia-diapragmatefsi\/?_x_tr_sl=auto&amp;_x_tr_tl=en&amp;_x_tr_hl=en&amp;_x_tr_pto=wapp<\/p>\n<p><a href=\"#_ednref7\" name=\"_edn7\">[7]<\/a> https:\/\/warnews247-gr.translate.goog\/oi-oukranoi-egkataleipoun-dekades-perioches-tithentai-ypo-rosiko-elegcho-maziki-ypochorisi-ton-oukranikon-dynameon-se-olokliri-ti-grammi-tou-metopou-vid\/?_x_tr_sl=auto&amp;_x_tr_tl=en&amp;_x_tr_hl=en&amp;_x_tr_pto=wapp<\/p>\n<p><a href=\"#_ednref8\" name=\"_edn8\">[8]<\/a> https:\/\/en.topcor.ru\/42093-v-vsu-vse-chasche-voznikajut-mjatezhi-i-vspyshki-nasilija-v-adres-komandirov.html<\/p>\n<p><a href=\"#_ednref9\" name=\"_edn9\">[9]<\/a> https:\/\/tass.com\/world\/1708901<\/p>\n<p><a href=\"#_ednref10\" name=\"_edn10\">[10]<\/a> https:\/\/europerenaissance.com\/2023\/11\/23\/women-conscripted-to-work-in-ukrainian-mines\/<\/p>\n<p><a href=\"#_ednref11\" name=\"_edn11\">[11]<\/a> https:\/\/www.rt.com\/russia\/588745-ukraine-conscripts-fleeing-corruption\/<\/p>\n<p><a href=\"#_ednref12\" name=\"_edn12\">[12]<\/a> https:\/\/en.topcor.ru\/41779-zamerzshie-inostrannye-naemniki-massovo-sdajutsja-v-plen-pod-artemovskom.html<\/p>\n<p><a href=\"#_ednref13\" name=\"_edn13\">[13]<\/a> https:\/\/www.rt.com\/russia\/587567-ukrainian-military-pilot-defect-russia\/<\/p>\n<p>&nbsp;<\/p>\n<p>&nbsp;<\/p>\n","protected":false},"excerpt":{"rendered":"<p>Marianna, man\u017eelka \u0161\u00e9fa[1] ukrajinsk\u00e9 vojensk\u00e9 rozv\u011bdky Kirila Budanova byla koncem listopadu p\u0159ijata do nemocnice kv\u016fli&#8230;<\/p>\n","protected":false},"author":2,"featured_media":18469,"comment_status":"closed","ping_status":"closed","sticky":false,"template":"","format":"standard","meta":[],"categories":[6],"tags":[1042,29,220,26],"_links":{"self":[{"href":"https:\/\/www.infokuryr.cz\/n\/wp-json\/wp\/v2\/posts\/42957"}],"collection":[{"href":"https:\/\/www.infokuryr.cz\/n\/wp-json\/wp\/v2\/posts"}],"about":[{"href":"https:\/\/www.infokuryr.cz\/n\/wp-json\/wp\/v2\/types\/post"}],"author":[{"embeddable":true,"href":"https:\/\/www.infokuryr.cz\/n\/wp-json\/wp\/v2\/users\/2"}],"replies":[{"embeddable":true,"href":"https:\/\/www.infokuryr.cz\/n\/wp-json\/wp\/v2\/comments?post=42957"}],"version-history":[{"count":0,"href":"https:\/\/www.infokuryr.cz\/n\/wp-json\/wp\/v2\/posts\/42957\/revisions"}],"wp:featuredmedia":[{"embeddable":true,"href":"https:\/\/www.infokuryr.cz\/n\/wp-json\/wp\/v2\/media\/18469"}],"wp:attachment":[{"href":"https:\/\/www.infokuryr.cz\/n\/wp-json\/wp\/v2\/media?parent=42957"}],"wp:term":[{"taxonomy":"category","embeddable":true,"href":"https:\/\/www.infokuryr.cz\/n\/wp-json\/wp\/v2\/categories?post=42957"},{"taxonomy":"post_tag","embeddable":true,"href":"https:\/\/www.infokuryr.cz\/n\/wp-json\/wp\/v2\/tags?post=42957"}],"curies":[{"name":"wp","href":"https:\/\/api.w.org\/{rel}","templated":true}]}}