{"id":42943,"date":"2023-12-20T00:44:06","date_gmt":"2023-12-19T23:44:06","guid":{"rendered":"http:\/\/www.infokuryr.cz\/n\/?p=42943"},"modified":"2023-12-19T18:43:33","modified_gmt":"2023-12-19T17:43:33","slug":"74-den-hamas-rika-izraeli-ze-prisel-prilis-pozde-na-tunelovani-sily-zatykaji-lekare-v-nemocnici-al-awdeh","status":"publish","type":"post","link":"https:\/\/www.infokuryr.cz\/n\/2023\/12\/20\/74-den-hamas-rika-izraeli-ze-prisel-prilis-pozde-na-tunelovani-sily-zatykaji-lekare-v-nemocnici-al-awdeh\/","title":{"rendered":"74. den: Hamas \u0159\u00edk\u00e1 Izraeli, \u017ee \u201ep\u0159i\u0161el p\u0159\u00edli\u0161 pozd\u011b\u201c na tunelov\u00e1n\u00ed; s\u00edly zat\u00fdkaj\u00ed l\u00e9ka\u0159e v nemocnici Al-Awdeh"},"content":{"rendered":"<div id=\"fb-root\"><\/div>\n<p><span style=\"font-size: 14pt;\"><strong>P\u0159edstavitel OSN \u0159\u00edk\u00e1, \u017ee Gaza mo\u017en\u00e1 bude pot\u0159ebovat zvl\u00e1\u0161tn\u00ed tribun\u00e1l, kter\u00fd by vy\u0161et\u0159oval izraelsk\u00e1 zv\u011brstva. Izraelsk\u00fd p\u0159edstavitel tvrd\u00ed, \u017ee v Gaze nejsou \u201e\u017e\u00e1dn\u00e9 kostely, \u017e\u00e1dn\u00ed k\u0159es\u0165an\u00e9\u201c, a L\u00e9ka\u0159i bez hranic varuj\u00ed p\u0159ed zv\u00fd\u0161en\u00fdmi \u00fatoky na zdravotnick\u00e1 st\u0159ediska v D\u017ean\u00ednu.<\/strong><\/span><\/p>\n<h2 class=\"wp-block-heading\"><strong><span>Ztr\u00e1ty<\/span><\/strong><\/h2>\n<ul>\n<li><span>19 453+ zabit\u00fdch* a v\u00edce ne\u017e 52 286 zran\u011bn\u00fdch v p\u00e1smu Gazy.<\/span><\/li>\n<li><span>Na okupovan\u00e9m Z\u00e1padn\u00edm b\u0159ehu a ve v\u00fdchodn\u00edm Jeruzal\u00e9m\u011b bylo zabito 301 Palestinc\u016f<\/span><\/li>\n<li><span>Izrael reviduje sv\u016fj odhadovan\u00fd po\u010det ob\u011bt\u00ed ze 7. \u0159\u00edjna na 1 400 na 1 147.<\/span><\/li>\n<li><span>Od 7. \u0159\u00edjna zahynulo 461 izraelsk\u00fdch voj\u00e1k\u016f a nejm\u00e9n\u011b 1831 bylo zran\u011bno.<\/span><\/li>\n<\/ul>\n<p><span>*<\/span><em><span>Toto \u010d\u00edslo bylo potvrzeno ministerstvem zdravotnictv\u00ed Gazy 19. prosince. Kv\u016fli poruch\u00e1m komunika\u010dn\u00edch s\u00edt\u00ed v p\u00e1smu Gazy nebylo ministerstvo zdravotnictv\u00ed v Gaze schopno pravideln\u011b a p\u0159esn\u011b aktualizuje sv\u00e9 m\u00fdtn\u00e9 od poloviny listopadu. N\u011bkter\u00e9 organizace na ochranu lidsk\u00fdch pr\u00e1v p\u0159ibli\u017euj\u00ed po\u010det ob\u011bt\u00ed 20 000.<\/span><\/em><\/p>\n<h2 class=\"wp-block-heading\"><strong><span>Kl\u00ed\u010dov\u00fd v\u00fdvoj<\/span><\/strong><\/h2>\n<ul>\n<li><span>P\u0159edstavitel OSN Martin Griffiths \u0159\u00edk\u00e1, \u017ee humanit\u00e1rn\u00ed pracovn\u00edci \u201enemaj\u00ed bezpe\u010dn\u00e1 m\u00edsta, ze kter\u00fdch by mohli operovat, kde by se lid\u00e9 mohli bezpe\u010dn\u011b shrom\u00e1\u017edit, aby dostali pomoc a byli chr\u00e1n\u011bni\u201c v Gaze.<\/span><\/li>\n<li><span>Ministerstvo zdravotnictv\u00ed Gazy uvedlo, \u017ee izraelsk\u00e9 s\u00edly p\u0159em\u011bnily nemocnici Al-Awdeh na vojensk\u00e1 kas\u00e1rna, kde bylo zat\u010deno 240 lid\u00ed, 40 zdravotn\u00edk\u016f, 40 pacient\u016f a 120 vys\u00eddlen\u00fdch Palestinc\u016f.<\/span><\/li>\n<li><span>Adel Zurob je jedn\u00edm z 94 palestinsk\u00fdch novin\u00e1\u0159\u016f zabit\u00fdch v Gaze od 7. \u0159\u00edjna.<\/span><\/li>\n<li><span>Izraelsk\u00fd p\u0159edstavitel pop\u00edr\u00e1, \u017ee katolick\u00e1 farnost Svat\u00e9 rodiny byla zac\u00edlena arm\u00e1dou, a tvrd\u00ed, \u017ee v p\u00e1smu Gazy \u201e\u017e\u00e1dn\u00e9 kostely, \u017e\u00e1dn\u00ed k\u0159es\u0165an\u00e9\u201c.<\/span><\/li>\n<li><span>Brig\u00e1dy Al-Qassam zve\u0159ejnily video odp\u00e1len\u00ed st\u0159ely Kornet na izraelsk\u00e9 Humvee v Beit Lahia; zve\u0159ejnili video t\u0159\u00ed star\u0161\u00edch izraelsk\u00fdch zajatc\u016f, kte\u0159\u00ed prosili vl\u00e1du, aby je osvobodila.<\/span><\/li>\n<li><span>Klub palestinsk\u00fdch v\u011bz\u0148\u016f uvedl, \u017ee izraelsk\u00e9 s\u00edly zatkly od 7. \u0159\u00edjna na Z\u00e1padn\u00edm b\u0159ehu Jord\u00e1nu a v Jeruzal\u00e9m\u011b 4605 lid\u00ed.<\/span><\/li>\n<li><a href=\"https:\/\/www.msf.org\/palestine-increase-israeli-attacks-against-civilians-and-healthcare-jenin\"><span>L\u00e9ka\u0159i bez hranic<\/span><\/a><span>\u00a0(MSF) varuj\u00ed p\u0159ed zv\u00fd\u0161en\u00fdm po\u010dtem ob\u011bt\u00ed na Z\u00e1padn\u00edm b\u0159ehu Jord\u00e1nu a D\u017ean\u00ednu po opakovan\u00fdch izraelsk\u00fdch n\u00e1letech a \u0161kod\u00e1ch v nemocnic\u00edch a zdravotnick\u00fdch st\u0159edisc\u00edch.<\/span><\/li>\n<\/ul>\n<h2 class=\"wp-block-heading\"><strong><span>P\u0159edstavitel OSN \u0159\u00edk\u00e1, \u017ee Gaza pot\u0159ebuje \u201ezvl\u00e1\u0161tn\u00ed tribun\u00e1l\u201c, kter\u00fd by vy\u0161et\u0159oval izraelsk\u00e9 chov\u00e1n\u00ed<\/span><\/strong><\/h2>\n<p><span>Zv\u011brstva sp\u00e1chan\u00e1 Izraelem v p\u00e1smu Gazy mo\u017en\u00e1 budou pot\u0159ebovat zvl\u00e1\u0161tn\u00ed tribun\u00e1l OSN, \u0159ekl Martin Griffiths, n\u00e1m\u011bstek gener\u00e1ln\u00edho tajemn\u00edka OSN pro humanit\u00e1rn\u00ed z\u00e1le\u017eitosti.<\/span><\/p>\n<p><span>Griffiths \u0159ekl\u00a0<\/span><a href=\"https:\/\/www.ft.com\/content\/01b592be-47c7-4a20-9bbd-621aa40f7640\"><em><span>The Financial Times<\/span><\/em><\/a><span> v rozhovoru, \u017ee se zab\u00fdval konflikty a p\u0159\u00edrodn\u00edmi katastrofami v Libyi, Afgh\u00e1nist\u00e1nu, S\u00fdrii a S\u00fad\u00e1nu, a p\u0159esto je situace v Gaze, kde bylo p\u0159i izraelsk\u00e9m bombardov\u00e1n\u00ed zabito 136 pracovn\u00edk\u016f OSN, zdaleka nejhor\u0161\u00ed.<\/span><\/p>\n<p><span>\u201e\u017d\u00e1dn\u00fd z norm\u00e1ln\u00edch, zdrav\u00fdch z\u00e1klad\u016f, kter\u00e9 vid\u00edte po cel\u00e9m sv\u011bt\u011b pro humanit\u00e1rn\u00ed operace v m\u00edstech, jako je S\u00fdrie a Afgh\u00e1nist\u00e1n, pro n\u00e1s v Gaze neexistuje. Nem\u00e1me bezpe\u010dn\u00e1 m\u00edsta, ze kter\u00fdch bychom mohli operovat, kde by se lid\u00e9 mohli bezpe\u010dn\u011b shrom\u00e1\u017edit, aby dostali pomoc a byli chr\u00e1n\u011bni,\u201c \u0159ekl.<\/span><\/p>\n<p><span>Griffiths dodal, \u017ee po\u010det ob\u011bt\u00ed v P\u00e1smu Gazy prudce stoupne, a\u017e se v\u00e1le\u010dn\u00fd prach usad\u00ed a z\u00e1chrann\u00e9 t\u00fdmy se za\u010dnou kopat pod troskami, aby z\u00edskaly t\u011bla zabit\u00fdch.<\/span><\/p>\n<p><span>Griffiths \u0159ekl, \u017ee Izrael nebyl ve sv\u00fdch vojensk\u00fdch operac\u00edch na jihu Gazy \u201ep\u0159esn\u00fd\u201c, co\u017e bylo v rozporu se sv\u00fdmi sliby USA, zat\u00edmco prezident Biden poznamenal, \u017ee izraelsk\u00e1 arm\u00e1da provedla \u201e<\/span><a href=\"https:\/\/edition.cnn.com\/2023\/12\/12\/politics\/biden-israel-losing-support-netanyahu\/index.html\"><span>\u00a0bezohledn\u00e9 bombardov\u00e1n\u00ed<\/span><\/a><span>\u201d palestinsk\u00e9 enkl\u00e1vy.<\/span><\/p>\n<p><span>\u201eBeztrestnost, kter\u00e1 je spojena s volbou v\u00e1lky jako va\u0161\u00ed prvn\u00ed mo\u017enosti, nebyla nikdy v\u011bt\u0161\u00ed,\u201c pokra\u010doval Griffiths.<\/span><\/p>\n<p><span>\u201eA beztrestnost za zab\u00edjen\u00ed humanit\u00e1rn\u00edch pracovn\u00edk\u016f nebyla nikdy v\u011bt\u0161\u00ed; Beztrestnost, kterou jsme vid\u011bli v t\u00e9to v\u00e1lce buj\u00ed.\u201c<\/span><\/p>\n<p><span>&#8222;Mo\u017en\u00e1 je pot\u0159eba zvl\u00e1\u0161tn\u00ed tribun\u00e1l [pro Gazu],&#8220; dodal.<\/span><\/p>\n<h2 class=\"wp-block-heading\"><strong><span>Izraelsk\u00e9 s\u00edly provedly razii v nemocnici Al-Awdeh a zatkly stovky Palestinc\u016f\u00a0<\/span><\/strong><\/h2>\n<p><span>V \u00fater\u00fd r\u00e1no mluv\u010d\u00ed ministerstva zdravotnictv\u00ed Gazy,\u00a0<\/span><a href=\"https:\/\/twitter.com\/PalinfoAr\/status\/1737026406175985909\"><span>Ashraf Al-Qidra<\/span><\/a><span>, \u0159ekl, \u017ee izraelsk\u00e9 okupa\u010dn\u00ed s\u00edly prom\u011bnily nemocnici Al-Awdeh na vojensk\u00fdch kas\u00e1rn\u00e1ch, zat\u010den\u00ed 240 lid\u00ed, 40 zdravotn\u00edk\u016f, 40 pacient\u016f a 120 vys\u00eddlen\u00fdch Palestinc\u016f.<\/span><\/p>\n<p><span>Izraelsk\u00e9 s\u00edly obklopovaly nemocnici Al-Awdeh n\u011bkolik dn\u00ed v Jabalia severn\u011b od m\u011bsta Gaza. Oblast je od konce \u0159\u00edjna boji\u0161t\u011bm mezi okupa\u010dn\u00edmi silami a palestinsk\u00fdmi odboj\u00e1\u0159i. Zam\u011b\u0159ov\u00e1n\u00ed se na nemocnice je v\u0161ak jednou z izraelsk\u00fdch vojensk\u00fdch taktik, jak zatla\u010dit Palestince do m\u011bst na jihu p\u00e1sma Gazy.<\/span><\/p>\n<p><span>Nemocnice byly z\u00e1chranou pro tis\u00edce lid\u00ed, a\u0165 u\u017e kv\u016fli l\u00e9ka\u0159sk\u00e9mu o\u0161et\u0159en\u00ed nebo jako \u00fakryt p\u0159ed izraelsk\u00fdmi nevyb\u00edrav\u00fdmi \u00fatoky.<\/span><\/p>\n<p><span>Nemocnice Al-Awdeh v\u00a0<\/span><a href=\"https:\/\/www.wafa.ps\/Pages\/Details\/86664\"><span>\u00fater\u00fd<\/span><\/a><span>\u00a0r\u00e1no ozn\u00e1mila, \u017ee v za\u0159\u00edzen\u00ed do\u0161la voda, j\u00eddlo a zdravotnick\u00fd materi\u00e1l.<\/span><\/p>\n<p><span>\u201e[Izraelsk\u00e9 s\u00edly] br\u00e1n\u00ed pohybu mezi odd\u011blen\u00edmi. Zatkli tak\u00e9 \u0161est zam\u011bstnanc\u016f nemocnice, v\u010detn\u011b \u0159editele nemocnice Dr. Ahmeda Muhanny,\u201c uvedla nemocnice.<\/span><\/p>\n<p><span>V \u00fater\u00fd r\u00e1no p\u0159ijalo l\u00e9ka\u0159sk\u00e9 centrum Jabalia t\u011bla 16 Palestinc\u016f a o\u0161et\u0159ilo 70 zran\u011bn\u00fdch p\u0159i izraelsk\u00fdch n\u00e1letech na Jabalii.<\/span><\/p>\n<p><a href=\"https:\/\/www.wafa.ps\/Pages\/Details\/86660\"><span>Tiskov\u00e1 agentura Wafa<\/span><\/a><span>\u00a0informovala o n\u011bkolika izraelsk\u00fdch \u00fatoc\u00edch na palestinsk\u00e9 nemocnice v p\u00e1smu Gazy za posledn\u00edch 24 hodin.<\/span><\/p>\n<p><span>V pond\u011bl\u00ed zem\u0159eli \u010dty\u0159i lid\u00e9 v nemocnici Al-Ahli ve m\u011bst\u011b Gaza kv\u016fli nedostatku zdravotnick\u00e9ho materi\u00e1lu k o\u0161et\u0159en\u00ed jejich zran\u011bn\u00ed pot\u00e9, co izraelsk\u00e9 s\u00edly za\u00fato\u010dily na nemocnici druh\u00fd den v \u0159ad\u011b.<\/span><\/p>\n<p><a href=\"https:\/\/www.wafa.ps\/Pages\/Details\/86660\"><span>Wafa<\/span><\/a><span>\u00a0ozn\u00e1mila, \u017ee izraelsk\u00e9 s\u00edly zatkly 150 lid\u00ed z nemocnice Al-Ahli a nechaly zran\u011bn\u00e9 venku na mrazu. Zadr\u017eela tak\u00e9 dva l\u00e9ka\u0159e a zablokovala sanitk\u00e1m vjezd nebo v\u00fdjezd do are\u00e1lu, proto\u017ee na nedalek\u00e9m Palestinsk\u00e9m n\u00e1m\u011bst\u00ed byly um\u00edst\u011bny tanky a vojensk\u00e1 vozidla.<\/span><\/p>\n<p><span>V nemocnici Al-Shifa zatkli izraelsk\u00e9 s\u00edly p\u011bt Palestinc\u016f, v\u010detn\u011b star\u0161\u00ed \u017eeny a d\u00edt\u011bte. Izrael vybombardoval most, kter\u00fd spojuje odd\u011blen\u00ed v l\u00e9ka\u0159sk\u00e9m komplexu Al-Shifa, a v posledn\u00edch dnech zatkl des\u00edtky lid\u00ed, p\u0159i\u010dem\u017e zabil nejm\u00e9n\u011b 26 lid\u00ed.\u00a0<\/span><\/p>\n<p><span>Od listopadu je Al-Shifa pod neust\u00e1l\u00fdm izraelsk\u00fdm \u00fatokem, a\u0165 u\u017e prost\u0159ednictv\u00edm bombardov\u00e1n\u00ed, \u00fatok\u016f nebo drcen\u00ed a\u00a0<\/span><a href=\"https:\/\/asharq.com\/sub-live\/politics\/12070\/%D8%A7%D9%84%D8%AC%D9%8A%D8%B4-%D8%A7%D9%84%D8%A5%D8%B3%D8%B1%D8%A7%D8%A6%D9%8A%D9%84%D9%8A-%D9%8A%D8%B9%D8%A7%D9%88%D8%AF-%D8%A7%D9%82%D8%AA%D8%AD%D8%A7%D9%85-%D8%A7%D9%84%D8%B4%D9%81%D8%A7%D8%A1-..-%D9%88%D9%8A%D9%87%D8%AF%D9%85-%D8%AC%D8%AF%D8%B1%D8%A7%D9%86-%D8%A7%D9%84%D9%85%D8%B3%D8%AA%D8%B4%D9%81%D9%89-%D9%88%D9%8A%D8%AC%D8%B1%D9%81-%D8%A7%D9%84%D8%B7%D8%B1%D9%82-%D8%A7%D9%84%D9%85%D8%AD%D9%8A%D8%B7%D8%A9-%D8%A8%D9%87\/\"><span>buldozeru<\/span><\/a><span>\u00a0jeho zd\u00ed a n\u00e1dvo\u0159\u00ed , kde se ukr\u00fdvaly stovky Palestinc\u016f.<\/span><\/p>\n<p><span>V \u00fater\u00fd ministerstvo zdravotnictv\u00ed ozn\u00e1milo, \u017ee p\u0159i izraelsk\u00e9 agresi v p\u00e1smu Gazy bylo zabito 19 453 palestinsk\u00fdch mu\u010dedn\u00edk\u016f, zat\u00edmco 52 286, z nich\u017e v\u011bt\u0161inu tvo\u0159\u00ed \u017eeny a d\u011bti, bylo zran\u011bno. Jen za posledn\u00edch 24 hodin bylo p\u0159i izraelsk\u00fdch bombov\u00fdch \u00fatoc\u00edch zabito nejm\u00e9n\u011b 200 lid\u00ed.<\/span><\/p>\n<p><span>V Rafahu izraelsk\u00e9 s\u00edly bombardovaly domy rodin Zurob, Attiya a Abdel-Al a zabily nejm\u00e9n\u011b 30 lid\u00ed.<\/span><\/p>\n<p><span>Adel Zurob je jedn\u00edm z 94 palestinsk\u00fdch novin\u00e1\u0159\u016f zabit\u00fdch v p\u00e1smu Gazy od 7. \u0159\u00edjna.<\/span><\/p>\n<p><a href=\"https:\/\/stranapro.cz\/\"><img decoding=\"async\" loading=\"lazy\" class=\"alignnone  wp-image-40285 aligncenter\" src=\"http:\/\/www.infokuryr.cz\/n\/wp-content\/uploads\/2023\/11\/11pro-300x79.png\" alt=\"\" width=\"695\" height=\"183\" srcset=\"https:\/\/www.infokuryr.cz\/n\/wp-content\/uploads\/2023\/11\/11pro-300x79.png 300w, https:\/\/www.infokuryr.cz\/n\/wp-content\/uploads\/2023\/11\/11pro.png 363w\" sizes=\"(max-width: 695px) 100vw, 695px\" \/><\/a><\/p>\n<p><span>Zurob byl zabit spolu se 14 \u010dleny sv\u00e9 rodiny v Rafahu. P\u0159i izraelsk\u00e9m bombardov\u00e1n\u00ed zahynulo v \u00fater\u00fd r\u00e1no tak\u00e9 osm \u010dlen\u016f rodiny Attiya a t\u0159i \u010dlenov\u00e9 rodiny Abdel-Al, p\u0159i\u010dem\u017e des\u00edtky dal\u0161\u00edch byly zran\u011bny.<\/span><\/p>\n<p><span>Izraelsk\u00fd n\u00e1let na uprchlick\u00fd t\u00e1bor Nuseirat zabil p\u011bt d\u011bt\u00ed z rodiny Abu Ghazal v oblasti Al-Hasayna a des\u00edtky zran\u011bn\u00fdch byly o\u0161et\u0159eny v nemocnici Al-Aks\u00e1. Izraelsk\u00e9 s\u00edly tak\u00e9 za\u00fato\u010dily na d\u016fm rodiny Shaheen\u016f v uprchlick\u00e9m t\u00e1bo\u0159e Al-Bureij ji\u017en\u011b od m\u011bsta Gaza a zabily \u0159adu lid\u00ed.<\/span><\/p>\n<p><span>Izraelsk\u00e9 s\u00edly tak\u00e9 p\u0159es noc zas\u00e1hly Khan Younis v centr\u00e1ln\u00edm p\u00e1smu Gazy d\u011blost\u0159eleck\u00fdmi gran\u00e1ty a n\u00e1lety. V Deir Al-Balah v centr\u00e1ln\u00edm p\u00e1smu Gazy zni\u010dily izraelsk\u00e9 n\u00e1lety dva domy a zabily dev\u011bt lid\u00ed, z toho p\u011bt d\u011bt\u00ed, uv\u00e1d\u00ed\u00a0<\/span><a href=\"https:\/\/www.wafa.ps\/Pages\/Details\/86650\"><span>Wafa<\/span><\/a><span>.&lt; \/span&gt;<\/span><\/p>\n<h2 class=\"wp-block-heading\"><strong><span>Izraelsk\u00fd p\u0159edstavitel tvrd\u00ed, \u017ee v p\u00e1smu Gazy \u201e\u017e\u00e1dn\u00e9 kostely, \u017e\u00e1dn\u00ed k\u0159es\u0165an\u00e9\u201c.<\/span><\/strong><\/h2>\n<p><span>Po v\u00edkendov\u00e9m \u00fatoku na katolick\u00fd kostel Svat\u00e9 rodiny, p\u0159i kter\u00e9m byli izraelsk\u00fdmi ost\u0159elova\u010di zabiti dva Palestinci ve \u010dtvrti Al-Zaytoun v Gaze, britsk\u00e1 poslankyn\u011b za liber\u00e1ln\u00ed demokraty Layla Moranov\u00e1 \u0159ekla, \u017ee se ob\u00e1v\u00e1, \u017ee jej\u00ed rodina v Gaze do V\u00e1noc nep\u0159e\u017eije.<\/span><\/p>\n<p><span>\u201eOb\u00e1v\u00e1m se, \u017ee moje rodina v oble\u017een\u00ed izraelsk\u00fdch sil v kostele v Gaze nep\u0159e\u017eije do V\u00e1noc, mezi odst\u0159elova\u010di a nedostatkem vody,\u201c Moran, prvn\u00ed poslanec palestinsk\u00e9ho p\u016fvodu v Doln\u00ed sn\u011bmovn\u011b, \u0159ekl\u00a0<\/span><a href=\"https:\/\/www.theguardian.com\/world\/2023\/dec\/17\/oxford-mp-layla-moran-fears-family-trapped-in-gaza-church-will-not-survive-until-christmas\"><em><span>The Guardian<\/span><\/em><\/a><span>.<\/span><\/p>\n<p><span>&#8222;P\u0159\u00ed\u0161t\u00ed t\u00fdden touhle dobou bude \u0160t\u011bdr\u00fd ve\u010der&#8230; Nech\u00e1pu, jak si izraelsk\u00e1 arm\u00e1da mysl\u00ed, \u017ee je to dobr\u00fd n\u00e1pad.&#8220; Nem\u011blo by z\u00e1le\u017eet na tom, \u017ee jsou k\u0159es\u0165an\u00e9, ale zeptal bych se americk\u00e9ho prezidenta Joea Bidena, kter\u00fd je s\u00e1m vyzn\u00e1van\u00fdm katol\u00edkem, je to to, co by cht\u011bl pro svou rodinu? ona \u0159ekla.<\/span><\/p>\n<p><span>Izraelsk\u00fd p\u0159edstavitel v\u0161ak pop\u0159el, \u017ee by se izraelsk\u00e1 arm\u00e1da zam\u011b\u0159ila na c\u00edrkev. M\u00edstostarostka Jeruzal\u00e9ma Fleur Hassan-Nahoumov\u00e1 tvrdila, \u017ee tam nebyli \u017e\u00e1dn\u00ed k\u0159es\u0165an\u00e9 ani c\u00edrkve, kdy\u017e byl dot\u00e1z\u00e1n na \u00fatok na farnost Svat\u00e9 rodiny na\u00a0<\/span><a href=\"https:\/\/www.lbc.co.uk\/news\/no-christians-church-gaza-jerusalem-deputy-mayor-israeli-army-kills-two\/#:~:text=There%20are%20no%20Christians%20or%20churches%20in%20Gaza%2C%20the%20deputy,killed%20two%20women%20at%20church.\"><em><span>LBC<\/span><\/em><\/a><span>\u00a0rozhlasov\u00fd po\u0159ad v \u00fater\u00fd r\u00e1no.\u00a0<\/span><\/p>\n<p><span>&#8222;Vid\u011bl jsem zpr\u00e1vy dnes r\u00e1no.&#8220; Kostel? V Gaze nejsou \u017e\u00e1dn\u00e9 kostely,\u201c \u0159ekl Hassan-Nahoum.<\/span><\/p>\n<p><span>\u201eAno, bohu\u017eel tu nejsou \u017e\u00e1dn\u00ed k\u0159es\u0165an\u00e9, proto\u017ee je vyhnal Ham\u00e1s,\u201c dodala.\u00a0<\/span><\/p>\n<p><span>V p\u00e1smu Gazy \u017eije odhadem\u00a0<\/span><a href=\"https:\/\/www.aljazeera.com\/features\/2023\/11\/10\/extinction-gaza-christians-fear-for-communitys-survival-amid-israel-war\"><span>1 000 palestinsk\u00fdch k\u0159es\u0165an\u016f<\/span><\/a><span>. T\u0159etina komunity ode\u0161la od roku 2007, kdy Izrael uvrhl enkl\u00e1vu do brut\u00e1ln\u00edho oble\u017een\u00ed.<\/span><\/p>\n<p><span>\u00datok na kostel Svat\u00e9 rodiny vyvolal \u0161irok\u00e9 mezin\u00e1rodn\u00ed odsouzen\u00ed a byl pops\u00e1n jako \u201e<\/span><a href=\"https:\/\/catholicherald.co.uk\/senseless-attacks-in-gaza-christians-shot-and-killed-at-holy-family-church-and-missionaries-of-charity-targeted-by-tanks\/\"><span>nesmysln\u00fd \u00fatok<\/span><\/a><span>.\u201c 19. \u0159\u00edjna izraelsk\u00e9 s\u00edly vybombardovaly \u0159eckou pravoslavnou c\u00edrkev v centru m\u011bsta Gaza, kde \u017eily stovky Palestinc\u016f, a zabily 18 lid\u00ed.<\/span><\/p>\n<h2 class=\"wp-block-heading\"><strong><span>Brig\u00e1dy K\u00e1ssam \u0159\u00edkaj\u00ed izraelsk\u00e9 arm\u00e1d\u011b \u201ep\u0159i\u0161el jsi pozd\u011b,\u201c pros\u00ed izrael\u0161t\u00ed zajatci, \u201enenech n\u00e1s tady zest\u00e1rnout\u201c<\/span><\/strong><\/h2>\n<p><span>Brig\u00e1dy Hamasu Izz Al-Din Al-Qassam zve\u0159ejnily n\u011bkolik vide\u00ed bojovn\u00edk\u016f, kte\u0159\u00ed st\u0159\u00edlej\u00ed 105mm protitankov\u00e9 gran\u00e1ty Al-Yaseen na izraelsk\u00e9 okupa\u010dn\u00ed s\u00edly v p\u00e1smu Gazy.<\/span><\/p>\n<p><span>Al-Qassam jako prvn\u00ed\u00a0<\/span><a href=\"https:\/\/www.youtube.com\/watch?v=qdX6SpU2F-M\"><span>zve\u0159ejnil video<\/span><\/a><span>\u00a0odp\u00e1len\u00ed rakety Kornet na izraelsk\u00e9 Humvee v Beit Lahia, kter\u00e9 bylo zap\u00e1leno Z\u00e1chvat. Toto je jedna z prvn\u00edch zpr\u00e1v o pou\u017eit\u00ed Kornetu, rusk\u00e9 protitankov\u00e9 \u0159\u00edzen\u00e9 st\u0159ely, palestinsk\u00fdmi bojovn\u00edky v Gaze.<\/span><\/p>\n<p><span>Al-Qassam tak\u00e9 zve\u0159ejnil video\u00a0<\/span><a href=\"https:\/\/www.youtube.com\/watch?v=hiiCmMN78Tw\"><span>t\u0159\u00ed postar\u0161\u00edch izraelsk\u00fdch<\/span><\/a><span>\u00a0mu\u017esk\u00fdch rukojm\u00edch, kte\u0159\u00ed prosili svou vl\u00e1du, aby vy\u010derpala ve\u0161ker\u00e9 \u00fasil\u00ed na jejich osvobozen\u00ed od Hamasu. zajet\u00ed.\u00a0<\/span><\/p>\n<p><span>\u201eJsme generac\u00ed, kter\u00e1 vybudovala z\u00e1klad pro vytvo\u0159en\u00ed Izraele. My jsme ti, kdo zah\u00e1jili arm\u00e1du IDF. Nech\u00e1peme, pro\u010d jsme tu opu\u0161t\u011bni,\u201c \u0159ekl jeden ze zajatc\u016f.<\/span><\/p>\n<p><span>&#8222;Mus\u00ed\u0161 n\u00e1s odsud pustit.&#8220; Je jedno za jakou cenu. Nechceme b\u00fdt ob\u011b\u0165mi v p\u0159\u00edm\u00e9m d\u016fsledku vojensk\u00fdch n\u00e1let\u016f IDF. Pus\u0165te n\u00e1s bez podm\u00ednek,\u201c dodal.<\/span><\/p>\n<p><span>Na konci videa v\u0161ichni t\u0159i zajatci unisono \u0159ekli: \u201eNenechte n\u00e1s tady zest\u00e1rnout.\u201c<\/span><\/p>\n<p><span>Izraelsk\u00fd vojensk\u00fd mluv\u010d\u00ed Daniel Hagari video popsal jako \u201ekrimin\u00e1ln\u00ed, teroristick\u00e9 video\u201c.<\/span><\/p>\n<p><span>&#8222;Chaime, Yoram a Amiram, douf\u00e1m, \u017ee m\u011b dnes ve\u010der usly\u0161\u00edte.&#8220; V\u011bzte to, d\u011bl\u00e1me v\u0161echno, v\u0161echno, abychom v\u00e1s bezpe\u010dn\u011b vr\u00e1tili zp\u011bt,\u201c dodal Hagari. Ham\u00e1s zadr\u017euje 130 izraelsk\u00fdch zajatc\u016f, kte\u0159\u00ed se vyh\u00fdbaj\u00ed v\u00fdzv\u00e1m k jejich propu\u0161t\u011bn\u00ed, pokud Izrael nep\u0159estane bombardovat p\u00e1smo Gazy.<\/span><\/p>\n<p><span>Al-Qassam tak\u00e9 zve\u0159ejnil dal\u0161\u00ed video, kter\u00e9 zesm\u011b\u0161\u0148uje izraelsk\u00fd objev tunelu pobl\u00ed\u017e p\u0159echodu Erez severn\u011b od m\u011bsta Gaza.<\/span><\/p>\n<p><span>Tunel, dostate\u010dn\u011b velk\u00fd na to, aby pojal vozidla, a dlouh\u00fd t\u00e9m\u011b\u0159 4 km, byl\u00a0<\/span><a href=\"https:\/\/www.reuters.com\/world\/middle-east\/israel-uncovers-biggest-hamas-tunnel-near-gaza-border-2023-12-17\/\"><span>p\u0159edveden m\u00e9di\u00edm<\/span><\/a><span>\u00a0o v\u00edkendu.<\/span><\/p>\n<p><span>Hamas nazval video: \u201e<\/span><a href=\"https:\/\/www.youtube.com\/watch?v=3wUqajBxZ4E\"><span>P\u0159i\u0161el jsi pozd\u011b. Mise byla spln\u011bna<\/span><\/a><span>,\u201c ukazuj\u00edc\u00ed z\u00e1b\u011bry z jeho p\u0159ekvapiv\u00e9ho \u00fatoku ze 7. \u0159\u00edjna na Erez Crossing, p\u0159i kter\u00e9m pou\u017eil tunel k uskute\u010dn\u011bn\u00ed sv\u00fdch\u00a0<\/span><a href=\"https:\/\/apnews.com\/article\/israel-tunnel-war-gaza-hamas-350dbabc2890ee3c4fc2ec33c2a53f09#:~:text=He%20noted%20that%20tunnel%20was,blackened%20walls%20and%20smelted%20bunks.\"><span>p\u0159eshrani\u010dn\u00edch n\u00e1jezd\u016f.\u00a0<\/span><\/a><span>na izraelsk\u00fdch osad\u00e1ch a vojensk\u00fdch z\u00e1kladn\u00e1ch severn\u011b od p\u00e1sma Gazy.<\/span><\/p>\n<p><span>V dal\u0161\u00ed\u00a0<\/span><a href=\"https:\/\/www.youtube.com\/watch?v=p4rApy_HYBE\"><span>kompilaci videa<\/span><\/a><span>\u00a0bojovn\u00edci Hamasu st\u0159\u00edlej\u00ed protitankov\u00e9 gran\u00e1ty na izraelsk\u00e9 voj\u00e1ky ve m\u011bst\u011b Gaza, p\u0159i\u010dem\u017e zab\u00edjej\u00ed a zra\u0148uj\u00ed n\u011bkolik voj\u00e1k\u016f. (<\/span><a href=\"https:\/\/www.youtube.com\/watch?v=b_3KTQsCv80\"><span>Odkaz na v\u0161echna videa<\/span><\/a><span>).<\/span><\/p>\n<p><span>V \u00fater\u00fd r\u00e1no izraelsk\u00e1 arm\u00e1da uvedla, \u017ee v boj\u00edch s palestinsk\u00fdmi bojovn\u00edky v p\u00e1smu Gazy zahynulo dev\u011bt voj\u00e1k\u016f. Od 7. \u0159\u00edjna bylo zabito nejm\u00e9n\u011b 461 izraelsk\u00fdch voj\u00e1k\u016f a 1831 bylo zran\u011bno.<\/span><\/p>\n<h2 class=\"wp-block-heading\"><strong><span>Izraelsk\u00e9 s\u00edly zatkly od 7. \u0159\u00edjna na Z\u00e1padn\u00edm b\u0159ehu v\u00edce ne\u017e 4500 Palestinc\u016f<\/span><\/strong><\/h2>\n<p><span>Na okupovan\u00e9m Z\u00e1padn\u00edm b\u0159ehu Jord\u00e1nu a Jeruzal\u00e9m\u011b izraelsk\u00e9 s\u00edly zatkly 30 Palestinc\u016f z m\u011bst Hebron, Qalqilya, Ramallah, Jenin, Jericho a Salfit.<\/span><\/p>\n<p><span>Podle\u00a0<\/span><a href=\"https:\/\/www.facebook.com\/ppsmo.p\/posts\/315258888140734?ref=embed_post\"><span>spole\u010dn\u00e9ho prohl\u00e1\u0161en\u00ed<\/span><\/a><span>\u00a0v \u00fater\u00fd Komise pro z\u00e1le\u017eitosti v\u011bz\u0148\u016f a b\u00fdval\u00fdch v\u011bz\u0148\u016f a Klubu palestinsk\u00fdch v\u011bz\u0148\u016f byly izraelsk\u00e9 s\u00edly zat\u010deny 4 605 Palestinc\u016f na Z\u00e1padn\u00edm b\u0159ehu od 7. \u0159\u00edjna. N\u011bkte\u0159\u00ed z nich byli pozd\u011bji propu\u0161t\u011bni.<\/span><\/p>\n<p><span>V\u011bt\u0161ina zat\u010den\u00ed byla v domovech a na vojensk\u00fdch kontroln\u00edch stanovi\u0161t\u00edch, zat\u00edmco \u0159ada Palestinc\u016f se vydala po hrozb\u00e1ch izraelsk\u00fdch tajn\u00fdch slu\u017eeb.<\/span><\/p>\n<p><span>\u201e[Izraelsk\u00e9] okupa\u010dn\u00ed s\u00edly pokra\u010duj\u00ed v rozs\u00e1hl\u00e9m zneu\u017e\u00edv\u00e1n\u00ed, krut\u00e9m bit\u00ed, vy\u0161et\u0159ov\u00e1n\u00ed v ter\u00e9nu a vyhro\u017eov\u00e1n\u00ed zadr\u017een\u00fdm a jejich rodin\u00e1m,\u201c uvedly komise a klub v\u011bz\u0148\u016f.<\/span><\/p>\n<p><span>Celkem izraelsk\u00e9 s\u00edly nebo osadn\u00edci zabili 301 Palestinc\u016f na Z\u00e1padn\u00edm b\u0159ehu Jord\u00e1nu a v Jeruzal\u00e9m\u011b. V pond\u011bl\u00ed byli v uprchlick\u00e9m t\u00e1bo\u0159e Al-Faraa v Tubasu p\u0159i izraelsk\u00e9m n\u00e1letu na m\u011bsto zabiti \u010dty\u0159i Palestinci.\u00a0<\/span><\/p>\n<p><a href=\"https:\/\/www.msf.org\/palestine-increase-israeli-attacks-against-civilians-and-healthcare-jenin\"><span>L\u00e9ka\u0159i bez hranic<\/span><\/a><span>\u00a0(MSF) minul\u00fd t\u00fdden varovali p\u0159ed zv\u00fd\u0161en\u00fdm po\u010dtem ob\u011bt\u00ed na Z\u00e1padn\u00edm b\u0159ehu, konkr\u00e9tn\u011b v oblasti Jeninu, po opakovan\u00fdch izraelsk\u00fdch n\u00e1letech a po\u0161kozen\u00ed nemocnic a zdravotnick\u00fdch st\u0159edisek. .<\/span><\/p>\n<p><span>\u201eB\u011bhem vojensk\u00e9 invaze,\u201c uvedli L\u00e9ka\u0159i bez hranic s odkazem na izraelsk\u00e9 n\u00e1lety v D\u017ean\u00ednu, \u201e[jsme] sv\u011bdky obstrukce sanitek a zam\u011b\u0159ov\u00e1n\u00ed zdravotnick\u00fdch za\u0159\u00edzen\u00ed, co\u017e jsou prvky, kter\u00e9 se v n\u00e1sleduj\u00edc\u00edch m\u011bs\u00edc\u00edch staly b\u011b\u017en\u00fdmi.<\/span><\/p>\n<p><span style=\"font-size: 10pt;\"><em><strong>\u00davodn\u00ed fotografie:<\/strong> PALESTINSK\u00c1 \u017dENA NESE ZAHALEN\u00c9 T\u011aLO SV\u00c9HO ZABIT\u00c9HO D\u00cdT\u011aTE, KTER\u00c9 BYLO ZABITO IZRAELSK\u00ddM BOMBARDOV\u00c1N\u00cdM, 19. PROSINCE 2023. (FOTO: \u00a9 ABED RAHIM KHATIB\/DPA VIA ZUMA PRESS\/APA IMAGES)<\/em><\/span><\/p>\n<p><img decoding=\"async\" loading=\"lazy\" class=\"alignnone size-full wp-image-1185\" src=\"http:\/\/www.infokuryr.cz\/n\/wp-content\/uploads\/2021\/04\/kuryr-podpis.png\" alt=\"\" width=\"84\" height=\"24\" \/><\/p>\n<p>&nbsp;<\/p>\n<p>&nbsp;<\/p>\n","protected":false},"excerpt":{"rendered":"<p>P\u0159edstavitel OSN \u0159\u00edk\u00e1, \u017ee Gaza mo\u017en\u00e1 bude pot\u0159ebovat zvl\u00e1\u0161tn\u00ed tribun\u00e1l, kter\u00fd by vy\u0161et\u0159oval izraelsk\u00e1 zv\u011brstva&#8230;.<\/p>\n","protected":false},"author":2,"featured_media":42944,"comment_status":"closed","ping_status":"closed","sticky":false,"template":"","format":"standard","meta":[],"categories":[7],"tags":[348,178,6277,871],"_links":{"self":[{"href":"https:\/\/www.infokuryr.cz\/n\/wp-json\/wp\/v2\/posts\/42943"}],"collection":[{"href":"https:\/\/www.infokuryr.cz\/n\/wp-json\/wp\/v2\/posts"}],"about":[{"href":"https:\/\/www.infokuryr.cz\/n\/wp-json\/wp\/v2\/types\/post"}],"author":[{"embeddable":true,"href":"https:\/\/www.infokuryr.cz\/n\/wp-json\/wp\/v2\/users\/2"}],"replies":[{"embeddable":true,"href":"https:\/\/www.infokuryr.cz\/n\/wp-json\/wp\/v2\/comments?post=42943"}],"version-history":[{"count":1,"href":"https:\/\/www.infokuryr.cz\/n\/wp-json\/wp\/v2\/posts\/42943\/revisions"}],"predecessor-version":[{"id":42945,"href":"https:\/\/www.infokuryr.cz\/n\/wp-json\/wp\/v2\/posts\/42943\/revisions\/42945"}],"wp:featuredmedia":[{"embeddable":true,"href":"https:\/\/www.infokuryr.cz\/n\/wp-json\/wp\/v2\/media\/42944"}],"wp:attachment":[{"href":"https:\/\/www.infokuryr.cz\/n\/wp-json\/wp\/v2\/media?parent=42943"}],"wp:term":[{"taxonomy":"category","embeddable":true,"href":"https:\/\/www.infokuryr.cz\/n\/wp-json\/wp\/v2\/categories?post=42943"},{"taxonomy":"post_tag","embeddable":true,"href":"https:\/\/www.infokuryr.cz\/n\/wp-json\/wp\/v2\/tags?post=42943"}],"curies":[{"name":"wp","href":"https:\/\/api.w.org\/{rel}","templated":true}]}}