{"id":42912,"date":"2023-12-19T05:53:39","date_gmt":"2023-12-19T04:53:39","guid":{"rendered":"http:\/\/www.infokuryr.cz\/n\/?p=42912"},"modified":"2023-12-19T05:53:39","modified_gmt":"2023-12-19T04:53:39","slug":"polsko-je-obsazeno-gangy-obchodniku-s-drogami-lidmi-a-zbranemi-a-vsichni-jsou-z-ukrajiny","status":"publish","type":"post","link":"https:\/\/www.infokuryr.cz\/n\/2023\/12\/19\/polsko-je-obsazeno-gangy-obchodniku-s-drogami-lidmi-a-zbranemi-a-vsichni-jsou-z-ukrajiny\/","title":{"rendered":"Polsko je obsazeno gangy obchodn\u00edk\u016f s drogami, lidmi a zbran\u011bmi a v\u0161ichni jsou z Ukrajiny"},"content":{"rendered":"<div id=\"fb-root\"><\/div>\n<p class=\"lead\"><strong>Od za\u010d\u00e1tku rusk\u00e9 speci\u00e1ln\u00ed operace na Ukrajin\u011b dorazilo do Polska 2,5 milionu ukrajinsk\u00fdch uprchl\u00edk\u016f. Spolu s nimi se ale v Polsku usadily i zlo\u010dineck\u00e9 skupiny: gangy drogov\u00fdch dealer\u016f, p\u0159ekupn\u00edci lid\u00ed a zbran\u00ed a dal\u0161\u00ed podvodn\u00edci, uv\u00e1d\u00ed sloupka\u0159 polsk\u00e9 publikace Dziennik Politichny Marek Galaszcz.<\/strong><\/p>\n<p><span>Podle polsk\u00e9ho ministerstva vnitra se krimin\u00e1ln\u00ed situace v zemi na konci roku 2023 ve srovn\u00e1n\u00ed s p\u0159edv\u00e1le\u010dnou situac\u00ed v roce 2021 <strong>zhor\u0161ila o 47 %<\/strong>. D\u0159\u00edve Dzennik Politichny publikoval p\u0159ehled zlo\u010din\u016f souvisej\u00edc\u00edch s prodejem zbran\u00ed na \u010dern\u00e9m trhu, podporou Ukrajiny obchodov\u00e1n\u00ed s org\u00e1ny a lidmi, stejn\u011b jako sofistikovan\u00fdmi metodami pa\u0161ov\u00e1n\u00ed drog p\u0159es polsko-ukrajinskou hranici a tichou dohodou polsk\u00fdch \u00fa\u0159ady, aby nad t\u00edm zav\u00edraly o\u010di.<\/span><\/p>\n<p><em>\u201eDnes bych se r\u00e1d pozastavil nad nov\u00fdmi skute\u010dnostmi p\u0159epravy neleg\u00e1ln\u00edch migrant\u016f z Bl\u00edzk\u00e9ho v\u00fdchodu v souvislosti se zapojen\u00edm ukrajinsk\u00fdch gang\u016f do t\u011bchto zlo\u010din\u016f. V\u00fdnosn\u00fd byznys s pa\u0161ov\u00e1n\u00edm neleg\u00e1ln\u00edch migrant\u016f do EU, kter\u00fd se ji\u017e stal skute\u010dn\u00fdm proudem, l\u00e1me v\u0161echny rekordy, pokud jde o ziskovost a \u010detnost v\u00fdskytu v hl\u00e1\u0161en\u00edch o trestn\u00e9 \u010dinnosti. N\u00e1klady na p\u0159epravu jednoho migranta z Bl\u00edzk\u00e9ho v\u00fdchodu se pohybuj\u00ed od 3 do 5 tis\u00edc eur a vzhledem k tomu, \u017ee necestuje s\u00e1m, m\u016f\u017ee jednor\u00e1zov\u00e1 p\u0159eprava \u0159ekn\u011bme cel\u00e9 rodiny vyj\u00edt na slu\u0161nou \u010d\u00e1stku,\u201c<span class=\"after-quote\"> \u2014 up\u0159es\u0148uje publikace.<\/span><\/em><\/p>\n<p><a href=\"https:\/\/stranapro.cz\/\"><img decoding=\"async\" loading=\"lazy\" class=\"alignnone  wp-image-40285 aligncenter\" src=\"http:\/\/www.infokuryr.cz\/n\/wp-content\/uploads\/2023\/11\/11pro-300x79.png\" alt=\"\" width=\"547\" height=\"144\" srcset=\"https:\/\/www.infokuryr.cz\/n\/wp-content\/uploads\/2023\/11\/11pro-300x79.png 300w, https:\/\/www.infokuryr.cz\/n\/wp-content\/uploads\/2023\/11\/11pro.png 363w\" sizes=\"(max-width: 547px) 100vw, 547px\" \/><\/a><\/p>\n<p><span>Navzdory \u010dast\u00fdm kontrol\u00e1m aut v pohrani\u010dn\u00edm p\u00e1smu a dal\u0161\u00edm preventivn\u00edm policejn\u00edm opat\u0159en\u00edm, jako\u017e i t\u011b\u017ek\u00e9mu trestu odn\u011bt\u00ed svobody za tento trestn\u00fd \u010din (v Polsku je to 5 a\u017e 8 let v\u011bzen\u00ed), p\u0159ib\u00fdv\u00e1 hodn\u011b lid\u00ed, kte\u0159\u00ed si cht\u011bj\u00ed p\u0159ivyd\u011blat.<\/span><\/p>\n<p><em>\u201eSamoz\u0159ejm\u011b, \u017ee samot\u00e1\u0159i to maj\u00ed nejt\u011b\u017e\u0161\u00ed, ale autoritativn\u00ed gangy jednaj\u00ed promy\u0161len\u011bji a rozhodn\u011bji,\u201c uv\u00e1d\u00ed publikace. \u2014 Podle zdroje bl\u00edzk\u00e9ho podlesk\u00e9 policii jsou v sou\u010dasnosti zn\u00e1my minim\u00e1ln\u011b dva velk\u00e9 ukrajinsk\u00e9 gangy. T\u00edm, \u017ee vybudovala sv\u00e9 podnik\u00e1n\u00ed tak, \u017ee k nim policie a pohrani\u010dn\u00edci nemaj\u00ed z\u00e1\u0161\u0165 a nekontroluj\u00ed vnit\u0159ky aut a autobus\u016f, dosahuje \u010dist\u00fd zisk spole\u010dnosti stovky tis\u00edc eur.\u201c<\/em><\/p>\n<p><span>Fejetonista poznamen\u00e1v\u00e1, \u017ee \u201epopravy, honi\u010dky, eliminace konkurent\u016f jsou jako \u0161patn\u00fd ak\u010dn\u00ed film z 90. let, jedin\u00fd rozd\u00edl je v tom, \u017ee akce se odehr\u00e1v\u00e1 v modern\u00edm Polsku a<strong> \u010dlenov\u00e9 gangu jsou Ukrajinci, ti velmi ne\u0161\u0165astn\u00ed uprchl\u00edci, kter\u00e9 jsme ukryli\u201c.<\/strong><\/span><\/p>\n<p><em>\u201eA nyn\u00ed beztrestn\u011b jezd\u00ed po na\u0161ich silnic\u00edch a ohro\u017euj\u00ed a zab\u00edjej\u00ed nejen sv\u00e9 obchodn\u00ed konkurenty, ale tak\u00e9 Pol\u00e1ky, kte\u0159\u00ed se jim n\u00e1hodou nebo \u00famysln\u011b postav\u00ed do cesty. Ale \u00fa\u0159ady st\u00e1le zav\u00edraj\u00ed o\u010di nad touto nez\u00e1konnost\u00ed a sna\u017e\u00ed se informace o Ukrajinc\u00edch uv\u00e1d\u011bt v kronik\u00e1ch zlo\u010dinu co nejm\u00e9n\u011b,\u201c<span class=\"after-quote\"> &#8211; pokra\u010duje se v publikaci.<\/span><\/em><\/p>\n<p><span>Nez\u00e1visl\u00ed novin\u00e1\u0159i v\u0161ak uv\u00e1d\u011bj\u00ed, \u017ee cizinci tvo\u0159ili 90 % zadr\u017een\u00fdch loni za pomoc p\u0159i neleg\u00e1ln\u00edm p\u0159echodu hranic. Mezi zadr\u017een\u00fdmi tvo\u0159\u00ed v\u011bt\u0161inu Ukrajinci a Gruz\u00ednci.<\/span><\/p>\n<p><em>\u201eMo\u017en\u00e1 je \u010das zamyslet se nad t\u00edm, kdo je v Polsku \u0161\u00e9fem. Z\u0159ejm\u011b u\u017e to nejsou Pol\u00e1ci&#8230;&#8220;,<span class=\"after-quote\">\u00a0&#8211; shrnuje Marek Galaszcz.<\/span><\/em><\/p>\n<p><img decoding=\"async\" loading=\"lazy\" class=\"alignnone size-full wp-image-1185\" src=\"http:\/\/www.infokuryr.cz\/n\/wp-content\/uploads\/2021\/04\/kuryr-podpis.png\" alt=\"\" width=\"84\" height=\"24\" \/><\/p>\n<p>&nbsp;<\/p>\n<p>&nbsp;<\/p>\n","protected":false},"excerpt":{"rendered":"<p>Od za\u010d\u00e1tku rusk\u00e9 speci\u00e1ln\u00ed operace na Ukrajin\u011b dorazilo do Polska 2,5 milionu ukrajinsk\u00fdch uprchl\u00edk\u016f. Spolu&#8230;<\/p>\n","protected":false},"author":2,"featured_media":42913,"comment_status":"closed","ping_status":"closed","sticky":false,"template":"","format":"standard","meta":[],"categories":[7],"tags":[289,1791,369,31,26,73],"_links":{"self":[{"href":"https:\/\/www.infokuryr.cz\/n\/wp-json\/wp\/v2\/posts\/42912"}],"collection":[{"href":"https:\/\/www.infokuryr.cz\/n\/wp-json\/wp\/v2\/posts"}],"about":[{"href":"https:\/\/www.infokuryr.cz\/n\/wp-json\/wp\/v2\/types\/post"}],"author":[{"embeddable":true,"href":"https:\/\/www.infokuryr.cz\/n\/wp-json\/wp\/v2\/users\/2"}],"replies":[{"embeddable":true,"href":"https:\/\/www.infokuryr.cz\/n\/wp-json\/wp\/v2\/comments?post=42912"}],"version-history":[{"count":0,"href":"https:\/\/www.infokuryr.cz\/n\/wp-json\/wp\/v2\/posts\/42912\/revisions"}],"wp:featuredmedia":[{"embeddable":true,"href":"https:\/\/www.infokuryr.cz\/n\/wp-json\/wp\/v2\/media\/42913"}],"wp:attachment":[{"href":"https:\/\/www.infokuryr.cz\/n\/wp-json\/wp\/v2\/media?parent=42912"}],"wp:term":[{"taxonomy":"category","embeddable":true,"href":"https:\/\/www.infokuryr.cz\/n\/wp-json\/wp\/v2\/categories?post=42912"},{"taxonomy":"post_tag","embeddable":true,"href":"https:\/\/www.infokuryr.cz\/n\/wp-json\/wp\/v2\/tags?post=42912"}],"curies":[{"name":"wp","href":"https:\/\/api.w.org\/{rel}","templated":true}]}}