{"id":42910,"date":"2023-12-19T05:47:21","date_gmt":"2023-12-19T04:47:21","guid":{"rendered":"http:\/\/www.infokuryr.cz\/n\/?p=42910"},"modified":"2023-12-19T05:47:21","modified_gmt":"2023-12-19T04:47:21","slug":"vatikan-propadl-to-totalniho-satanizmu-umoznuje-podmineny-souhlas-s-pozehnanim-pro-osoby-stejneho-pohlavi","status":"publish","type":"post","link":"https:\/\/www.infokuryr.cz\/n\/2023\/12\/19\/vatikan-propadl-to-totalniho-satanizmu-umoznuje-podmineny-souhlas-s-pozehnanim-pro-osoby-stejneho-pohlavi\/","title":{"rendered":"Vatik\u00e1n propadl to tot\u00e1ln\u00edho satanizmu: umo\u017e\u0148uje podm\u00edn\u011bn\u00fd souhlas s po\u017eehn\u00e1n\u00edm pro osoby stejn\u00e9ho pohlav\u00ed"},"content":{"rendered":"<div id=\"fb-root\"><\/div>\n<p><span style=\"font-size: 18pt;\"><strong>Katolick\u00e9 c\u00edrkev zavr\u0161ila tot\u00e1ln\u00ed odklon od Kristova u\u010den\u00ed a prohl\u00e1sila po\u017eehn\u00e1n\u00ed pro osoby stejn\u00e9ho pohlav\u00ed za krok k obnoven\u00e9ho \u00fasil\u00ed o \u201eroz\u0161\u00ed\u0159en\u00ed\u201c p\u0159ita\u017elivosti \u0159\u00edmskokatolick\u00e9 c\u00edrkve<\/strong><\/span><\/p>\n<p><span>Vatik\u00e1n v p\u0159elomov\u00e9m rozhodnut\u00ed schv\u00e1len\u00e9m pape\u017eem Franti\u0161kem uvedl, \u017ee \u0159\u00edmskokatoli\u010dt\u00ed kn\u011b\u017e\u00ed mohou ud\u011blovat po\u017eehn\u00e1n\u00ed p\u00e1r\u016fm stejn\u00e9ho pohlav\u00ed za p\u0159edpokladu, \u017ee se to ned\u011bje v kontextu n\u00e1bo\u017eensk\u00fdch ritu\u00e1l\u016f nebo liturgi\u00ed.<\/span><\/p>\n<p><span>Doktrin\u00e1ln\u00ed posun, potvrzen\u00fd Vatik\u00e1nem v pond\u011bl\u00ed, by nelegitimizoval to, co naz\u00fdvalo\u00a0<\/span><em><span>\u201eneregul\u00e9rn\u00ed situace\u201c<\/span><\/em><span>, ale umo\u017en\u00ed form\u00e1ln\u00ed po\u017eehn\u00e1n\u00ed lid\u00ed z LGBTQ komunity za ur\u010dit\u00fdch podm\u00ednek. C\u00edrkev dodala, \u017ee nad\u00e1le definuje man\u017eelstv\u00ed jako man\u017eelstv\u00ed mezi mu\u017eem a \u017eenou a \u017ee c\u00edlem zm\u011bny politiky nen\u00ed nahradit sv\u00e1tost heterosexu\u00e1ln\u00edho man\u017eelstv\u00ed.<\/span><\/p>\n<p><span>V \u0159\u00edmskokatolick\u00e9m dogmatu je po\u017eehn\u00e1n\u00edm modlitba obvykle pronesen\u00e1 kn\u011bzem nebo biskupem, ve kter\u00e9 je B\u016fh po\u017e\u00e1d\u00e1n, aby osob\u011b nebo lidem ud\u011blil bo\u017eskou p\u0159\u00edze\u0148 nebo ochranu. V roce 2021 Vatik\u00e1n prohl\u00e1sil, \u017ee C\u00edrkev nem\u016f\u017ee ud\u011blovat po\u017eehn\u00e1n\u00ed p\u00e1r\u016fm stejn\u00e9ho pohlav\u00ed, proto\u017ee B\u016fh nen\u00ed schopen <\/span><em><span>\u201e\u017eehnat h\u0159\u00edch\u201c. <\/span><\/em><strong>Dnes je v\u0161e jinak!\u00a0<\/strong><\/p>\n<p><span>Ale v dokumentu zve\u0159ejn\u011bn\u00e9m vatik\u00e1nsk\u00fdm doktrin\u00e1ln\u00edm \u00fa\u0159adem v pond\u011bl\u00ed c\u00edrkev uvedla, \u017ee jednotliv\u00ed kn\u011b\u017e\u00ed by m\u011bli rozhodnout, zda budou \u017eehnat LGBTQ jednotlivc\u016fm p\u0159\u00edpad od p\u0159\u00edpadu. Dodal, \u017ee tento krok je znamen\u00edm, \u017ee\u00a0<\/span><em><span>\u201eB\u016fh v\u0161echny v\u00edt\u00e1\u201c<\/span><\/em><span>, ale nem\u011blo by se odehr\u00e1vat p\u0159i ob\u0159adech souvisej\u00edc\u00edch s civiln\u00edmi svazky nebo svatbami.<\/span><\/p>\n<p><a href=\"https:\/\/stranapro.cz\/\"><img decoding=\"async\" loading=\"lazy\" class=\"alignnone  wp-image-40285 aligncenter\" src=\"http:\/\/www.infokuryr.cz\/n\/wp-content\/uploads\/2023\/11\/11pro-300x79.png\" alt=\"\" width=\"558\" height=\"147\" srcset=\"https:\/\/www.infokuryr.cz\/n\/wp-content\/uploads\/2023\/11\/11pro-300x79.png 300w, https:\/\/www.infokuryr.cz\/n\/wp-content\/uploads\/2023\/11\/11pro.png 363w\" sizes=\"(max-width: 558px) 100vw, 558px\" \/><\/a><\/p>\n<p><span>Toto mor\u00e1ln\u00ed selh\u00e1n\u00ed je v souladu s <\/span><em><span>\u201epastora\u010dn\u00ed viz\u00ed\u201c<\/span><\/em><span> pape\u017ee Franti\u0161ka. <\/span><span>Pape\u017e Franti\u0161ek se od roku 2013, kdy se stal pape\u017eem, sna\u017e\u00ed u\u010dinit c\u00edrkev vst\u0159\u00edcn\u011bj\u0161\u00ed pro LGBTQ komunitu, ani\u017e by \u00fadajn\u011b\u00a0 ohrozil mor\u00e1ln\u00ed doktr\u00ednu v\u00edry o svazc\u00edch osob stejn\u00e9ho pohlav\u00ed nebo homosexu\u00e1ln\u00edch man\u017eelstv\u00edch. V \u0159\u00edjnu pape\u017e Franti\u0161ek nazna\u010dil, \u017ee se bl\u00ed\u017e\u00ed ofici\u00e1ln\u00ed zm\u011bna dogmatick\u00e9 politiky t\u00fdkaj\u00edc\u00ed se po\u017eehn\u00e1n\u00ed LGBTQ.<\/span><\/p>\n<p><span>Minul\u00fd m\u011bs\u00edc pape\u017e Franti\u0161ek odvolal texask\u00e9ho biskupa Josepha Stricklanda, kter\u00fd byl hlasit\u00fdm odp\u016frcem Franti\u0161kova snah roz\u0161\u00ed\u0159it pole p\u016fsobnosti C\u00edrkve na LGBTQ komunitu. Strickland nazval vyv\u00edjej\u00edc\u00ed se postoje C\u00edrkve k ot\u00e1zk\u00e1m, jako jsou pr\u00e1va transgender\u016f,\u00a0<\/span><em><span>\u201etravestie\u201c.<\/span><\/em><\/p>\n<p><span>Otec James Martin, americk\u00fd jezuitsk\u00fd kn\u011bz a prominentn\u00ed zast\u00e1nce LGBTQ z\u00e1le\u017eitost\u00ed, \u0159ekl, \u017ee ozn\u00e1men\u00ed Vatik\u00e1nu je\u00a0<\/span><em><span>\u201evelk\u00fdm krokem vp\u0159ed.\u201c<\/span><\/em><span>\u00a0V pond\u011bl\u00ed na X (d\u0159\u00edve Twitter) uvedl, \u017ee prohl\u00e1\u0161en\u00ed Vatik\u00e1nu\u00a0<\/span><em><span>\u201euzn\u00e1v\u00e1 hlubokou touhu mnoha katolick\u00fdch p\u00e1r\u016f stejn\u00e9ho pohlav\u00ed po Bo\u017e\u00ed p\u0159\u00edtomnosti v jejich l\u00e1skypln\u00fdch vztaz\u00edch.\u201c<\/span><\/em><\/p>\n<p><span>C\u00edrkev tradi\u010dn\u011b u\u010dila, \u017ee n\u00e1klonnost ke stejn\u00e9mu pohlav\u00ed nen\u00ed h\u0159\u00edch, ale \u00fa\u010dast na homosexu\u00e1ln\u00edch aktech ano. Biskupov\u00e9 v n\u011bkter\u00fdch zem\u00edch d\u0159\u00edve povolili kn\u011b\u017e\u00edm \u017eehnat p\u00e1r\u016fm stejn\u00e9ho pohlav\u00ed, ale zast\u0159e\u0161uj\u00edc\u00ed postaven\u00ed C\u00edrkve z\u016fstalo nejasn\u00e9.<\/span><\/p>\n<p><span style=\"font-size: 10pt;\"><em><strong>\u00davodn\u00ed fotografie:<\/strong> D\u011bti dr\u017e\u00ed duhovou vlajku, zat\u00edmco pape\u017e Franti\u0161ek mluv\u00ed k davu b\u011bhem sv\u00e9 modlitby And\u011bl P\u00e1n\u011b z okna apo\u0161tolsk\u00e9ho pal\u00e1ce s v\u00fdhledem na Svatopetrsk\u00e9 n\u00e1m\u011bst\u00ed ve Vatik\u00e1nu\u00a0\u00a9\u00a0Getty Images \/\u00a0Skupina Antoine Mekary\/Godong\/Universal Images prost\u0159ednictv\u00edm Getty Images<\/em><\/span><\/p>\n<p><img decoding=\"async\" loading=\"lazy\" class=\"alignnone size-full wp-image-1185\" src=\"http:\/\/www.infokuryr.cz\/n\/wp-content\/uploads\/2021\/04\/kuryr-podpis.png\" alt=\"\" width=\"84\" height=\"24\" \/><\/p>\n<p>&nbsp;<\/p>\n<p>&nbsp;<\/p>\n","protected":false},"excerpt":{"rendered":"<p>Katolick\u00e9 c\u00edrkev zavr\u0161ila tot\u00e1ln\u00ed odklon od Kristova u\u010den\u00ed a prohl\u00e1sila po\u017eehn\u00e1n\u00ed pro osoby stejn\u00e9ho pohlav\u00ed&#8230;<\/p>\n","protected":false},"author":2,"featured_media":42911,"comment_status":"closed","ping_status":"closed","sticky":false,"template":"","format":"standard","meta":[],"categories":[7],"tags":[241,6228,329,6523],"_links":{"self":[{"href":"https:\/\/www.infokuryr.cz\/n\/wp-json\/wp\/v2\/posts\/42910"}],"collection":[{"href":"https:\/\/www.infokuryr.cz\/n\/wp-json\/wp\/v2\/posts"}],"about":[{"href":"https:\/\/www.infokuryr.cz\/n\/wp-json\/wp\/v2\/types\/post"}],"author":[{"embeddable":true,"href":"https:\/\/www.infokuryr.cz\/n\/wp-json\/wp\/v2\/users\/2"}],"replies":[{"embeddable":true,"href":"https:\/\/www.infokuryr.cz\/n\/wp-json\/wp\/v2\/comments?post=42910"}],"version-history":[{"count":0,"href":"https:\/\/www.infokuryr.cz\/n\/wp-json\/wp\/v2\/posts\/42910\/revisions"}],"wp:featuredmedia":[{"embeddable":true,"href":"https:\/\/www.infokuryr.cz\/n\/wp-json\/wp\/v2\/media\/42911"}],"wp:attachment":[{"href":"https:\/\/www.infokuryr.cz\/n\/wp-json\/wp\/v2\/media?parent=42910"}],"wp:term":[{"taxonomy":"category","embeddable":true,"href":"https:\/\/www.infokuryr.cz\/n\/wp-json\/wp\/v2\/categories?post=42910"},{"taxonomy":"post_tag","embeddable":true,"href":"https:\/\/www.infokuryr.cz\/n\/wp-json\/wp\/v2\/tags?post=42910"}],"curies":[{"name":"wp","href":"https:\/\/api.w.org\/{rel}","templated":true}]}}