{"id":42902,"date":"2023-12-19T05:09:34","date_gmt":"2023-12-19T04:09:34","guid":{"rendered":"http:\/\/www.infokuryr.cz\/n\/?p=42902"},"modified":"2023-12-19T05:09:34","modified_gmt":"2023-12-19T04:09:34","slug":"miroslav-petr-interview-z-roku-1981","status":"publish","type":"post","link":"https:\/\/www.infokuryr.cz\/n\/2023\/12\/19\/miroslav-petr-interview-z-roku-1981\/","title":{"rendered":"Miroslav Petr: Interview z roku 1981"},"content":{"rendered":"<div id=\"fb-root\"><\/div>\n<p><em><strong>Jacques Atlali: &#8222;Za\u010dneme se star\u0161\u00edmi lidmi, proto\u017ee jakmile lid\u00e9 p\u0159es\u00e1hnou 60-65 let, \u017eij\u00ed d\u00e9le ne\u017e produkuj\u00ed a to vyjde spole\u010dnost draho. Pak slab\u00ed. Pak zbyte\u010dn\u00ed, kte\u0159\u00ed spole\u010dnosti nic nep\u0159in\u00e1\u0161ej\u00ed, proto\u017ee jich bude v\u017edy v\u00edce. A p\u0159edev\u0161\u00edm hloup\u00ed.\u00a0<\/strong><\/p>\n<p>Eutan\u00e1zie bude ve v\u0161ech p\u0159\u00edpadech muset b\u00fdt z\u00e1kladn\u00edm v na\u0161ich budouc\u00edch spole\u010dnostech. Nebudeme je popravovat, ale zbav\u00edme se jich t\u00edm, \u017ee je p\u0159inut\u00edme v\u011b\u0159it, \u017ee je to pro jejich vlastn\u00ed dobro. P\u0159elidn\u011bn\u00ed, kter\u00e9 je v\u011bt\u0161inou zbyte\u010dn\u00e9, je z ekonomick\u00e9ho hlediska p\u0159\u00edli\u0161 n\u00e1kladn\u00e9.<\/p>\n<p>Soci\u00e1ln\u011b je tak\u00e9 mnohem lep\u0161\u00ed, kdy\u017e se lidsk\u00fd stroj n\u00e1hle zastav\u00ed, ne\u017e kdy\u017e se postupn\u011b zhor\u0161uje. Ani my nebudeme moci otestovat miliony a miliony lid\u00ed na jejich inteligenci, na to si m\u016f\u017eete vsadit.\u00a0<\/em><\/p>\n<p>Chyst\u00e1me se n\u011bco naj\u00edt \u010di zp\u016fsobit, pandemii zam\u011b\u0159enou na ur\u010dit\u00e9 lidi, skute\u010dn\u00e1 ekonomick\u00e1 krize nebo virus, kter\u00fd \u00fato\u010d\u00ed na star\u00e9 nebo tlust\u00e9, na tom nez\u00e1le\u017e\u00ed. Slab\u00fd tomu podlehne, vystra\u0161en\u00ed a hloup\u00ed tomu uv\u011b\u0159\u00ed a nechaj\u00ed se o\u0161et\u0159it. Postar\u00e1me se o to, aby l\u00e9\u010dba byla \u0159e\u0161en\u00edm. V\u00fdb\u011br idiot\u016f se zlikviduje s\u00e1m o sob\u011b. Jdou na vra\u017edu z vlastn\u00ed v\u016fle.&#8220;<\/p>\n<p>Na internetu se objevil tento n\u00e1zor: &#8222;Ztratili jsme pud sebez\u00e1chovy, ztratili jsme soucit, nem\u00e1me vizi, jen p\u0159e\u017e\u00edv\u00e1me. Ztratili jsme radost, ale z\u00edskali jsme zatvrzelost, cynismus a zhloupli jsme, i kdy\u017e m\u00e1me v\u00edc vysoko\u0161kolsk\u00fdch lid\u00ed. Ztratili jsme schopnost hodnotit n\u00e1ro\u010dn\u00e1 um\u011bleck\u00e1 d\u00edla, ale dok\u00e1\u017eeme se bavit na prostoduch\u00fdch, vulg\u00e1rn\u00edch nar\u00e1\u017ek\u00e1ch. Ztratili jsme moudrost a \u00factu na\u0161ich p\u0159edk\u016f ale z\u00edskali jsme p\u0159ehnanou a fale\u0161nou korektnost, kter\u00e1 n\u00e1s dovedla ke krachu.<\/p>\n<p>V Orwelov\u011b rom\u00e1nu byla \u010dty\u0159i ministerstva: ministerstvo l\u00e1sky, kde se mu\u010dilo, ministerstvo m\u00edru, kde hlavn\u00ed propagandou byla v\u00e1lka, ministerstvo pravdy, kde se p\u0159episovaly d\u011bjiny a ministerstvo hojnosti, kde se \u0161\u00ed\u0159il hladomor. Heslo bylo: v\u00e1lka je m\u00edr, otroctv\u00ed je svoboda, nev\u011bdomost je s\u00edla. Jako dnes- Bandera a \u0160uchevi\u010d jsou hrdinov\u00e9 a dobro,<\/p>\n<p>Hitler a fa\u0161ismus jsou zlo. To jsou ale paradoxy. Vl\u00e1da, kter\u00e1 byla zvolena z v\u016fle lidu, tvrd\u00ed, \u017ee nem\u00e1 pen\u00edze, ale na zbran\u011b pen\u00edze m\u00e1.<\/p>\n<p>Odm\u00edtli jsme zlou ruskou ropu a te\u010f ji p\u0159ekupujeme p\u0159es prost\u0159edn\u00edka t\u0159ikr\u00e1t dra\u017e\u0161\u00ed. Nepod\u00edleli jsme se na koloni\u00e1ln\u00ed politice sedmn\u00e1ct\u00e9ho a\u017e devaten\u00e1ct\u00e9ho stolet\u00ed, ale platit bychom ze solidarity m\u011bli, proto\u017ee jsme partnery EU.<\/p>\n<p>Co je n\u00e1m po tom, \u017ee Francouzi vyko\u0159is\u0165uj\u00ed Afriku dodnes, a te\u010f se div\u00ed, \u017ee je Nigerij\u010dan\u00e9 vyhnali. Co je n\u00e1m po tom, \u017ee migrace zaplavuje Evropu, a my jsme bezmocn\u00ed, ale korektn\u00ed.<\/p>\n<p>Sankcemi trp\u00edme v\u00edc jako ten, proti komu jsou uvalen\u00e9. Nedodr\u017euj\u00ed se Minsk\u00e9 dohody, Ukrajinci rusk\u00e9ho p\u016fvodu na\u0159\u00edkaj\u00ed, p\u0159i potla\u010dov\u00e1n\u00ed t\u011bchto separatist\u016f zahynulo t\u0159in\u00e1ct tis\u00edc civilist\u016f.<\/p>\n<p>M\u00edrov\u00e1 smlouva v Istanbulu byla na spadnut\u00ed, ale po p\u0159\u00edchodu Johnsta nic neplatilo.<\/p>\n<p>Azov\u0161t\u00ed fa\u0161ist\u00e9 up\u00e1lili pades\u00e1t lid\u00ed v Od\u011bse, ale &#8222;zl\u00ed&#8220; Rusi za\u00fato\u010dili na &#8222;m\u00edrumilovnou&#8220; Ukrajinu.<\/p>\n<p><a href=\"https:\/\/stranapro.cz\/\"><img decoding=\"async\" loading=\"lazy\" class=\" wp-image-40285 aligncenter\" src=\"http:\/\/www.infokuryr.cz\/n\/wp-content\/uploads\/2023\/11\/11pro-300x79.png\" alt=\"\" width=\"539\" height=\"142\" srcset=\"https:\/\/www.infokuryr.cz\/n\/wp-content\/uploads\/2023\/11\/11pro-300x79.png 300w, https:\/\/www.infokuryr.cz\/n\/wp-content\/uploads\/2023\/11\/11pro.png 363w\" sizes=\"(max-width: 539px) 100vw, 539px\" \/><\/a><\/p>\n<p>My Evropan\u00e9 jsme nekorektn\u00ed, neh\u00e1j\u00edme demokratick\u00e9 principy jedn\u00edm me\u0159\u00edtkem, jsme farizej\u0161t\u00ed a neup\u0159\u00edmn\u00ed. \u010c\u00ed je to vina? Moje. Proto\u017ee jsem nebyl dostate\u010dn\u011b d\u016frazn\u00fd. M\u00e1lo jsem upozor\u0148oval na z\u00e1rodky tohoto \u0161\u00edlenstv\u00ed, m\u00e1lo jsem burcoval, m\u00e1lo vysv\u011btloval.<\/p>\n<p>Kr\u00e1l m\u016f\u017ee pohybovat p\u011b\u0161\u00e1kem. Bude-li s tebou pohybovat kdokoli, o sv\u00e9 du\u0161i bude\u0161 rozhodovat s\u00e1m, i kdyby to byli kr\u00e1lov\u00e9 \u010di vl\u00e1dci.<\/p>\n<p>Kdy\u017e se postav\u00ed\u0161 p\u0159ed Stvo\u0159itele, nem\u016f\u017ee\u0161 \u0159\u00edkat-jin\u00ed mi p\u0159ik\u00e1zali d\u011blat to \u010di ono. To byl cit\u00e1t z filmu L. Scotta. A co vy?&#8220; Marek \u0164ap\u00e1k.<\/p>\n<p>Definice psychopata: Nem\u00e1 strach. Ud\u011bl\u00e1 cokoli. K lidem se chov\u00e1 spot\u0159ebitelsky. Kdy\u017e je pot\u0159ebuje, h\u00fd\u010dk\u00e1 si je, kdy\u017e je nepot\u0159ebuje, odhod\u00ed je. Kdy\u017e mu p\u0159ek\u00e1\u017e\u00ed, klidn\u011b je zru\u0161\u00ed. Je to rozen\u00fd v\u016fdce st\u00e1da. Nem\u00e1 strach, je charismatick\u00fd, p\u0159esv\u011bd\u010div\u00fd, prol\u017ee se v\u0161\u00edm. Dok\u00e1\u017ee b\u00fdt mil\u00fd, \u017ee mu nikdo neodol\u00e1, uvnit\u0159 je ale chladn\u00fd, bezcitn\u00fd, krut\u00fd a nelaskav\u00fd. Chyb\u00ed mu i p\u0159im\u011b\u0159en\u00e1 porce ostatn\u00edch emoc\u00ed, tak\u017ee vyhled\u00e1v\u00e1 a miluje riziko, sex a hlavn\u011b moc. Aby j\u00ed dos\u00e1hl, nen\u00ed mu nic ciz\u00ed a nen\u00ed mu nic svat\u00e9. Z\u00edsk\u00e1v\u00e1 tak obdiv pln\u00fdch dvou t\u0159etin populace se st\u00e1dn\u00edm charakterem \u010dapkov\u00fdch ovc\u00ed, kter\u00e9 be\u010d\u00ed: &#8222;t\u0159eba na jatka, jen kdy\u017e n\u00e1s vedou.&#8220;<\/p>\n<p>V antice se proslavil jako nejv\u011bt\u0161\u00ed gauner Sysifos, po kter\u00e9m si vzal jm\u00e9no spolek na\u0161ich &#8222;v\u011bdc\u016f&#8220;. V dramatu je to Richard III. a v na\u0161em st\u00e1tn\u00edm apar\u00e1tu je to nespo\u010detn\u00e9 hejno p\u0159edstavitel\u016f. Nebudu je jmenovat, abych jim d\u011blal reklamu, ale budeme je volit znovu?&#8220; Mudr Ratkin Honz\u00e1k.<\/p>\n<p>Kate\u0159ina Kone\u010dn\u00e1\u00a0 k n\u00e1vrhu rozpo\u010dtu na p\u0159\u00ed\u0161t\u00ed rok: &#8222;R\u016fst na \u0161kolstv\u00ed nepokryje ani inflaci. M\u00edstn\u00ed rozvoj je m\u00ednus 7,5, doprava m\u00ednus 9 miliard, pr\u016fmysl a obchod m\u00ednus 14 miliard K\u010d.<\/p>\n<p>EK p\u0159ij\u00edm\u00e1 na\u0159\u00edzen\u00ed, kter\u00e9 umo\u017en\u00ed nad\u00e1le dovoz ukrajinsk\u00e9ho obil\u00ed do EU s v\u00fdjimkou Polska, Ma\u010farska, Rumunska, Bulharska a Slovenska. Tyto zem\u011b se br\u00e1nily, dob\u0159e vyjedn\u00e1valy v Bruseli, a vyjednaly si z\u00e1kaz dovozu na jejich \u00fazem\u00ed. Hejkal, \u010desk\u00e1 vl\u00e1da a ministr zem\u011bd\u011blstv\u00ed na to rezignovali. Brusel nav\u00edc rozd\u011bl\u00ed t\u011bmto p\u011bti zem\u00edm sto milion\u016f euro jako od\u0161kodn\u00e9 za dopady t\u011bchto dovoz\u016f!<\/p>\n<p>V\u00a0 \u010cesk\u00e9 Skalici nepou\u0161t\u00ed do no\u010dn\u00edho klubu Ukrajince, proto\u017ee ka\u017ed\u00fd v\u00edkend zp\u016fsobuj\u00ed rva\u010dky a ni\u010den\u00ed podniku.<\/p>\n<p>M\u00e1me 400 gener\u00e1l\u016f a stoj\u00ed n\u00e1s to ro\u010dn\u011b t\u0159i \u010dtvrt\u011b miliard K\u010d.<\/p>\n<p>V Ma\u010farsku schv\u00e1lili z\u00e1kon na ochranu n\u00e1rodn\u00ed suverenity.<\/p>\n<p>OSN kone\u010dn\u011b uznala masov\u00e9 mu\u010den\u00ed Rus\u016f na Ukrajin\u011b. OSN schv\u00e1lila humanit\u00e1rn\u00ed p\u0159\u00edm\u011b\u0159\u00ed v Gaze. 153 zem\u00ed bylo pro, jen Nutela podpo\u0159il okupanty a vra\u017ed\u00edc\u00ed sionisty.<\/p>\n<p>Za trestnou \u010dinnost migrant\u016f v Rusku je automaticky okam\u017eit\u00e1 deportace. &#8222;Krut\u00fd dikt\u00e1tor&#8220; se nezap\u0159e. Tak m\u00e1 vypadat demokracie a suverenita n\u00e1roda!<\/p>\n<p>\u010cerno\u0161ka z na\u0161ich dan\u00ed dala Ukrajin\u011b vojensk\u00fd materi\u00e1l za v\u00edc ne\u017e 100 000 000 000 , slovy sto miliard K\u010d. Kdyby byla hmotn\u00e1 odpov\u011bdnost politik\u016f, byla by z n\u00ed bezdomovkyn\u011b. 90% voli\u010d\u016f odpov\u011bdnost politik\u016f odm\u00edt\u00e1!<\/p>\n<p>Nutela zaru\u010duje, \u017ee p\u0159\u00ed\u0161t\u00ed rok se ekonomika zlep\u0161\u00ed natolik, \u017ee se budou zvy\u0161ovat platy. Chocholou\u0161ku&#8230;<\/p>\n<p>Nutela fanaticky v\u011b\u0159\u00ed, \u017ee p\u0159\u00ed\u0161t\u00ed rok se zlevn\u00ed a \u017ee bude l\u00edp. Nen\u00ed schopen pochopit, \u017ee z\u00e1kladn\u00ed probl\u00e9m drahoty v\u0161eho je v elekt\u0159in\u011b. Dokud se nevy\u0159e\u0161\u00ed levn\u00e1 elekt\u0159ina, nic se nem\u016f\u017ee zlevnit. P\u0159\u00ed\u0161t\u00ed rok pr\u00fd se uk\u00e1\u017e\u00ed klady jejich ekonomiky&#8230;Nikoho nenech\u00e1me padnout.<\/p>\n<p>Skl\u00e1rna, kter\u00e1 p\u0159e\u017eila ob\u011b v\u00e1lky i EET, skon\u010dila. Skl\u00e1rna vyv\u00e1\u017eela slavn\u00e9 \u010desk\u00e9 sklo po stalet\u00ed do cel\u00e9ho sv\u011bta. a byla ocen\u011bna UNESCO!!! Nem\u011bl by za to n\u011bkdo sed\u011bt?<\/p>\n<p><a href=\"https:\/\/www.czechfreepress.cz\/dalsi-blogy\/interview-z-roku-1981.html\">Miroslav Petr<\/a><\/p>\n<p>&nbsp;<\/p>\n<p>&nbsp;<\/p>\n","protected":false},"excerpt":{"rendered":"<p>Jacques Atlali: &#8222;Za\u010dneme se star\u0161\u00edmi lidmi, proto\u017ee jakmile lid\u00e9 p\u0159es\u00e1hnou 60-65 let, \u017eij\u00ed d\u00e9le ne\u017e&#8230;<\/p>\n","protected":false},"author":2,"featured_media":27938,"comment_status":"closed","ping_status":"closed","sticky":false,"template":"","format":"standard","meta":[],"categories":[6],"tags":[29,371,122],"_links":{"self":[{"href":"https:\/\/www.infokuryr.cz\/n\/wp-json\/wp\/v2\/posts\/42902"}],"collection":[{"href":"https:\/\/www.infokuryr.cz\/n\/wp-json\/wp\/v2\/posts"}],"about":[{"href":"https:\/\/www.infokuryr.cz\/n\/wp-json\/wp\/v2\/types\/post"}],"author":[{"embeddable":true,"href":"https:\/\/www.infokuryr.cz\/n\/wp-json\/wp\/v2\/users\/2"}],"replies":[{"embeddable":true,"href":"https:\/\/www.infokuryr.cz\/n\/wp-json\/wp\/v2\/comments?post=42902"}],"version-history":[{"count":0,"href":"https:\/\/www.infokuryr.cz\/n\/wp-json\/wp\/v2\/posts\/42902\/revisions"}],"wp:featuredmedia":[{"embeddable":true,"href":"https:\/\/www.infokuryr.cz\/n\/wp-json\/wp\/v2\/media\/27938"}],"wp:attachment":[{"href":"https:\/\/www.infokuryr.cz\/n\/wp-json\/wp\/v2\/media?parent=42902"}],"wp:term":[{"taxonomy":"category","embeddable":true,"href":"https:\/\/www.infokuryr.cz\/n\/wp-json\/wp\/v2\/categories?post=42902"},{"taxonomy":"post_tag","embeddable":true,"href":"https:\/\/www.infokuryr.cz\/n\/wp-json\/wp\/v2\/tags?post=42902"}],"curies":[{"name":"wp","href":"https:\/\/api.w.org\/{rel}","templated":true}]}}